{"id":108747,"date":"2025-12-09T19:40:24","date_gmt":"2025-12-09T19:40:24","guid":{"rendered":"https:\/\/www.europesays.com\/no\/108747\/"},"modified":"2025-12-09T19:40:24","modified_gmt":"2025-12-09T19:40:24","slug":"politikk-budsjett-budsjettenighet-gir-100-millioner-til-kriserammede-bydeler","status":"publish","type":"post","link":"https:\/\/www.europesays.com\/no\/108747\/","title":{"rendered":"Politikk, Budsjett | Budsjettenighet: Gir 100 millioner til kriserammede bydeler"},"content":{"rendered":"\n<p>H\u00f8yre, Venstre, Frp og KrF er enige om en budsjettavtale som inkluderer b\u00e5de tall og politikk.<\/p>\n<p><b>\u00abDen st\u00f8rste enkeltposten i budsjettforliket er 100 millioner kroner ekstra til bydelene avsatt til kj\u00f8p av sykehjemsplasser og tilskudd til seniorsentre\u00bb, heter det i en pressemelding. <\/b><\/p>\n<p>Avisa Oslo f\u00e5r bekreftet at dette i praksis vil v\u00e6re frie midler til bydelene, som fikk et rammekutt p\u00e5 rundt en halv milliard i byr\u00e5dets opprinnelige budsjettforslag.<\/p>\n<p><b>\u2013 Jeg er veldig forn\u00f8yd med at vi har oppn\u00e5dd enighet p\u00e5 borgerlig side om Oslo- budsjettet for 2026. Alle de fire partiene er enige om at Oslo kommune har behov for omstilling og \u00e5 f\u00e5 \u00f8konomien i balanse, men endringene vi gj\u00f8r i dette forliket vil gj\u00f8re det enklere b\u00e5de for bydelene og mange andre \u00e5 komme seg igjennom en n\u00f8dvendig \u00f8konomisk hestekur, sier H\u00f8yres gruppeleder Merete Agerbak-Jensen.<\/b><\/p>\n<p>\u2013 Jeg er veldig glad for at vi n\u00e5 har sikret flertall for tidenes gr\u00f8nneste Oslo-budsjett, der byr\u00e5det kutter i m\u00e5nedskortprisen og investerer i en gr\u00f8nnere by. Samtidig er jeg forn\u00f8yd med at budsjettenigheten gir 100 millioner kroner mer til bydelene i en t\u00f8ff \u00f8konomisk tid, sier Venstres Haakon Riekeles.<\/p>\n<p>  <a href=\"https:\/\/www.ao.no\/5-128-1212892\" class=\"related-teaser has-image default-story-teaser article--c-eRUmMG article--c-eRUmMG-jKCPdD-design-default\" rel=\"nofollow noopener\" target=\"_blank\"><\/p>\n<p>    <img decoding=\"async\" loading=\"lazy\"  src=\"https:\/\/www.europesays.com\/no\/wp-content\/uploads\/2025\/12\/busskarlmartin__2_.jpg\" alt=\"\" class=\"brick-c-cFOWSL\" style=\"\"\/><\/p>\n<p>\n            Les ogs\u00e5<\/p>\n<p>              Vil selge Oslos gigant-busselskap\n        <\/p>\n<p>  <\/a><br \/>\n  Priskutt i beboerparkering<\/p>\n<p>Budsjettet<a href=\"https:\/\/www.ao.no\/na-kutter-prisene-kraftig-en-kursendring-fra-mdgs-regime\/s\/5-128-1212786\" rel=\"Follow nofollow noopener\" target=\"_blank\"> inneb\u00e6rer store priskutt<\/a> for beboerparkering i indre by og tiln\u00e6rmet gratis parkering i ytre by p\u00e5 l\u00f8rdager (1 krone).<\/p>\n<p>\u2013 Vi \u00f8ker ogs\u00e5 fremkommeligheten og sikrer flere motorsykkelparkeringsplasser. Det er gode nyheter for mange og et tydelig Frp-stempel p\u00e5 budsjettet, sier Magnus Birkelund (Frp).<\/p>\n<p>  <a href=\"https:\/\/www.ao.no\/5-128-1212786\" class=\"related-teaser has-image default-story-teaser article--c-eRUmMG article--c-eRUmMG-jKCPdD-design-default\" rel=\"nofollow noopener\" target=\"_blank\"><\/p>\n<p>    <img decoding=\"async\" loading=\"lazy\"  src=\"https:\/\/www.europesays.com\/no\/wp-content\/uploads\/2025\/12\/bj%C3%B8rnevik2.JPG\" alt=\"\" class=\"brick-c-cFOWSL\" style=\"\"\/><\/p>\n<p>\n            Les ogs\u00e5<\/p>\n<p>              Kutter prisene kraftig: \u2013 En kursendring fra MDGs regime\n        <\/p>\n<p>  <\/a><\/p>\n<p><b>KrFs \u00d8yvind H\u00e5brekke jubler p\u00e5 sin side over en rekke gjennomslag, deriblant 15 millioner kroner ekstra til l\u00e6reb\u00f8ker i Oslo-skolen, tilsvarende sum til kirkevedlikehold og 12,5 millioner kroner til universell utforming p\u00e5 T-banen.<\/b><\/p>\n<p>I tillegg mottar en rekke frivillige organisasjoner ekstra st\u00f8tte som f\u00f8lge av forliket og det settes av penger til ulike form\u00e5l.<\/p>\n<p>Under kan du lese en oversikt over endringene:<\/p>\n<p>            Disse endringene er de enige om<\/p>\n<ul>\n<li>Eldrepakke (kj\u00f8p av sykehjemsplasser, seniorsentre) 100 mill.<\/li>\n<li>Rosa busser, s\u00e6rskilt fordeling: &#8211; 7 mill<\/li>\n<li>Bl\u00e5 Kors, Barnas Stasjon: 2 mill<\/li>\n<li>Den Norske Kirke &#8211; styrking av diakontjenesten 2 mill<\/li>\n<li>Kompensere bydelene for reduksjon av gategrunnsleie: 1,2 mill<\/li>\n<li>Trykte l\u00e6remidler 1. til 10 trinn: 15 mill<\/li>\n<li>D\u00f8veforbundet: 1 mill<\/li>\n<li>Oslo Demensforening: 500.000<\/li>\n<li>Stiftelsen Retretten: 500.000<\/li>\n<li>\u00c9gal teater: 500.000<\/li>\n<li>Frelsesarmeen, Jobben: 1 mill<\/li>\n<li>Maritakafeen: 400.000<\/li>\n<li>Marita Bo: 400.000<\/li>\n<li>Kirkens bymisjon, Sporet p\u00e5 Oslo S: 500.000<\/li>\n<li>Aktiv p\u00e5 dagtid: 500.000<\/li>\n<li>KI Turnus: 6 mill.<\/li>\n<li>Innovasjons- og kompetansefond -26 mill<\/li>\n<li>Parkering &#8211; 40% reduksjon i prisen for beboerparkering i indre by: 27 mill<\/li>\n<li>1 krone parkeringsavgift ytre by l\u00f8rdag 15 mill<\/li>\n<li>Frelsesarmeen, Stedet Vest: 300.000<\/li>\n<li>Frelsesarmeen, Gatefotball: 400.000<\/li>\n<li>Caritas ressurssenter: 500.000<\/li>\n<li>KULT Kunst, kultur og kirke: 110.000<\/li>\n<li>Stiftelsen Oslo domkor: 200.000<\/li>\n<li>Oslo internasjonale kirkemusikkfestival: 300<\/li>\n<li>Hjelpemiddelformidlingen 1,2 mill<\/li>\n<li>ROS: 1 mill<\/li>\n<li>STL: 500.000<\/li>\n<li>Det norske jentekor: 250.000<\/li>\n<li>Rammekutt administrasjon: &#8211; 6,5 mill<\/li>\n<li>Norway Cup: 2 mill<\/li>\n<li>Kia \u00d8st: 400.000 kr<\/li>\n<li>Sub scene: 200.000 kr<\/li>\n<li>Frelsesarmeen, P\u00e5r\u00f8rendehuset: 500.000<\/li>\n<li>KFUM\/KFUK Forandringshuset: 500.000<\/li>\n<li>Sosialagentene Gamle Oslo 3,1 millioner<\/li>\n<\/ul>\n<p>Sum endringer: 145.5 mill kr<\/p>\n<p>  Fikk ikke flyktning-gjennomslag<\/p>\n<p>Avisa Oslo f\u00e5r beskrevet konstruktive forhandlinger mellom de borgerlige partene. Den store krangelen skal ha dreid seg om Frps krav om null bosatte flyktninger i Oslo neste \u00e5r. Dette ga ikke H\u00f8yre, Venstre og KrF etter for. Oslo kommer til \u00e5 f\u00f8lge opp IMDis anmodning om 600 flyktninger bosatt i 2026.<\/p>\n<p>  <a href=\"https:\/\/www.ao.no\/5-128-1207924\" class=\"related-teaser has-image default-story-teaser article--c-eRUmMG article--c-eRUmMG-jKCPdD-design-default\" rel=\"nofollow noopener\" target=\"_blank\"><\/p>\n<p>    <img decoding=\"async\" loading=\"lazy\"  src=\"https:\/\/www.europesays.com\/no\/wp-content\/uploads\/2025\/12\/1765309215_101_birkelund5.jpg\" alt=\"\" class=\"brick-c-cFOWSL\" style=\"\"\/><\/p>\n<p>\n            Les ogs\u00e5<\/p>\n<p>              Avisa Oslo avsl\u00f8rer: Flyktning-krangel bak lukkede d\u00f8rer. Kan velte hele Oslo-budsjettet\n        <\/p>\n<p>  <\/a><\/p>\n<p>Ettersom de borgerlige har flertall i bystyret, har de makta til \u00e5 vedta budsjettet. Styrkingen av bydelenes budsjett er ikke p\u00e5 langt n\u00e6r nok til \u00e5 dekke omstillingsbehovet ute i bydelene.<\/p>\n<p>Dermed blir det kutt i tjenester, tilbud og administrasjon.<\/p>\n<p>\u2013 Frp har solgt seg billig<\/p>\n<p>\u2013 Denne budsjettenigheten legger opp til de mest dramatiske velferdskuttene i Oslos nyere historie, sier Marthe Scharning Lund, gruppeleder i Oslo Ap.<\/p>\n<p>Hun sier budsjettet vil f\u00e5 dramatiske konsekvenser for barnevern, forebyggende kriminalitetsarbeid, frivillighet, fritidsklubber og eldreomsorg.<\/p>\n<p>   <img decoding=\"async\" width=\"8192\" height=\"5464\" fetchpriority=\"low\"  loading=\"lazy\"  src=\"https:\/\/www.europesays.com\/no\/wp-content\/uploads\/2025\/12\/vippetang10_1.JPG\" alt=\"\" class=\"brick-c-cFOWSL\" style=\"--brick-image-ratio: 8192 \/ 5464;\"\/><\/p>\n<p>      Aps gruppeleder Marthe Scharning Lund.<br \/>\n      Foto: Karl Martin Jakobsen\/Avisa Oslo\n    <\/p>\n<p>\u2013 Det borgerlige flertallet har f\u00e5tt 500 millioner kroner servert p\u00e5 s\u00f8lvfat av de r\u00f8dgr\u00f8nne p\u00e5 Stortinget, men klarer likevel det kunststykket \u00e5 ikke reversere de massive velferdskuttene som rammer Oslo. Det viser nok en gang at de ikke forst\u00e5r alvoret i situasjonen, og at de kutter i velferden fordi de vil, ikke fordi de m\u00e5.<\/p>\n<p>Omar Samy Gamal i Oslo SV sier barn og unge er de store taperne i dette budsjettet.<\/p>\n<p>\u2013 Alt de f\u00e5r er kutt i skolen, kutt i barnehagene, og kutt i forebygging av ungdomskriminalitet.<\/p>\n<p>\u2013 \u2060Her m\u00e5 jeg si at Frp har solgt seg billig. Det kommer til \u00e5 bli f\u00e6rre som f\u00e5r sykehjemsplass med dette FirstPrice-forliket, fortsetter han.<\/p>\n<p>   <img decoding=\"async\" width=\"8192\" height=\"5464\" fetchpriority=\"low\"  loading=\"lazy\"  src=\"https:\/\/www.europesays.com\/no\/wp-content\/uploads\/2025\/12\/omar1.JPG\" alt=\"\" class=\"brick-c-cFOWSL\" style=\"--brick-image-ratio: 8192 \/ 5464;\"\/><\/p>\n<p>      SV-politiker Omar Samy Gamal.<br \/>\n      Foto: Karl Martin Jakobsen \/ Avisa Oslo\n    <\/p>\n<p>  \u2013 Gr\u00e5tt og iskaldt<\/p>\n<p>Gruppeleder for MDG, Sirin Stav, mener Venstre har latt Frp f\u00e5 gjennomslag for \u00e5 dra Oslo tilbake inn i fremtiden, og trekker frem at budsjettet prioriterer penger til billigere parkering over barn og unge.<\/p>\n<p>Hun mener det blir \u00abmer biltrafikk, k\u00f8, kork og kaos, og mindre til kollektiv, sykkel, gange og gr\u00f8nne satsinger\u00bb.<\/p>\n<p>   <img decoding=\"async\" width=\"8147\" height=\"5364\" fetchpriority=\"low\"  loading=\"lazy\"  src=\"https:\/\/www.europesays.com\/no\/wp-content\/uploads\/2025\/12\/sirin10__1_.jpg\" alt=\"MDG-gruppeleder Sirin Stav er ogs\u00e5 leder i bystyrets samferdsels- og milj\u00f8utvalg.\" class=\"brick-c-cFOWSL\" style=\"--brick-image-ratio: 8147 \/ 5364;\"\/><\/p>\n<p>      MDG-gruppeleder Sirin Stav reagerer p\u00e5 pengene til bil og parkering.<br \/>\n      Foto: Karl Martin Jakobsen \/ Avisa Oslo\n    <\/p>\n<p>\u2013 Dette budsjettforliket gj\u00f8r byr\u00e5dets gr\u00e5 og iskalde budsjett enda gr\u00e5ere. Det er hjerter\u00e5tt, og viser at de kutter fordi de vil, ikke fordi de m\u00e5, skriver Stav til Avisa Oslo.<\/p>\n<p>\u2013 80-tallet ringte og ville ha ideene sine tilbake, legger hun til.<\/p>\n<p><b>Les mer her:<\/b><\/p>\n<p>  <a href=\"https:\/\/www.ao.no\/5-128-1211574\" class=\"related-teaser has-image default-story-teaser article--c-eRUmMG article--c-eRUmMG-jKCPdD-design-default\" rel=\"nofollow noopener\" target=\"_blank\"><\/p>\n<p>    <img decoding=\"async\" loading=\"lazy\"  src=\"https:\/\/www.europesays.com\/no\/wp-content\/uploads\/2025\/12\/barneh6.JPG\" alt=\"\" class=\"brick-c-cFOWSL\" style=\"\"\/><\/p>\n<p>\n            Les ogs\u00e5<\/p>\n<p>              Frykter kappl\u00f8p gjennom hele Oslo etter kuttforslag. For andre er det enda verre\n        <\/p>\n<p>  <\/a><\/p>\n<p>  <a href=\"https:\/\/www.ao.no\/5-128-1191001\" class=\"related-teaser has-image default-story-teaser article--c-eRUmMG article--c-eRUmMG-jKCPdD-design-default\" rel=\"nofollow noopener\" target=\"_blank\"><\/p>\n<p>    <img decoding=\"async\" loading=\"lazy\"  src=\"https:\/\/www.europesays.com\/no\/wp-content\/uploads\/2025\/12\/0A0A0294.JPG\" alt=\"\" class=\"brick-c-cFOWSL\" style=\"\"\/><\/p>\n<p>\n            Les ogs\u00e5<\/p>\n<p>              Krisa henger som en m\u00f8rk sky over Oslo: Legger fram redningspakke og stiller ultimatum\n        <\/p>\n<p>  <\/a><\/p>\n<p>  <a href=\"https:\/\/www.ao.no\/5-128-1209194\" class=\"related-teaser has-image default-story-teaser article--c-eRUmMG article--c-eRUmMG-jKCPdD-design-default\" rel=\"nofollow noopener\" target=\"_blank\"><\/p>\n<p>    <img decoding=\"async\" loading=\"lazy\"  src=\"https:\/\/www.europesays.com\/no\/wp-content\/uploads\/2025\/12\/photo+-+2025-12-04T181114.484.jpg\" alt=\"\" class=\"brick-c-cFOWSL\" style=\"\"\/><\/p>\n<p>\n            Les ogs\u00e5<\/p>\n<p>              Hundrevis m\u00f8tte opp til protest: \u2013 Vi finner oss ikke i det lenger\n        <\/p>\n<p>  <\/a><\/p>\n<p>  <a href=\"https:\/\/www.ao.no\/5-128-1201125\" class=\"related-teaser has-image default-feature-teaser article--c-eRUmMG article--c-eRUmMG-jKCPdD-design-default\" rel=\"nofollow noopener\" target=\"_blank\"><\/p>\n<p>    <img decoding=\"async\" loading=\"lazy\"  src=\"https:\/\/www.europesays.com\/no\/wp-content\/uploads\/2025\/12\/broa15.JPG\" alt=\"\" class=\"brick-c-cFOWSL\" style=\"\"\/><\/p>\n<p>\n            Les ogs\u00e5<\/p>\n<p>              Skal spare penger. Harald kan miste \u00abfamilien\u00bb han har hatt i 26 \u00e5r: \u2013 Helt horribelt\n        <\/p>\n<p>  <\/a><\/p>\n<p>  <a href=\"https:\/\/www.ao.no\/5-128-1197752\" class=\"related-teaser has-image default-story-teaser article--c-eRUmMG article--c-eRUmMG-jKCPdD-design-default\" rel=\"nofollow noopener\" target=\"_blank\"><\/p>\n<p>    <img decoding=\"async\" loading=\"lazy\"  src=\"https:\/\/www.europesays.com\/no\/wp-content\/uploads\/2025\/12\/IMG_9061.jpg\" alt=\"\" class=\"brick-c-cFOWSL\" style=\"\"\/><\/p>\n<p>\n            Les ogs\u00e5<\/p>\n<p>              Falske \u00abvalgplakater\u00bb hengt opp i byen: \u2013\u00a0Trumpske metoder\n        <\/p>\n<p>  <\/a><\/p>\n<p>  <a href=\"https:\/\/www.ao.no\/5-128-1196146\" class=\"related-teaser has-image default-story-teaser article--c-eRUmMG article--c-eRUmMG-jKCPdD-design-default\" rel=\"nofollow noopener\" target=\"_blank\"><\/p>\n<p>    <img decoding=\"async\" loading=\"lazy\"  src=\"https:\/\/www.europesays.com\/no\/wp-content\/uploads\/2025\/12\/IMG_0529.JPG\" alt=\"\" class=\"brick-c-cFOWSL\" style=\"\"\/><\/p>\n<p>\n            Les ogs\u00e5<\/p>\n<p>              Vil vrake 50 kroners kutt og gi gratis kollektivtransport til rundt 100.000 barn\n        <\/p>\n<p>  <\/a><\/p>\n","protected":false},"excerpt":{"rendered":"H\u00f8yre, Venstre, Frp og KrF er enige om en budsjettavtale som inkluderer b\u00e5de tall og politikk. \u00abDen st\u00f8rste&hellip;\n","protected":false},"author":2,"featured_media":108748,"comment_status":"","ping_status":"","sticky":false,"template":"","format":"standard","meta":{"footnotes":""},"categories":[10],"tags":[36,20,21,2812,9598,24,25,15,22,23,13,30,28,29,14,16,41,1510,26,27],"class_list":{"0":"post-108747","1":"post","2":"type-post","3":"status-publish","4":"format-standard","5":"has-post-thumbnail","7":"category-norge","8":"tag-art","9":"tag-breaking-news","10":"tag-breakingnews","11":"tag-budsjett","12":"tag-byradet","13":"tag-featured-news","14":"tag-featurednews","15":"tag-headlines","16":"tag-latest-news","17":"tag-latestnews","18":"tag-news","19":"tag-no","20":"tag-norge","21":"tag-norway","22":"tag-nyheter","23":"tag-overskrifter","24":"tag-politikk","25":"tag-story","26":"tag-top-stories","27":"tag-topstories"},"share_on_mastodon":{"url":"https:\/\/pubeurope.com\/@no\/115691311892069120","error":""},"_links":{"self":[{"href":"https:\/\/www.europesays.com\/no\/wp-json\/wp\/v2\/posts\/108747","targetHints":{"allow":["GET"]}}],"collection":[{"href":"https:\/\/www.europesays.com\/no\/wp-json\/wp\/v2\/posts"}],"about":[{"href":"https:\/\/www.europesays.com\/no\/wp-json\/wp\/v2\/types\/post"}],"author":[{"embeddable":true,"href":"https:\/\/www.europesays.com\/no\/wp-json\/wp\/v2\/users\/2"}],"replies":[{"embeddable":true,"href":"https:\/\/www.europesays.com\/no\/wp-json\/wp\/v2\/comments?post=108747"}],"version-history":[{"count":0,"href":"https:\/\/www.europesays.com\/no\/wp-json\/wp\/v2\/posts\/108747\/revisions"}],"wp:featuredmedia":[{"embeddable":true,"href":"https:\/\/www.europesays.com\/no\/wp-json\/wp\/v2\/media\/108748"}],"wp:attachment":[{"href":"https:\/\/www.europesays.com\/no\/wp-json\/wp\/v2\/media?parent=108747"}],"wp:term":[{"taxonomy":"category","embeddable":true,"href":"https:\/\/www.europesays.com\/no\/wp-json\/wp\/v2\/categories?post=108747"},{"taxonomy":"post_tag","embeddable":true,"href":"https:\/\/www.europesays.com\/no\/wp-json\/wp\/v2\/tags?post=108747"}],"curies":[{"name":"wp","href":"https:\/\/api.w.org\/{rel}","templated":true}]}}