{"id":108762,"date":"2025-12-09T19:50:09","date_gmt":"2025-12-09T19:50:09","guid":{"rendered":"https:\/\/www.europesays.com\/no\/108762\/"},"modified":"2025-12-09T19:50:09","modified_gmt":"2025-12-09T19:50:09","slug":"rita-eriksen-og-dag-vagle-er-klare-for-en-rekke-julekonserter-i-stavanger-omradet","status":"publish","type":"post","link":"https:\/\/www.europesays.com\/no\/108762\/","title":{"rendered":"Rita Eriksen og Dag Vagle er klare for en rekke julekonserter i Stavanger-omr\u00e5det"},"content":{"rendered":"<p class=\"extendedContent hyperion-css-hxzb59\" data-test-tag=\"lead-text\">Julekonsertsesongen er i gang for fullt. Dag Vagle og Rita Eriksen er to av mange lokale artister som gleder seg til \u00e5 f\u00e5 deg i julestemning.<\/p>\n<p><img decoding=\"async\" class=\"image-asset hyperion-css-u06ts1\" data-test-tag=\"image-asset\" src=\"https:\/\/www.europesays.com\/no\/wp-content\/uploads\/2025\/12\/496326ee-81b3-4c8b-8f06-cacd16031eaa\"  alt=\"Dag Vagle og Rita Eriksen har st\u00e5tt bak \u00abVinterlys\u00bb-konsertene i flere \u00e5r. Denne julen er de ogs\u00e5 med p\u00e5 den store julekonserten til SSO.\"  loading=\"eager\" fetchpriority=\"high\" style=\"aspect-ratio:1900 \/ 995\"\/>Dag Vagle og Rita Eriksen har st\u00e5tt bak \u00abVinterlys\u00bb-konsertene i flere \u00e5r. Denne julen er de ogs\u00e5 med p\u00e5 den store julekonserten til SSO. Foto: Fredrik RefvemPublisert: Publisert: <\/p>\n<p>For mindre enn 40 minutter siden<\/p>\n<p class=\"hyperion-css-1qm9e9t\">Les hele saken med abonnement<\/p>\n<p>Allerede abonnent? Logg inn<\/p>\n","protected":false},"excerpt":{"rendered":"Julekonsertsesongen er i gang for fullt. Dag Vagle og Rita Eriksen er to av mange lokale artister som&hellip;\n","protected":false},"author":2,"featured_media":108763,"comment_status":"","ping_status":"","sticky":false,"template":"","format":"standard","meta":{"footnotes":""},"categories":[58],"tags":[71,30,28,29,72],"class_list":{"0":"post-108762","1":"post","2":"type-post","3":"status-publish","4":"format-standard","5":"has-post-thumbnail","7":"category-underholdning","8":"tag-entertainment","9":"tag-no","10":"tag-norge","11":"tag-norway","12":"tag-underholdning"},"share_on_mastodon":{"url":"https:\/\/pubeurope.com\/@no\/115691351322516873","error":""},"_links":{"self":[{"href":"https:\/\/www.europesays.com\/no\/wp-json\/wp\/v2\/posts\/108762","targetHints":{"allow":["GET"]}}],"collection":[{"href":"https:\/\/www.europesays.com\/no\/wp-json\/wp\/v2\/posts"}],"about":[{"href":"https:\/\/www.europesays.com\/no\/wp-json\/wp\/v2\/types\/post"}],"author":[{"embeddable":true,"href":"https:\/\/www.europesays.com\/no\/wp-json\/wp\/v2\/users\/2"}],"replies":[{"embeddable":true,"href":"https:\/\/www.europesays.com\/no\/wp-json\/wp\/v2\/comments?post=108762"}],"version-history":[{"count":0,"href":"https:\/\/www.europesays.com\/no\/wp-json\/wp\/v2\/posts\/108762\/revisions"}],"wp:featuredmedia":[{"embeddable":true,"href":"https:\/\/www.europesays.com\/no\/wp-json\/wp\/v2\/media\/108763"}],"wp:attachment":[{"href":"https:\/\/www.europesays.com\/no\/wp-json\/wp\/v2\/media?parent=108762"}],"wp:term":[{"taxonomy":"category","embeddable":true,"href":"https:\/\/www.europesays.com\/no\/wp-json\/wp\/v2\/categories?post=108762"},{"taxonomy":"post_tag","embeddable":true,"href":"https:\/\/www.europesays.com\/no\/wp-json\/wp\/v2\/tags?post=108762"}],"curies":[{"name":"wp","href":"https:\/\/api.w.org\/{rel}","templated":true}]}}