{"id":108766,"date":"2025-12-09T19:59:50","date_gmt":"2025-12-09T19:59:50","guid":{"rendered":"https:\/\/www.europesays.com\/no\/108766\/"},"modified":"2025-12-09T19:59:50","modified_gmt":"2025-12-09T19:59:50","slug":"marius-borg-hoiby-bryter-besoksforbudet-igjen-festet-med-eksens-familie","status":"publish","type":"post","link":"https:\/\/www.europesays.com\/no\/108766\/","title":{"rendered":"Marius Borg H\u00f8iby bryter bes\u00f8ksforbudet igjen: Festet med eksens familie"},"content":{"rendered":"<p>SE OG H\u00d8R AVSL\u00d8RER: Om dr\u00f8yt to m\u00e5neder skal Marius Borg H\u00f8iby (28) m\u00f8te som tiltalt i Oslo tingrett. Da skal han svare for over 30 alvorlige forhold \u2013 blant dem fire voldtekter, mishandling i n\u00e6re relasjoner, grov vold, skadeverk og flere brudd p\u00e5 bes\u00f8ksforbud.<\/p>\n<p>        <img loading=\"lazy\" decoding=\"async\" src=\"https:\/\/www.europesays.com\/no\/wp-content\/uploads\/2025\/12\/83940041.webp\" width=\"686\" height=\"659\" title=\"PARTY-STEMNING: Det var tydeligvis god stemning da Frogner-kvinnen var p\u00e5 by'n i Oslo sammen med sin far og sin bror natt til 9. november. Dette bildet fra utestedet IVY la faren ut p\u00e5 sin Instagram-konto mandagen etter. Foto: Privat\/Instagram\" alt=\"\" class=\"\" style=\"--aspect-ratio-image: 1.04; \"\/><\/p>\n<p>\n        PARTY-STEMNING: Det var tydeligvis god stemning da Frogner-kvinnen var p\u00e5 by&#8217;n i Oslo sammen med sin far og sin bror natt til 9. november. Dette bildet fra utestedet IVY la faren ut p\u00e5 sin Instagram-konto mandagen etter. Foto: Privat\/Instagram\n    <\/p>\n<p>Saken omtales allerede som en av de mest alvorlige som noen gang har ber\u00f8rt det norske kongehuset.<\/p>\n<p>        HYLLET KONG HARALD: Trygve Bennetsen avsl\u00f8rer at han pratet med venninnen, prinsesse Ingrid Alexandra, f\u00f8r \u00abSkal vi danse\u00bb-hyllesten til hennes bestefar. I tillegg r\u00f8per han hvorfor han fikk kjeft av produksjonen f\u00f8r sendingen. Reporter: Thea Hope. Video: Nora Skavhaug\/ Sanne Holt\/ \u00abSkal vi danse\u00bb\/ TV 2\/ R\u00f8d L\u00f8per<\/p>\n<p class=\"font-weight-bold m-font-weight-bold\" data-lab-font_weight=\"font-weight-bold\">Likevel har Marius det siste \u00e5ret levd p\u00e5 en m\u00e5te som ikke st\u00e5r helt i stil med alvoret i saken mot ham.<\/p>\n<p>        <img loading=\"lazy\" decoding=\"async\" src=\"https:\/\/www.europesays.com\/no\/wp-content\/uploads\/2025\/12\/83936207.webp\" width=\"686\" height=\"494\" title=\"SAMMEN I BILEN: 10 dager etter den sjokkerende voldshendelsen hjemme i leiligheten til eks-kj\u00e6resten i august 2024, ble Marius Borg H\u00f8iby fotografert sammen med henne i bil utenfor Skaugum. Han har n\u00e5 bes\u00f8ksforbud mot henne. Likevel m\u00f8tes de fortsatt. Foto: Shad Madian\" alt=\"\" class=\"\" style=\"--aspect-ratio-image: 1.39; \"\/><\/p>\n<p>\n        SAMMEN I BILEN: 10 dager etter den sjokkerende voldshendelsen hjemme i leiligheten til eks-kj\u00e6resten i august 2024, ble Marius Borg H\u00f8iby fotografert sammen med henne i bil utenfor Skaugum. Han har n\u00e5 bes\u00f8ksforbud mot henne. Likevel m\u00f8tes de fortsatt. Foto: Shad Madian\n    <\/p>\n<p>Forrige uke kunne Se og H\u00f8r avsl\u00f8re at han har flyttet fra nabohuset p\u00e5 Skaugum og inn i en romslig leilighet i et eksklusivt boligkompleks p\u00e5 Frogner.\u00a0<\/p>\n<p>Der bor han n\u00e5 i et nabolag med ambassader, rolige sidegater, motstr\u00f8msbasseng i kjelleren og heis rett opp fra garasjen.<\/p>\n<p>        <img loading=\"lazy\" decoding=\"async\" src=\"https:\/\/www.europesays.com\/no\/wp-content\/uploads\/2025\/12\/83936205.webp\" width=\"686\" height=\"844\" title=\"NY BOLIG: Marius Borg H\u00f8iby har nylig flyttet fra Skaugum til Frogner. Her er han fotografert i sitt nye nabolag. Foto: Tor Lindseth\/Se og H\u00f8r\" alt=\"\" class=\"\" style=\"--aspect-ratio-image: 0.81; \"\/><\/p>\n<p>\n        NY BOLIG: Marius Borg H\u00f8iby har nylig flyttet fra Skaugum til Frogner. Her er han fotografert i sitt nye nabolag. Foto: Tor Lindseth\/Se og H\u00f8r\n    <\/p>\n<p>Etter det Se og H\u00f8r kjenner til, ligger m\u00e5nedsleien p\u00e5 rundt 30 000 kroner.<br \/>\nFortsatt vil ingen svare p\u00e5 hvem som faktisk betaler disse utgiftene.<\/p>\n<p>&#8211; Mormor betaler regningen\t<\/p>\n<p>Det er tidligere dokumentert at Marius \u2013 etter fors\u00f8ket p\u00e5 \u00e5 stanse boken \u00abHvite striper, sorte f\u00e5r\u00bb \u2013 p\u00e5dro seg advokatregninger og saksomkostninger i stor skala.\u00a0<\/p>\n<p>        <img loading=\"lazy\" decoding=\"async\" src=\"https:\/\/www.europesays.com\/no\/wp-content\/uploads\/2025\/12\/83936200.webp\" width=\"686\" height=\"611\" title=\"BESTE VESTKANT: I dette eksklusive boligkomplekset bor Marius for tiden. Foto: Andreas Fadum\/Se og H\u00f8r\" alt=\"\" class=\"\" style=\"--aspect-ratio-image: 1.12; \"\/><\/p>\n<p>\n        BESTE VESTKANT: I dette eksklusive boligkomplekset bor Marius for tiden. Foto: Andreas Fadum\/Se og H\u00f8r\n    <\/p>\n<p>I forrige uke meldte TV 2 at det var Marius Borg H\u00f8ibys egen mormor, kronprinsesse Mette-Marits mor Marit Tjessem (88), som har dekket deler av disse utgiftene. Over en halv million kroner.<\/p>\n<p>        <img loading=\"lazy\" decoding=\"async\" src=\"https:\/\/www.europesays.com\/no\/wp-content\/uploads\/2025\/12\/83956782.webp\" width=\"686\" height=\"899\" title=\"L\u00d8P OG KJ\u00d8P: - I salg n\u00e5\" alt=\"\" class=\"\" style=\"--aspect-ratio-image: 0.76; \"\/><\/p>\n<p>\n        L\u00d8P OG KJ\u00d8P: &#8211; I salg n\u00e5\n    <\/p>\n<p data-lab-font_weight=\"\">\u2013 Dette er noe vi vanligvis ikke omtaler. Men i dette tilfellet har klienten p\u00e5 grunn av medietrykket bedt om at dette opplyses. Pengene er innbetalt til v\u00e5rt kontor fra klientens mormor.\u00a0Utover dette har vi ingen kommentarer hva gjelder disse transaksjonene, uttalte advokat Elias Christiensen til kanalen.<\/p>\n<p>        <img loading=\"lazy\" decoding=\"async\" src=\"https:\/\/www.europesays.com\/no\/wp-content\/uploads\/2025\/12\/83940714.webp\" width=\"686\" height=\"508\" title=\"MORMOR BETALTE: Marit Tjessem (t.h.) betalte advokatregningen etter Marius Borg H\u00f8ibys fors\u00f8k p\u00e5 \u00e5 stanse bokutgivelsen i h\u00f8st. Foto: NTB\" alt=\"\" class=\"\" style=\"--aspect-ratio-image: 1.35; \"\/><\/p>\n<p>\n        MORMOR BETALTE: Marit Tjessem (t.h.) betalte advokatregningen etter Marius Borg H\u00f8ibys fors\u00f8k p\u00e5 \u00e5 stanse bokutgivelsen i h\u00f8st. Foto: NTB\n    <\/p>\n<p>Diskusjonen om hvem som betaler for Marius\u2019 daglige utgifter stopper imidlertid ikke med dette. Ansvarlig redakt\u00f8r i Se og H\u00f8r, Ulf Andr\u00e9 Andersen, har sterke synspunkter rundt \u00f8konomien til kronprinsesse Mette-Marits (52) s\u00f8nn.<\/p>\n<p>        NY UTVIKLING: Etter det Se og H\u00f8r erfarer, skal politiet ha funnet overgrepsmateriale mot en ny kvinne p\u00e5 mobiltelefonen til Marius Borg H\u00f8iby, datert oktober 2024. Foto og video: NTB \/ Privat \/ Politiet \/\/ Reporter: H\u00e5vard Bj\u00f8rnerem<\/p>\n<p class=\"font-weight-bold m-font-weight-bold\" data-lab-font_weight=\"font-weight-bold\">\u25fc Marius Borg H\u00f8iby hadde i fjor en inntekt p\u00e5 48 065 kroner og en formue p\u00e5 83 542 kroner.<\/p>\n<p>\u2013 Da kommer vi ikke utenom \u00e5 stille sp\u00f8rsm\u00e5l om han lever av midler som kan stamme fra kronprinsparets statlige apanasje. I s\u00e5 tilfelle kan ikke utgifter til bolig og \u00f8vrig livsf\u00f8rsel lenger sorteres som et privat anliggende, mener Andersen.<\/p>\n<p>        <img loading=\"lazy\" decoding=\"async\" src=\"https:\/\/www.europesays.com\/no\/wp-content\/uploads\/2025\/12\/83936219.webp\" width=\"980\" height=\"559\" title=\"KRITISK: Ansvarlig redakt\u00f8r i Se og H\u00f8r, Ulf Andr\u00e9 Andersen, er kritisk til manglende \u00e5penhet rundt Marius Borg H\u00f8ibys \u00f8konomi. Foto: Se og H\u00f8r\" alt=\"\" class=\"\" style=\"--aspect-ratio-image: 1.75; \"\/><\/p>\n<p>\n        KRITISK: Ansvarlig redakt\u00f8r i Se og H\u00f8r, Ulf Andr\u00e9 Andersen, er kritisk til manglende \u00e5penhet rundt Marius Borg H\u00f8ibys \u00f8konomi. Foto: Se og H\u00f8r\n    <\/p>\n<p>Advokaten bekreftet m\u00f8tet\u00a0\t<\/p>\n<p>Redakt\u00f8ren utdyper samtidig hvorfor dette ikke bare handler om en privatperson med \u00f8konomiske utfordringer.<\/p>\n<p>\u2013 Det er et alvorlig problem n\u00e5r det legges lokk p\u00e5 sp\u00f8rsm\u00e5l om \u00e5penhet rundt en \u00f8konomi som i realiteten ber\u00f8rer offentligheten, sier han.<\/p>\n<p>        EKSKLUSIVT: Se og H\u00f8r har n\u00e5 f\u00e5tt tilgang til en video fra natten der Linni Meister skal ha blitt utsatt for et overgrep av Marius Borg H\u00f8iby.<\/p>\n<p>Samtidig som kostnadene er store, vokser ogs\u00e5 sp\u00f8rsm\u00e5let om hvordan Marius forholder seg til de juridiske rammene han er underlagt.<\/p>\n<p>        <img loading=\"lazy\" decoding=\"async\" src=\"https:\/\/www.europesays.com\/no\/wp-content\/uploads\/2025\/12\/83936211.webp\" width=\"980\" height=\"559\" title=\"HER M\u00d8TTES DE: Baren \u00abF6\u00bb i Frognerveien i Oslo Her kom Marius Borg H\u00f8iby inn sammen med sin eks-kj\u00e6reste - den s\u00e5kalt \u00abFrogner-kvinnen\u00bb - onsdag 12. november. Bilde fra F6s nettsted.\" alt=\"\" class=\"\" style=\"--aspect-ratio-image: 1.75; \"\/><\/p>\n<p>\n        HER M\u00d8TTES DE: Baren \u00abF6\u00bb i Frognerveien i Oslo Her kom Marius Borg H\u00f8iby inn sammen med sin eks-kj\u00e6reste &#8211; den s\u00e5kalt \u00abFrogner-kvinnen\u00bb &#8211; onsdag 12. november. Bilde fra F6s nettsted.\n    <\/p>\n<p class=\"font-weight-normal m-font-weight-normal\" data-lab-font_weight=\"font-weight-normal\">Da Se og H\u00f8r nylig kunne avdekke at Marius og eks-kj\u00e6resten \u2013 den s\u00e5kalte \u00abFrogner-kvinnen\u00bb \u2013 satt i fortrolig samtale p\u00e5 utestedet F6 p\u00e5 Frogner onsdag 12. november, var det et tydelig brudd p\u00e5 bes\u00f8ksforbudet.<\/p>\n<p class=\"font-weight-bold m-font-weight-bold\" data-lab-font_weight=\"font-weight-bold\">\u25fc Forn\u00e6rmede er den samme kvinnen som i sin egen leilighet p\u00e5 Frogner natt til 4. august i fjor, ble utsatt for vold, trusler og skadeverk av Marius Borg H\u00f8iby. Dette er forhold han allerede har erkjent.<\/p>\n<p>Vitner p\u00e5 det popul\u00e6re drinkstedet F6 beskrev hvordan de kom inn sammen, fant et bord og ble sittende tett i den lille baren.<\/p>\n<p>        <img loading=\"lazy\" decoding=\"async\" src=\"https:\/\/www.europesays.com\/no\/wp-content\/uploads\/2025\/12\/83936213.webp\" width=\"980\" height=\"559\" title=\"HER SATT DE: Marius og eksen satt med hver sin drikke i fortrolig samtale i denne baren. Bilde fra F6s nettsted.\" alt=\"\" class=\"\" style=\"--aspect-ratio-image: 1.75; \"\/><\/p>\n<p>\n        HER SATT DE: Marius og eksen satt med hver sin drikke i fortrolig samtale i denne baren. Bilde fra F6s nettsted.\n    <\/p>\n<p>Dagen etter bekreftet forn\u00e6rmedes bistandsadvokat, Mette Yvonne Larsen, overfor Se og H\u00f8r at m\u00f8tet hadde funnet sted.<br \/>\nMed det var bes\u00f8ksforbudet brutt nok en gang \u2013 i tillegg til bruddene han allerede er tiltalt for.<\/p>\n<p>&#8211; Verdil\u00f8st bes\u00f8ksforbud\t<\/p>\n<p>Etter Se og H\u00f8rs innsynsbegj\u00e6ring ga Oslo politidistrikt tilgang til en anonymisert beslutning om forbudet. Politiadvokat Andreas Kruszewski opplyste at forbudet fortsatt gjelder, og at det er forlenget til 2. mars 2026.<\/p>\n<p>Likevel vil verken Kruszewski eller politiets pressesjef Unni T. Gr\u00f8ndal svare p\u00e5 om det dokumenterte bruddet p\u00e5 bes\u00f8ksforbudet f\u00e5r noen konsekvenser.<\/p>\n<p>I andre straffesaker \u2013 s\u00e6rlig f\u00f8r hovedforhandlinger i retten \u2013 utl\u00f8ser brudd som dette normalt en rask vurdering av strengere tiltak.<\/p>\n<p>        <img loading=\"lazy\" decoding=\"async\" src=\"https:\/\/www.europesays.com\/no\/wp-content\/uploads\/2025\/12\/83942558.webp\" width=\"686\" height=\"920\" title=\"LEVER SOM F\u00d8R: Marius Borg H\u00f8iby ser ikke ut til \u00e5 ta bes\u00f8ksforbudet mot eks-kj\u00e6resten p\u00e5 alvor. Foto: Tor Lindseth\/Se og H\u00f8r\" alt=\"\" class=\"\" style=\"--aspect-ratio-image: 0.75; \"\/><\/p>\n<p>\n        LEVER SOM F\u00d8R: Marius Borg H\u00f8iby ser ikke ut til \u00e5 ta bes\u00f8ksforbudet mot eks-kj\u00e6resten p\u00e5 alvor. Foto: Tor Lindseth\/Se og H\u00f8r\n    <\/p>\n<p class=\"font-weight-bold m-font-weight-bold\" data-lab-font_weight=\"font-weight-bold\">Marius Borg H\u00f8ibys forsvarer Petar Sekulic bekreftet samme forbud, men understreket at han var i dialog med Oslo politidistrikt om saken.<\/p>\n<p>        OVER: Se og H\u00f8r erfarer at forholdet mellom prins Sverre Magnus og Amalie Gi\u00e6ver Macleod er over. Foto: NTB \/ Andreas Fadum \/ Se og H\u00f8r \/\/ Reporter og klipp: Elise Violeta Ness Aksnes<\/p>\n<p>Hindrer nye lovbrudd\t<\/p>\n<p>I november slo <a href=\"https:\/\/lovdata.no\/dokument\/HRSTR\/avgjorelse\/hr-2025-2222-u?q=hr-2025-2222-u\" rel=\"nofollow noopener\" target=\"_blank\">H\u00f8yesterett<\/a> fast at et bes\u00f8ksforbud gjelder uavhengig om kontakten er frivillig. Domstolen opphevet en frifinnelse og understreket at forbudet skal forhindre p\u00e5virkning og nye lovbrudd &#8211; ikke speile partnenes \u00f8nsker.<\/p>\n<p>Forbudet ilegges nettopp n\u00e5r det finnes sterke psykologiske bindinger mellom partene. Det skal forhindre p\u00e5virkning f\u00f8r rettssaken, hindre nye lovbrudd og sikre vitneforklaringer.<\/p>\n<p>Gjentatte brudd f\u00f8rer til innstramming \u2013 ofte gjennom varetekt eller elektronisk kontroll som fotlenke eller omvendt voldsalarm.\u00a0<\/p>\n<p>Dette er ikke unntaksbehandling &#8211; det er standard praksis. Fordi man vil unng\u00e5 mulig vitnep\u00e5virkning.<\/p>\n<p>Ny avsl\u00f8ring\t<\/p>\n<p> I dag kan Se og H\u00f8r bringe nye opplysninger som legger ytterligere press p\u00e5 saken. Kvelden p\u00e5 F6 viser seg nemlig \u00e5 ikke ha v\u00e6rt et engangstilfelle.<\/p>\n<p>        <img loading=\"lazy\" decoding=\"async\" src=\"https:\/\/www.europesays.com\/no\/wp-content\/uploads\/2025\/12\/83936215.webp\" width=\"980\" height=\"559\" title=\"TRENDSTED: \u00abFrogner-kvinnen\u00bb festet p\u00e5 utestedet Ivy i Oslo natt til s\u00f8ndag 9. november sammen med familiemedlemmer. Foto hentet fra utestedets nettside.\" alt=\"\" class=\"\" style=\"--aspect-ratio-image: 1.75; \"\/><\/p>\n<p>\n        TRENDSTED: \u00abFrogner-kvinnen\u00bb festet p\u00e5 utestedet Ivy i Oslo natt til s\u00f8ndag 9. november sammen med familiemedlemmer. Foto hentet fra utestedets nettside.\n    <\/p>\n<p>Flere uavhengige kilder opplyser n\u00e5 at Marius og eks-kj\u00e6resten ogs\u00e5 helgen i forveien hadde v\u00e6rt ute og festet sammen.<\/p>\n<p>L\u00f8rdag kveld den 8. november startet med at \u00abFrogner-kvinnen\u00bb var p\u00e5 restaurant i Oslo og spiste middag sammen med sin bror og sin far.<\/p>\n<p>        LOFOTEN: Under en privat reise med kronprins Haakon, skal en av voldtektene Marius Borg H\u00f8iby er tiltalt for skjedd. Video: NTB \/ Instagram: @friflytfilmtour \/\/ Foto: Markus Malmin \/ Lofotposten \/ NTB \/ Se og H\u00f8r \/ Privat \/ Instagram: @trevarefabrikken \/\/ Reporter: H\u00e5vard Bj\u00f8rnerem<\/p>\n<p> Av hensyn til forn\u00e6rmedes rolle i straffesaken velger Se og H\u00f8r \u00e5 holde familiemedlemmene anonyme. <\/p>\n<p>Etter m\u00e5ltidet gikk ferden videre til utestedet IVY p\u00e5 Solli plass.<\/p>\n<p>        <img loading=\"lazy\" decoding=\"async\" src=\"https:\/\/www.europesays.com\/no\/wp-content\/uploads\/2025\/12\/83936217.webp\" width=\"686\" height=\"460\" title=\"POPUL\u00c6RT UTESTED: Baren og nattklubben IVY ligger p\u00e5 Solli Plass i Oslo - et steinkast fra Slottet.\" alt=\"\" class=\"\" style=\"--aspect-ratio-image: 1.49; \"\/><\/p>\n<p>\n        POPUL\u00c6RT UTESTED: Baren og nattklubben IVY ligger p\u00e5 Solli Plass i Oslo &#8211; et steinkast fra Slottet.\n    <\/p>\n<p>\u00abFrogner-kvinnens\u00bb far har dokumentert disse bes\u00f8kene p\u00e5 sin Instagram-konto ved \u00e5 poste flere bilder av sine barn.<\/p>\n<p>I l\u00f8pet av natten ble f\u00f8lget observert sammen med Marius Borg H\u00f8iby!<\/p>\n<p>Offeret og hennes familiemedlemmer skal ha sittet ved samme bord som Mette-Marits eldste s\u00f8nn. Dette til tross for bes\u00f8kforbudet.<\/p>\n<p>        <img loading=\"lazy\" decoding=\"async\" src=\"https:\/\/www.europesays.com\/no\/wp-content\/uploads\/2025\/12\/83942474.webp\" width=\"686\" height=\"803\" title=\"\u00abFROGNER-KVINNEN\u00bb OG BROREN: Faren til Frogner-kvinnen delte dette bildet med sine f\u00f8lgere p\u00e5 Instagram. Foto: Privat\/Instagram,\" alt=\"\" class=\"\" style=\"--aspect-ratio-image: 0.85; \"\/><\/p>\n<p>\n        \u00abFROGNER-KVINNEN\u00bb OG BROREN: Faren til Frogner-kvinnen delte dette bildet med sine f\u00f8lgere p\u00e5 Instagram. Foto: Privat\/Instagram,\n    <\/p>\n<p>En kilde beskriver festf\u00f8lget som avslappet, i godt hum\u00f8r og tydelig fortrolig. <\/p>\n<p class=\"font-weight-bold m-font-weight-bold\" data-lab-font_weight=\"font-weight-bold\">\u25fc Se og H\u00f8r har gjentatte ganger fors\u00f8kt \u00e5 komme i kontakt med faren til den forn\u00e6rmede kvinnen for kommentar til opplysningene om byturen &#8211; og datterens kontakt med Marius. Vi har ikke f\u00e5tt svar p\u00e5 v\u00e5re\u00a0 henvendelser.<\/p>\n<p>Forbud til rettssaken<\/p>\n<p>        <img loading=\"lazy\" decoding=\"async\" src=\"https:\/\/www.europesays.com\/no\/wp-content\/uploads\/2025\/12\/83087545.webp\" width=\"686\" height=\"570\" title=\"BISTANDSADVOKAT: Mette Yvonne Larsen er \u00abFrogner-kvinnens\u00bb bistandsadvokat. Hun vil denne uken ikke kommentere klientens omgang med Marius Borg H\u00f8iby. Foto: NTB\" alt=\"\" class=\"\" style=\"--aspect-ratio-image: 1.20; \"\/><\/p>\n<p>\n        BISTANDSADVOKAT: Mette Yvonne Larsen er \u00abFrogner-kvinnens\u00bb bistandsadvokat. Hun vil denne uken ikke kommentere klientens omgang med Marius Borg H\u00f8iby. Foto: NTB\n    <\/p>\n<p>Det er heller ikke kjent hvilken relasjon Marius og eks-kj\u00e6resten har i dag. Etter F6-m\u00f8tet p\u00e5 Frogner i midten av november beskrev bistandsadvokat Mette Yvonne Larsen situasjonen som:<\/p>\n<p class=\"font-weight-bold m-font-weight-bold\" data-lab-font_weight=\"font-weight-bold\">\u00abEt tilfeldig treff mellom to personer som hadde en god prat og dro hver til sitt.\u00bb<\/p>\n<p>    Sp\u00f8rsm\u00e5lene til advokaten<\/p>\n<p class=\"italic m-italic\" data-lab-italic=\"italic\">Basert p\u00e5 det p\u00e5st\u00e5tt nye bruddet p\u00e5 bes\u00f8ksforbudet har Se og H\u00f8r stilt f\u00f8lgende sp\u00f8rsm\u00e5l til eks-kj\u00e6restens bistandsadvokat Mette Yvonne Larsen:<\/p>\n<p>\u26ab\ufe0f Du har tidligere omtalt F6-m\u00f8tet p\u00e5 Frogner som et tilfeldig treff. Endrer de nye opplysningene din vurdering av om m\u00f8tet dette var tilfeldig?<\/p>\n<p>\u26ab\ufe0f\u00a0Hvordan reagerer din klient p\u00e5 at tiltalte igjen befant seg p\u00e5 samme utested som henne, til tross for et aktivt bes\u00f8ksforbud?<\/p>\n<p>\u26ab\ufe0f\u00a0Har du vurdert \u00e5 be politiet om skjerpede tiltak \u2013 for eksempel ny risikovurdering, tettere oppf\u00f8lging eller andre beskyttelsestiltak?<\/p>\n<p>\u26ab\ufe0f\u00a0Hvordan vurderer du\u00a0slike gjentatte episoder i forkant av hovedforhandlingen?<\/p>\n<p>\u26ab\ufe0f\u00a0Mener du politiet b\u00f8r reagere strengere p\u00e5 gjentatte kontaktpunkter, s\u00e6rlig med tanke p\u00e5 to hendelser innen f\u00e5 dager?<\/p>\n<p>\u26ab\ufe0f\u00a0Opplever du som bistandsadvokat at politiet til n\u00e5 har h\u00e5ndtert situasjonen tilstrekkelig og godt nok, eller forventer du en sterkere reaksjon fra deres side?<\/p>\n<p>      Vis mer<br \/>\n      Vis mindre<\/p>\n<p>N\u00e5r det n\u00e5 viser seg at de ogs\u00e5 ble observert sammen bare dager f\u00f8r dette \u2013 p\u00e5 et popul\u00e6rt utested i Oslo sentrum \u2013 sendte Se og H\u00f8r et knippe nye sp\u00f8rsm\u00e5l til bistandsadvokaten.<\/p>\n<p class=\"font-weight-bold m-font-weight-bold\" data-lab-font_weight=\"font-weight-bold\">&#8211; Jeg har lest e-posten og har ingen kommentar, skriver Mette Yvonne Larsen til Se og H\u00f8r.<\/p>\n<p>\u25fc\u00a0Bes\u00f8ksforbudet st\u00e5r uansett ved lag \u2013 og er forlenget til godt inn i hovedforhandlingen.<\/p>\n<p>        PUSHET KOKAIN: I den nye boken \u00abHvite striper, sorte f\u00e5r\u00bb fremsettes flere nye p\u00e5stander i saken rundt Marius Borg H\u00f8iby. Foto: Andreas Fadum \/ Aschehoug \/ Se og H\u00f8r \/ NTB \/\/ Video: NTB \/\/ Reporter: H\u00e5vard Bj\u00f8rnerem<\/p>\n<p>Se og H\u00f8r har n\u00e5 kunnet dokumentere to tilfeller der Marius Borg H\u00f8iby har n\u00e6r kontakt med den forn\u00e6rmede han b\u00e5de er tiltalt for vold mot \u2013 og ilagt forbud mot \u00e5 opps\u00f8ke.<\/p>\n<p>&#8211; Alvorlig inngrep\t<\/p>\n<p>S\u00e5 godt som hver eneste dag i ukene etter bruddet p\u00e5 bes\u00f8ksforbudet p\u00e5 F6 &#8211; der tilfeldigvis ogs\u00e5 de to andre forn\u00e6rmede, Linni Meister (40) og Nora Haukland (28), befant seg &#8211; har Se og H\u00f8r stilt politiet de samme sp\u00f8rsm\u00e5lene.<\/p>\n<p> Onsdag sendte vi Oslopolitiet blant annet disse sentrale sp\u00f8rsm\u00e5lene: <\/p>\n<p>    Sp\u00f8rsm\u00e5lene til politiet:<\/p>\n<p class=\"italic m-italic\" data-lab-italic=\"italic\">Basert p\u00e5 to tilfeller av brudd p\u00e5 bes\u00f8ksforbudet &#8211; der det f\u00f8rste er bekreftet av b\u00e5de forn\u00e6rmedes bistandsadvokat og Marius Borg H\u00f8ibys forsvarer &#8211; har Se og H\u00f8r stilt Oslo politidistrikt f\u00f8lgende sp\u00f8rsm\u00e5l:<\/p>\n<p>\u26ab\ufe0f\u00a0Har Oslo politidistrikt foretatt unders\u00f8kelser av hendelsen p\u00e5 utestedet F6 om kvelden onsdag 12. november, og er episoden vurdert som brudd p\u00e5 bes\u00f8ksforbudet?<\/p>\n<p>\u26ab\ufe0f\u00a0Er tiltalte under etterforskning eller vurdert siktet for et tilleggspunkt knyttet til denne hendelsen?<\/p>\n<p>\u26ab\ufe0f\u00a0Er elektronisk kontroll (omvendt voldsalarm) vurdert som tiltak, slik det \u00e5pnes for i beslutningen om bes\u00f8ksforbudet?<\/p>\n<p>\u26ab\ufe0f\u00a0Kan politiet bekrefte at det\u00a0ikke\u00a0er opprettet noen ny sak?<br \/>\u26ab\ufe0f\u00a0Er det tatt noen interne beslutninger om \u00e5\u00a0ikke\u00a0etterforske hendelsen?<\/p>\n<p>\u26ab\ufe0f\u00a0\u00a0Vil Oslo politidistrikt unders\u00f8ke den nye hendelsen om kvelden l\u00f8rdag 8. november som mulig brudd p\u00e5 bes\u00f8ksforbudet?<\/p>\n<p>\u26ab\ufe0f\u00a0Er hendelsen registrert i politiets systemer som tips, melding eller observasjon \u2013 eller ikke?<br \/>\u26ab\ufe0f\u00a0Har to separate episoder utl\u00f8st vurdering av strengere tiltak for \u00e5 beskytte forn\u00e6rmede?<\/p>\n<p>\u26ab\ufe0f\u00a0Er det aktuelt \u00e5\u00a0foreta\u00a0nye avh\u00f8r av Marius Borg H\u00f8iby om disse tilfellene? Hvis det er foretatt;\u00a0hva har kommet ut av dette?<\/p>\n<p>\u26ab\ufe0f\u00a0 Forsvarer Petar Sekulic opplyste for to uker siden til Se og H\u00f8r at han er i dialog med Oslo politidistrikt om bakgrunnen for bes\u00f8ksforbudet. Kan politiet opplyse noe om dette?<\/p>\n<p>\u26ab\ufe0f Politiet har p\u00e5 Se og H\u00f8rs sp\u00f8rsm\u00e5l gjentatte ganger uttalt \u00abVi har ikke noe nytt \u00e5 komme med\u00bb. Inneb\u00e6rer svaret at det ikke\u00a0foreg\u00e5r\u00a0unders\u00f8kelser \u2013 eller at politiet har valgt \u00e5 ikke opplyse om dem?<\/p>\n<p>      Vis mer<br \/>\n      Vis mindre<\/p>\n<p>Det eneste svaret vi frem til n\u00e5 har f\u00e5tt, er at politiet \u00abikke har noen kommentar\u00bb &#8211; selv om lovbruddet p\u00e5 F6 p\u00e5 Frogner onsdag 12. november i ettertid er bekreftet b\u00e5de av Marius Borg H\u00f8ibys egen forsvarer og eks-kj\u00e6restens bistandsadvokat.<\/p>\n<p>        BLUSSET OPP: Mens etterforskningen rundt kronprinsesses\u00f8nnens p\u00e5st\u00e5tte seksuallovbrudd var i sin sluttfase, innledet Marius\u00a0en ny fl\u00f8rt\u00a0\u2013 til sin st\u00f8ttespillers datter. Foto: Getty Images \/ Tor Lindseth \/ Se og H\u00f8r \/\/ Video: Instagram \/ @princerehan27 \/\/ Reporter: H\u00e5vard Bj\u00f8rnerem<\/p>\n<p class=\"font-weight-bold m-font-weight-bold\" data-lab-font_weight=\"font-weight-bold\">Samtidig peker flere erfarne strafferettsadvokater p\u00e5 at et bes\u00f8ksforbud uten konsekvenser i praksis er verdil\u00f8st.<\/p>\n<p>&#8211; Forbud uansett\t<\/p>\n<p>John Christian Elden &#8211; som er koordinerende bistandsadvokat for tre av de andre forn\u00e6rmede i straffesaken &#8211; understreker at et bes\u00f8ksforbud blant annet ilegges der almenne hensyn tilsier behovet.\u00a0<\/p>\n<p>        <img loading=\"lazy\" decoding=\"async\" src=\"https:\/\/www.europesays.com\/no\/wp-content\/uploads\/2025\/12\/83822924.webp\" width=\"686\" height=\"570\" title=\"BISTANDSADVOKAT: John Christian Elden er koordinerende bistandsadvokat for tre forn\u00e6rmede kvinner i rettssaken. Foto: Lars Eivind Bones\/Dagbladet\" alt=\"\" class=\"\" style=\"--aspect-ratio-image: 1.20; \"\/><\/p>\n<p>\n        BISTANDSADVOKAT: John Christian Elden er koordinerende bistandsadvokat for tre forn\u00e6rmede kvinner i rettssaken. Foto: Lars Eivind Bones\/Dagbladet\n    <\/p>\n<p>Samtidig p\u00e5peker han at et slikt forbud ikke er et virkemiddel av hensyn til etterforskningen.<\/p>\n<p>&#8211; Et bes\u00f8ksforbud gjelder uansett hva partene selv m\u00e5tte mene frem til politiet eller domstolen opphever det. Men det er bare den som er ilagt forbudet som kan straffes for brudd, sier Elden til Se og H\u00f8r.<\/p>\n<p>&#8211; Alvorlig inngrep\t<\/p>\n<p>Den siste utviklingen &#8211; med nok et alvorlig brudd &#8211; gir Oslo politidistrikt flere muligheter:<\/p>\n<p>        <img loading=\"lazy\" decoding=\"async\" src=\"https:\/\/www.europesays.com\/no\/wp-content\/uploads\/2025\/12\/83425688.webp\" width=\"686\" height=\"625\" title=\"VANSKELIG TID: Det er i disse dager to m\u00e5neder til den omfattende rettssaken mot Marius Borg H\u00f8iby starter i Oslo tingrett. Foto: Andreas Fadum\" alt=\"\" class=\"\" style=\"--aspect-ratio-image: 1.10; \"\/><\/p>\n<p>\n        VANSKELIG TID: Det er i disse dager to m\u00e5neder til den omfattende rettssaken mot Marius Borg H\u00f8iby starter i Oslo tingrett. Foto: Andreas Fadum\n    <\/p>\n<p>De kan blant annet \u00e5pne unders\u00f8kelser uten anmeldelse, avh\u00f8re vitner som var p\u00e5 samme sted, sikre video, gjennomg\u00e5 kommunikasjon og be om kontaktforbud med elektronisk kontroll \u2013 en omvendt voldsalarm.<\/p>\n<p class=\"font-weight-normal m-font-weight-normal\" data-lab-font_weight=\"font-weight-normal\">En uavhengig juridisk kilde med lang erfaring b\u00e5de som politiadvokat og strafferettsadvokat, sier det slik til Se og H\u00f8r:<\/p>\n<p>        LUKSUS: Marius Borg H\u00f8iby skal n\u00e5 disponere en leilighet p\u00e5 beste Oslo vestkant. Men hvem tar regningen? Foto: Andreas Fadum \/ Tor Lindseth \/ @princerehan27 \/ Instagram \/ NTB \/\/ Reporter: Caroline Vagle \/\/ Klipp: Elise Violeta Ness Aksnes<\/p>\n<p class=\"font-weight-bold m-font-weight-bold\" data-lab-font_weight=\"font-weight-bold\">\u2013 Et bes\u00f8ksforbud er ikke til pynt. Det er et alvorlig inngrep som skal hindre p\u00e5virkning og beskytte forn\u00e6rmede. N\u00e5r kontakten fortsetter, forventes det at politiet vurderer situasjonen n\u00f8ye og handler hvis det trengs.<\/p>\n<p>Politiets tre alternativer\t<\/p>\n<p>N\u00e5r bes\u00f8ksforbudet de siste ukene er brutt gjentatte ganger, st\u00e5r politiet overfor tre utfordringer:<\/p>\n<p>\u25fc Et bes\u00f8ksforbud som skal beskytte \u00abFrogner-kvinnen\u00bb, men som i praksis fremst\u00e5r som et papirvedtak.\u00a0<\/p>\n<p>\u25fc Et politi som ikke vil si hva de faktisk gj\u00f8r med informasjonen som foreligger.<\/p>\n<p>        <img loading=\"lazy\" decoding=\"async\" src=\"https:\/\/www.europesays.com\/no\/wp-content\/uploads\/2025\/12\/83936194.webp\" width=\"686\" height=\"508\" title=\"MARIUS' FORSVARER: Petar Sekulic skal sammen med Ellen Holager Anden\u00e6s forsvare Marius Borg H\u00f8iby under rettssaken i vinter. Det er satt av til sammen syv uker i Oslo tingrett. Foto: NTB\" alt=\"\" class=\"\" style=\"--aspect-ratio-image: 1.35; \"\/><\/p>\n<p>\n        MARIUS&#8217; FORSVARER: Petar Sekulic skal sammen med Ellen Holager Anden\u00e6s forsvare Marius Borg H\u00f8iby under rettssaken i vinter. Det er satt av til sammen syv uker i Oslo tingrett. Foto: NTB\n    <\/p>\n<p>\u25fc Et politidistrikt som m\u00e5 forberede seg p\u00e5 nye p\u00e5stander om at Marius Borg H\u00f8iby behandles mer sk\u00e5nsomt enn andre.<\/p>\n<p> Marius Borg H\u00f8ibys forsvarer Petar Sekulic har denne uken ogs\u00e5 f\u00e5tt tilsendt flere sp\u00f8rsm\u00e5l fra Se og H\u00f8r om de to separate bruddene p\u00e5 bes\u00f8ksforbudet mot den forn\u00e6rmede eks-kj\u00e6resten: <\/p>\n<p>    Sp\u00f8rsm\u00e5lene til forsvareren<\/p>\n<p class=\"italic m-italic\" data-lab-italic=\"italic\">Basert p\u00e5 flere tilfeller av brudd p\u00e5 bes\u00f8ksforbudet har Se og H\u00f8r blant annet stilt forsvarer Petar Sekulic disse sp\u00f8rsm\u00e5lene:\u00a0<\/p>\n<p>\u26ab\ufe0f Hva kan du si til opplysningene om at Marius Borg H\u00f8iby og den forn\u00e6rmede\u00a0\u00abFrognerkvinnen\u00bb\u00a0var sammen ute ogs\u00e5 helgen f\u00f8r m\u00f8tet p\u00e5 F6 p\u00e5 Frogner?<\/p>\n<p>\u26ab\ufe0f Opplever din klient at begge m\u00f8tene p\u00e5 byen er tilfeldige situasjoner han ikke kan lastes for, eller har han en annen forklaring p\u00e5 at de har m\u00f8ttes?<\/p>\n<p>\u26ab\ufe0f Mener Marius Borg H\u00f8iby at han har forholdt seg til bes\u00f8ksforbudet slik han har forst\u00e5tt det gjennom dialogen med politiet?<\/p>\n<p>\u26ab\ufe0f \u00d8nsker du \u00e5 kommentere helhetsbildet \u2013 hvordan Marius selv forholder seg til forbudet, og hvordan han opplever at disse episodene omtales?<\/p>\n<p>\u26ab\ufe0f Har det v\u00e6rt ny kontakt mellom dere og politiet i etterkant av hendelsene eller etter at de nye opplysningene ble kjent?<\/p>\n<p>\u26ab\ufe0f Er du kjent med om politiet har foretatt unders\u00f8kelser om mulig brudd p\u00e5 bes\u00f8ksforbudet?<\/p>\n<p>      Vis mer<br \/>\n      Vis mindre<\/p>\n<p>&#8211; Vi kommenterer fortsatt ikke den l\u00f8pende etterforskningen. All relevant informasjon Marius m\u00e5tte ha, gir han til politiet og ikke til pressen, skriver Petar Sekulic i en e-post.<\/p>\n","protected":false},"excerpt":{"rendered":"SE OG H\u00d8R AVSL\u00d8RER: Om dr\u00f8yt to m\u00e5neder skal Marius Borg H\u00f8iby (28) m\u00f8te som tiltalt i Oslo&hellip;\n","protected":false},"author":2,"featured_media":108767,"comment_status":"","ping_status":"","sticky":false,"template":"","format":"standard","meta":{"footnotes":""},"categories":[10],"tags":[13466,20,21,4104,24,25,15,76,1764,2293,22,23,400,11546,13,30,28,29,14,16,9426,2594,26,27],"class_list":{"0":"post-108766","1":"post","2":"type-post","3":"status-publish","4":"format-standard","5":"has-post-thumbnail","7":"category-norge","8":"tag-andreas-kruszewski","9":"tag-breaking-news","10":"tag-breakingnews","11":"tag-eksklusivt","12":"tag-featured-news","13":"tag-featurednews","14":"tag-headlines","15":"tag-kongelig","16":"tag-kronprins-haakon","17":"tag-kronprinsesse-mette-marit","18":"tag-latest-news","19":"tag-latestnews","20":"tag-marius-borg-hoiby","21":"tag-mette-yvonne-larsen","22":"tag-news","23":"tag-no","24":"tag-norge","25":"tag-norway","26":"tag-nyheter","27":"tag-overskrifter","28":"tag-petar-sekulic","29":"tag-skaugum","30":"tag-top-stories","31":"tag-topstories"},"share_on_mastodon":{"url":"https:\/\/pubeurope.com\/@no\/115691390997973346","error":""},"_links":{"self":[{"href":"https:\/\/www.europesays.com\/no\/wp-json\/wp\/v2\/posts\/108766","targetHints":{"allow":["GET"]}}],"collection":[{"href":"https:\/\/www.europesays.com\/no\/wp-json\/wp\/v2\/posts"}],"about":[{"href":"https:\/\/www.europesays.com\/no\/wp-json\/wp\/v2\/types\/post"}],"author":[{"embeddable":true,"href":"https:\/\/www.europesays.com\/no\/wp-json\/wp\/v2\/users\/2"}],"replies":[{"embeddable":true,"href":"https:\/\/www.europesays.com\/no\/wp-json\/wp\/v2\/comments?post=108766"}],"version-history":[{"count":0,"href":"https:\/\/www.europesays.com\/no\/wp-json\/wp\/v2\/posts\/108766\/revisions"}],"wp:featuredmedia":[{"embeddable":true,"href":"https:\/\/www.europesays.com\/no\/wp-json\/wp\/v2\/media\/108767"}],"wp:attachment":[{"href":"https:\/\/www.europesays.com\/no\/wp-json\/wp\/v2\/media?parent=108766"}],"wp:term":[{"taxonomy":"category","embeddable":true,"href":"https:\/\/www.europesays.com\/no\/wp-json\/wp\/v2\/categories?post=108766"},{"taxonomy":"post_tag","embeddable":true,"href":"https:\/\/www.europesays.com\/no\/wp-json\/wp\/v2\/tags?post=108766"}],"curies":[{"name":"wp","href":"https:\/\/api.w.org\/{rel}","templated":true}]}}