{"id":108770,"date":"2025-12-09T20:01:34","date_gmt":"2025-12-09T20:01:34","guid":{"rendered":"https:\/\/www.europesays.com\/no\/108770\/"},"modified":"2025-12-09T20:01:34","modified_gmt":"2025-12-09T20:01:34","slug":"omstridt-stjerne-gjor-comeback-det-er-vanskelig-a-forsta","status":"publish","type":"post","link":"https:\/\/www.europesays.com\/no\/108770\/","title":{"rendered":"Omstridt stjerne gj\u00f8r comeback: \u2013 Det er vanskelig \u00e5 forst\u00e5"},"content":{"rendered":"<p>Det har ligget i kortene siden dommen i oktober, men n\u00e5 er det offisielt. Julia Simon er tilbake og verdenscupen i Hochfilzen blir hennes sesongdebut.\u00a0\u00a0\u00a0<\/p>\n<p>Se fakta og detaljer om verdenscupen i Hochfilzen lenger ned i saken<\/p>\n<p>Etter straffesaken i slutten av oktober, der Julia Simon ble kjent skyldig og d\u00f8mt for svindel og tyveri, bestemte det franske skiforbundet (FFS) \u00e5 utestenge 29-\u00e5ringen fra \u00e5 delta i konkurranser og trening i regi av IBU og FFS i seks m\u00e5neder. Fem av dem var betinget. Utestengelsen startet 7. november og ble opphevet midnatt 7. desember.<\/p>\n<p><strong>Les mer:\u00a0<\/strong><a href=\"https:\/\/www.langrenn.com\/skiskyting\/innrommer-svindel-mot-landslagskollega-jeg-kan-ikke-forklare-det\/\" rel=\"nofollow noopener\" target=\"_blank\"><strong>Skiskytterstjernen utestenges, kan likevel rekke OL<\/strong><\/a><strong\/><\/p>\n<p>Det betyr at Simon igjen er konkurranseklar. Og da uttaket til verdenscupen i Hochfilzen kom mandag 8. desember, var hun en av sju kvinner.\u00a0<\/p>\n<p>De seks andre er Justine Braisaz-Bouchet, som anmeldte Simon i svindelsaken, Lou Jeanmonnot, Gilonne Guigonnnat og Camille Bened, samt Oc\u00e9ane Michelon og Jeanne Richard. Sistnevnte har ogs\u00e5 v\u00e6rt i hardt v\u00e6r etter \u00e5 ha blitt fersket i \u00e5 tukle med v\u00e5penet til Michelon.\u00a0<\/p>\n<p><strong>Se ogs\u00e5:\u00a0<br \/><a href=\"https:\/\/www.langrenn.com\/skiskyting\/det-er-vanskelig-a-forsta\/\" rel=\"nofollow noopener\" target=\"_blank\">Norsk stjerne: \u2013 Det er vanskelig \u00e5 forst\u00e5<\/a><\/strong><\/p>\n<p><strong>FAKTA VERDENSCUP SKISKYTING<\/strong><\/p>\n<p><strong>Hvem:<\/strong>\u00a0Uttatte elitel\u00f8pere<br \/><strong>Hva:<\/strong>\u00a0Verdenscup skiskyting<br \/><strong>Hvor:<\/strong>\u00a0Hochfilzen, \u00d8sterrike<br \/><strong>N\u00e5r:<\/strong>\u00a012. til 14. desember<br \/><strong>TV:\u00a0<\/strong>TV 2<\/p>\n<p>PROGRAM<\/p>\n<p><strong>12. desember<\/strong><br \/>13:15: Sprint 10km, menn<br \/>16:55: Sprint 7.5km, kvinner<br \/><a href=\"https:\/\/www.langrenn.com\/event\/ibu-wc-hochfilzen-7-5-10-km-sprint-2\/\" rel=\"nofollow noopener\" target=\"_blank\">Startlister, resultater og detaljer<\/a><\/p>\n<p><strong>13. desember<\/strong><br \/>12:00: Jaktstart 12.5km, menn<br \/><a href=\"https:\/\/www.langrenn.com\/event\/ibu-wc-hochfilzen-12-5-km-pursuit\/\" rel=\"nofollow noopener\" target=\"_blank\">Startlister, resultater og detaljer menn<\/a><br \/>14:15: Stafett 4x6km, og kvinner<br \/><a href=\"https:\/\/www.langrenn.com\/event\/ibu-wc-hochfilzen-relay-women\/\" rel=\"nofollow noopener\" target=\"_blank\">Startlister, resultater og detaljer kvinner<\/a><\/p>\n<p><strong>14. desember<\/strong><br \/>12:00: Stafett 4\u00d77.5km, menn<br \/><a href=\"https:\/\/www.langrenn.com\/event\/ibu-wc-hochfilzen-relay-men\/\" rel=\"nofollow noopener\" target=\"_blank\">Startlister, resultater og detaljer<\/a><br \/>15:30: Jaktstart 10km, kvinner<br \/><a href=\"https:\/\/www.langrenn.com\/event\/ibu-wc-hochfilzen-10-km-pursuit-women\/\" rel=\"nofollow noopener\" target=\"_blank\">Startlister, resultater og detaljer<\/a><\/p>\n<p><strong>Se ogs\u00e5:<\/strong>\u00a0<a href=\"https:\/\/www.langrenn.com\/skiskyting\/alt-av-program-for-ol-og-verdenscupen-i-skiskyting-2025-26\/\" rel=\"nofollow noopener\" target=\"_blank\"><strong>Alt av program for OL og verdenscupen i skiskyting 2025-26<\/strong><\/a><\/p>\n<p><strong>FAKTA: Dette er saken<\/strong><\/p>\n<p>Den franske skiskytterstjernen Julia Simon tilst\u00e5r \u00e5 ha misbrukt kredittkortet til landslagskollega Justine Braisaz-Bouchet og en annen person i st\u00f8tteapparatet. Samt ytterligere to tilfeller av svindel, alle i perioden 2021 til 2022. Tilst\u00e5elsen ble gitt i retten i Albertville i Frankrike fredag 24. oktober, 2025.\u00a0<\/p>\n<ul class=\"wp-block-list\">\n<li>Svindel 2. desember 2021, i \u00d6stersund (Sverige)<\/li>\n<li>Svindel 5. til 11. august 2022, i Sandnes (Norge) og Villard-sur-Dolon (Frankrike)<\/li>\n<li>Flyreise 5. til 7. august 2022, til Sandnes (Norge)<\/li>\n<li>Svindel 22. til 25. september 2022, Premanon (Frankrike)\u00a0<\/li>\n<li>Fors\u00f8k p\u00e5 svindel fra 22. til 25. september 2022 i Premanon (Frankrike)<\/li>\n<\/ul>\n<p>Aktor la ned p\u00e5stand om to m\u00e5neders betinget fengsel og 20 000 euro i bot. Dommerne landet p\u00e5 tre m\u00e5neders betinget fengsel og 15 000 euro i bot.\u00a0<\/p>\n<p>I tillegg vedtok det franske skiforbundet FFS \u00e5 utestenge Simon i seks m\u00e5neder. Fem av disse betinget. De ga ogs\u00e5 Simon 15 000 euro i bot.\u00a0<a href=\"https:\/\/ffs.fr\/actualites\/communique-affaire-julia-simon\/\" rel=\"nofollow noopener\" target=\"_blank\">If\u00f8lge forbundet<\/a>\u00a0skal disse pengene g\u00e5 til tiltak for barn og unge.\u00a0<\/p>\n","protected":false},"excerpt":{"rendered":"Det har ligget i kortene siden dommen i oktober, men n\u00e5 er det offisielt. Julia Simon er tilbake&hellip;\n","protected":false},"author":2,"featured_media":108771,"comment_status":"","ping_status":"","sticky":false,"template":"","format":"standard","meta":{"footnotes":""},"categories":[59],"tags":[9742,30,28,29,83,82,13467],"class_list":{"0":"post-108770","1":"post","2":"type-post","3":"status-publish","4":"format-standard","5":"has-post-thumbnail","7":"category-sport","8":"tag-julia-simon","9":"tag-no","10":"tag-norge","11":"tag-norway","12":"tag-sport","13":"tag-sports","14":"tag-svindelskandale"},"share_on_mastodon":{"url":"https:\/\/pubeurope.com\/@no\/115691394440651857","error":""},"_links":{"self":[{"href":"https:\/\/www.europesays.com\/no\/wp-json\/wp\/v2\/posts\/108770","targetHints":{"allow":["GET"]}}],"collection":[{"href":"https:\/\/www.europesays.com\/no\/wp-json\/wp\/v2\/posts"}],"about":[{"href":"https:\/\/www.europesays.com\/no\/wp-json\/wp\/v2\/types\/post"}],"author":[{"embeddable":true,"href":"https:\/\/www.europesays.com\/no\/wp-json\/wp\/v2\/users\/2"}],"replies":[{"embeddable":true,"href":"https:\/\/www.europesays.com\/no\/wp-json\/wp\/v2\/comments?post=108770"}],"version-history":[{"count":0,"href":"https:\/\/www.europesays.com\/no\/wp-json\/wp\/v2\/posts\/108770\/revisions"}],"wp:featuredmedia":[{"embeddable":true,"href":"https:\/\/www.europesays.com\/no\/wp-json\/wp\/v2\/media\/108771"}],"wp:attachment":[{"href":"https:\/\/www.europesays.com\/no\/wp-json\/wp\/v2\/media?parent=108770"}],"wp:term":[{"taxonomy":"category","embeddable":true,"href":"https:\/\/www.europesays.com\/no\/wp-json\/wp\/v2\/categories?post=108770"},{"taxonomy":"post_tag","embeddable":true,"href":"https:\/\/www.europesays.com\/no\/wp-json\/wp\/v2\/tags?post=108770"}],"curies":[{"name":"wp","href":"https:\/\/api.w.org\/{rel}","templated":true}]}}