{"id":108777,"date":"2025-12-09T20:09:09","date_gmt":"2025-12-09T20:09:09","guid":{"rendered":"https:\/\/www.europesays.com\/no\/108777\/"},"modified":"2025-12-09T20:09:09","modified_gmt":"2025-12-09T20:09:09","slug":"danmark-handball-vm-danmark-trener-matte-stoppe-vm-fest","status":"publish","type":"post","link":"https:\/\/www.europesays.com\/no\/108777\/","title":{"rendered":"Danmark, H\u00e5ndball-VM | Danmark-trener m\u00e5tte stoppe VM-fest"},"content":{"rendered":"\n<p><b>NORGE &#8211; MONTENEGRO &#8211; 20:30<\/b><\/p>\n<p>DORTMUND, TYSKLAND (Nettavisen): Onsdag venter det et storoppgj\u00f8r i kvartfinalen mellom Danmark og Frankrike.<\/p>\n<p>De to st\u00f8rste konkurrentene til de norske h\u00e5ndballjentene.<\/p>\n<p>Et d\u00f8gn f\u00f8r kampen kan landslagssjef Helle Thomsen avsl\u00f8re at det har foreg\u00e5tt festligheter p\u00e5 spillerhotellet i Rotterdam.<\/p>\n<p><b>Les ogs\u00e5: <\/b><a href=\"https:\/\/www.nettavisen.no\/sport\/grusomme-nyheter-mork-og-reistad-i-sjokk\/s\/5-95-2768605\" rel=\"Follow nofollow noopener\" target=\"_blank\">Stygg skade p\u00e5 h\u00e5ndballstjerne<\/a><\/p>\n<p>M\u00e5tte melde fra<\/p>\n<p>Danske TV 2 skriver at det festen, som foregikk uten dansk deltakelse, gikk litt over styr etter Thomsens smak. Det skal ha v\u00e6rt en fest arrangert av \u00d8sterrike og Polen, som er ferdig med sine mesterskap.<\/p>\n<p>Hun hadde nemlig problemer med \u00e5 f\u00e5 sove natt til tirsdag.<\/p>\n<p><b>Les ogs\u00e5:<\/b> <a href=\"https:\/\/www.nettavisen.no\/sport\/sjokkert-av-norge-i-vm-tror-det-ikke\/s\/5-95-2767516\" rel=\"Follow nofollow noopener\" target=\"_blank\">Danmark reagerer: \u2013 Uhyggelig<\/a><\/p>\n<p>    Vil du se neste video?<\/p>\n<p>    <a href=\"https:\/\/www.nettavisen.no\/nyheter\/ukrainske-spesialstyrker-skal-ha-tatt-ut-russiske-mal-pa-krim-halvoya\/v\/5-95-2764466\" class=\"recommend-poster\" data-adp-clicklabel=\"video-recommend\" data-adp-clickvalue=\"poster\" rel=\"nofollow noopener\" target=\"_blank\"><br \/>\n      <img decoding=\"async\" width=\"200\" height=\"200\" loading=\"lazy\" src=\"https:\/\/www.europesays.com\/no\/wp-content\/uploads\/2025\/12\/KAMPFLY+BREDDE.jpg\" alt=\"\" class=\"brick-c-cFOWSL\" style=\"--brick-image-ratio: 200 \/ 200;\"\/><\/p>\n<p>Tar ut russisk kampfly p\u00e5 Krim0:24<\/p>\n<p>    <\/a><\/p>\n<p>        Lagkameratene p\u00e5 landslaget krangler n\u00e6rmest om keeperkjempen.<\/p>\n<p>\u00abMed et smil gikk den danske landslagstreneren ned sent p\u00e5 natten, og ba om \u00e5 f\u00e5 lyden skrudd ned.\u00bb<\/p>\n<p>Landslagssjefen skal ha understreket for TV-kanalen at det kun var hun selv som ble forstyrret av festlighetene.<\/p>\n<p>Kan m\u00f8te Tyskland<\/p>\n<p>Onsdag venter alts\u00e5 kvartfinalen mellom tungvekterne Danmark og Frankrike i nederlandske Rotterdam.<\/p>\n<p>Vinneren skal m\u00f8te vertsnasjonen Tyskland som tirsdag kveld knuste Brasil p\u00e5 hjemmebane i Dortmund.<\/p>\n","protected":false},"excerpt":{"rendered":"NORGE &#8211; MONTENEGRO &#8211; 20:30 DORTMUND, TYSKLAND (Nettavisen): Onsdag venter det et storoppgj\u00f8r i kvartfinalen mellom Danmark og&hellip;\n","protected":false},"author":2,"featured_media":108778,"comment_status":"","ping_status":"","sticky":false,"template":"","format":"standard","meta":{"footnotes":""},"categories":[59],"tags":[30,28,29,83,82],"class_list":{"0":"post-108777","1":"post","2":"type-post","3":"status-publish","4":"format-standard","5":"has-post-thumbnail","7":"category-sport","8":"tag-no","9":"tag-norge","10":"tag-norway","11":"tag-sport","12":"tag-sports"},"share_on_mastodon":{"url":"https:\/\/pubeurope.com\/@no\/115691425925631067","error":""},"_links":{"self":[{"href":"https:\/\/www.europesays.com\/no\/wp-json\/wp\/v2\/posts\/108777","targetHints":{"allow":["GET"]}}],"collection":[{"href":"https:\/\/www.europesays.com\/no\/wp-json\/wp\/v2\/posts"}],"about":[{"href":"https:\/\/www.europesays.com\/no\/wp-json\/wp\/v2\/types\/post"}],"author":[{"embeddable":true,"href":"https:\/\/www.europesays.com\/no\/wp-json\/wp\/v2\/users\/2"}],"replies":[{"embeddable":true,"href":"https:\/\/www.europesays.com\/no\/wp-json\/wp\/v2\/comments?post=108777"}],"version-history":[{"count":0,"href":"https:\/\/www.europesays.com\/no\/wp-json\/wp\/v2\/posts\/108777\/revisions"}],"wp:featuredmedia":[{"embeddable":true,"href":"https:\/\/www.europesays.com\/no\/wp-json\/wp\/v2\/media\/108778"}],"wp:attachment":[{"href":"https:\/\/www.europesays.com\/no\/wp-json\/wp\/v2\/media?parent=108777"}],"wp:term":[{"taxonomy":"category","embeddable":true,"href":"https:\/\/www.europesays.com\/no\/wp-json\/wp\/v2\/categories?post=108777"},{"taxonomy":"post_tag","embeddable":true,"href":"https:\/\/www.europesays.com\/no\/wp-json\/wp\/v2\/tags?post=108777"}],"curies":[{"name":"wp","href":"https:\/\/api.w.org\/{rel}","templated":true}]}}