{"id":108791,"date":"2025-12-09T20:33:07","date_gmt":"2025-12-09T20:33:07","guid":{"rendered":"https:\/\/www.europesays.com\/no\/108791\/"},"modified":"2025-12-09T20:33:07","modified_gmt":"2025-12-09T20:33:07","slug":"larvik-person-truffet-av-personbil-vg","status":"publish","type":"post","link":"https:\/\/www.europesays.com\/no\/108791\/","title":{"rendered":"Larvik: Person truffet av personbil &#8211; VG"},"content":{"rendered":"<ol>\n<li><a href=\"https:\/\/news.google.com\/rss\/articles\/CBMib0FVX3lxTFBNTS11dGdaNERYa3ZkZEQzel94U3RhNWdsT2JiQlVERkVHT2lZc1NlR0xJSFd5dWN2RV9zbFJwSC1RQWp4cjNnVFRBWWlzLU1tSDJLdk54MUJ0bTVPUzFCT2JLZEQyOXgyblV0dWJyRQ?oc=5\" target=\"_blank\" rel=\"nofollow noopener\">Larvik: Person truffet av personbil<\/a>&nbsp;&nbsp;VG<\/li>\n<li><a href=\"https:\/\/news.google.com\/rss\/articles\/CBMic0FVX3lxTFAxc3lhOVY3aHAwWW5HMzZFNnhVdHJ6SkJhNlo5SVJrLWx3N0hQWDQtOV9OcDlHOWM4eVhpYi1WazdaUUlGVWNVVk8tUU9wNnhjNEFpOF9PRjZ6TnBmQjR1eksyTFEzd0FuWUNGMk5BaUpQdGs?oc=5\" target=\"_blank\" rel=\"nofollow noopener\">Person p\u00e5kj\u00f8rt i Larvik<\/a>&nbsp;&nbsp;Dagbladet<\/li>\n<li><a href=\"https:\/\/news.google.com\/rss\/articles\/CBMihAFBVV95cUxQNElYbzIwWlc3MlV4WUdsLVBwOEVJbzIxSkIyZkNMemhoMmZGTnotWkxGRFBfV01hc2pYU2RuRU9qdHdONWhXYWJieEZ2UGJJVl9odWg4ZGttY0dIT2piSWw0WEgydmQtYUZhUWszbHV6SmpOTHdiYVlNTEprTEp4bGd5ckE?oc=5\" target=\"_blank\" rel=\"nofollow noopener\">Alvorlig trafikkulykke \u2013 fotgjenger p\u00e5kj\u00f8rt<\/a>&nbsp;&nbsp;\u00d8stlands-Posten<\/li>\n<li><a href=\"https:\/\/news.google.com\/rss\/articles\/CBMingFBVV95cUxPWFI3SlpvS1ctd3ZyM1J2ZkcxelhRYUszSW9FR2M4clE3N0VDSHlKNWJBN3U1X29nQzZ6WDlETGxZeFBoZ3ZMdHBwZnVZQUJjLW1lZ0tETnVxakRCZ084RXZ3ZjlDVzg0aFA5bS1KTUJuWHc1ZTdCUHhubE5QejNtWWtfU1I3VXpSODhUbnNvTlUzNmhxRlNwU25EX19qUQ?oc=5\" target=\"_blank\" rel=\"nofollow noopener\">Person truffet av bil: \u2013 Det er en alvorlig ulykke<\/a>&nbsp;&nbsp;Sandefjords Blad<\/li>\n<li><a href=\"https:\/\/news.google.com\/rss\/articles\/CBMilAFBVV95cUxQY1FRZVRjWVFKdXE4SUpVQkM5aHFPbDEteGhEYXgwcXRFWHdza0lGMEpMNTBUNE9Zc1duS0MzQ3pTaVNwajl1Rl9RQmFXWDB0WXpKYWNLbzZwdUpLVVhxTGJfaHBNQUVFellkd3lIX0NCNldPdmxqeUtjN0c5QjZWSEpreURSUHJobERpZHpBNUtZNnVE?oc=5\" target=\"_blank\" rel=\"nofollow noopener\">Larvik: Alvorlig trafikkulykke &#8211; redningshelikopter er p\u00e5 vei<\/a>&nbsp;&nbsp;Telemarksavisa<\/li>\n<\/ol>\n","protected":false},"excerpt":{"rendered":"Larvik: Person truffet av personbil&nbsp;&nbsp;VG Person p\u00e5kj\u00f8rt i Larvik&nbsp;&nbsp;Dagbladet Alvorlig trafikkulykke \u2013 fotgjenger p\u00e5kj\u00f8rt&nbsp;&nbsp;\u00d8stlands-Posten Person truffet av bil:&hellip;\n","protected":false},"author":2,"featured_media":108792,"comment_status":"","ping_status":"","sticky":false,"template":"","format":"standard","meta":{"footnotes":""},"categories":[10],"tags":[31,20,21,24,25,15,22,23,13,30,28,29,14,16,26,27],"class_list":{"0":"post-108791","1":"post","2":"type-post","3":"status-publish","4":"format-standard","5":"has-post-thumbnail","7":"category-norge","8":"tag-breaking","9":"tag-breaking-news","10":"tag-breakingnews","11":"tag-featured-news","12":"tag-featurednews","13":"tag-headlines","14":"tag-latest-news","15":"tag-latestnews","16":"tag-news","17":"tag-no","18":"tag-norge","19":"tag-norway","20":"tag-nyheter","21":"tag-overskrifter","22":"tag-top-stories","23":"tag-topstories"},"share_on_mastodon":{"url":"https:\/\/pubeurope.com\/@no\/115691520281546314","error":""},"_links":{"self":[{"href":"https:\/\/www.europesays.com\/no\/wp-json\/wp\/v2\/posts\/108791","targetHints":{"allow":["GET"]}}],"collection":[{"href":"https:\/\/www.europesays.com\/no\/wp-json\/wp\/v2\/posts"}],"about":[{"href":"https:\/\/www.europesays.com\/no\/wp-json\/wp\/v2\/types\/post"}],"author":[{"embeddable":true,"href":"https:\/\/www.europesays.com\/no\/wp-json\/wp\/v2\/users\/2"}],"replies":[{"embeddable":true,"href":"https:\/\/www.europesays.com\/no\/wp-json\/wp\/v2\/comments?post=108791"}],"version-history":[{"count":0,"href":"https:\/\/www.europesays.com\/no\/wp-json\/wp\/v2\/posts\/108791\/revisions"}],"wp:featuredmedia":[{"embeddable":true,"href":"https:\/\/www.europesays.com\/no\/wp-json\/wp\/v2\/media\/108792"}],"wp:attachment":[{"href":"https:\/\/www.europesays.com\/no\/wp-json\/wp\/v2\/media?parent=108791"}],"wp:term":[{"taxonomy":"category","embeddable":true,"href":"https:\/\/www.europesays.com\/no\/wp-json\/wp\/v2\/categories?post=108791"},{"taxonomy":"post_tag","embeddable":true,"href":"https:\/\/www.europesays.com\/no\/wp-json\/wp\/v2\/tags?post=108791"}],"curies":[{"name":"wp","href":"https:\/\/api.w.org\/{rel}","templated":true}]}}