{"id":108793,"date":"2025-12-09T20:34:08","date_gmt":"2025-12-09T20:34:08","guid":{"rendered":"https:\/\/www.europesays.com\/no\/108793\/"},"modified":"2025-12-09T20:34:08","modified_gmt":"2025-12-09T20:34:08","slug":"person-pakjort-i-larvik-dagbladet","status":"publish","type":"post","link":"https:\/\/www.europesays.com\/no\/108793\/","title":{"rendered":"Person p\u00e5kj\u00f8rt i Larvik &#8211; Dagbladet"},"content":{"rendered":"<ol>\n<li><a href=\"https:\/\/news.google.com\/rss\/articles\/CBMic0FVX3lxTFAxc3lhOVY3aHAwWW5HMzZFNnhVdHJ6SkJhNlo5SVJrLWx3N0hQWDQtOV9OcDlHOWM4eVhpYi1WazdaUUlGVWNVVk8tUU9wNnhjNEFpOF9PRjZ6TnBmQjR1eksyTFEzd0FuWUNGMk5BaUpQdGs?oc=5\" target=\"_blank\" rel=\"nofollow noopener\">Person p\u00e5kj\u00f8rt i Larvik<\/a>&nbsp;&nbsp;Dagbladet<\/li>\n<li><a href=\"https:\/\/news.google.com\/rss\/articles\/CBMihAFBVV95cUxQNElYbzIwWlc3MlV4WUdsLVBwOEVJbzIxSkIyZkNMemhoMmZGTnotWkxGRFBfV01hc2pYU2RuRU9qdHdONWhXYWJieEZ2UGJJVl9odWg4ZGttY0dIT2piSWw0WEgydmQtYUZhUWszbHV6SmpOTHdiYVlNTEprTEp4bGd5ckE?oc=5\" target=\"_blank\" rel=\"nofollow noopener\">Alvorlig trafikkulykke \u2013 fotgjenger p\u00e5kj\u00f8rt<\/a>&nbsp;&nbsp;\u00d8stlands-Posten<\/li>\n<li><a href=\"https:\/\/news.google.com\/rss\/articles\/CBMingFBVV95cUxPWFI3SlpvS1ctd3ZyM1J2ZkcxelhRYUszSW9FR2M4clE3N0VDSHlKNWJBN3U1X29nQzZ6WDlETGxZeFBoZ3ZMdHBwZnVZQUJjLW1lZ0tETnVxakRCZ084RXZ3ZjlDVzg0aFA5bS1KTUJuWHc1ZTdCUHhubE5QejNtWWtfU1I3VXpSODhUbnNvTlUzNmhxRlNwU25EX19qUQ?oc=5\" target=\"_blank\" rel=\"nofollow noopener\">Person truffet av bil: \u2013 Det er en alvorlig ulykke<\/a>&nbsp;&nbsp;Sandefjords Blad<\/li>\n<li><a href=\"https:\/\/news.google.com\/rss\/articles\/CBMilAFBVV95cUxQY1FRZVRjWVFKdXE4SUpVQkM5aHFPbDEteGhEYXgwcXRFWHdza0lGMEpMNTBUNE9Zc1duS0MzQ3pTaVNwajl1Rl9RQmFXWDB0WXpKYWNLbzZwdUpLVVhxTGJfaHBNQUVFellkd3lIX0NCNldPdmxqeUtjN0c5QjZWSEpreURSUHJobERpZHpBNUtZNnVE?oc=5\" target=\"_blank\" rel=\"nofollow noopener\">Larvik: Alvorlig trafikkulykke &#8211; redningshelikopter er p\u00e5 vei<\/a>&nbsp;&nbsp;Telemarksavisa<\/li>\n<li><a href=\"https:\/\/news.google.com\/rss\/articles\/CBMiiAFBVV95cUxQdDBnSnhEOGFmell3X1BfOGNmVjVfMVNkcS1UWGRUOFc1bWxKajlSc2o4OXFmNEIwSzJyTHRUVkdwSnlTdXl4WlU0R25FU0s2QVVCRjV1bGtCX28yTURvcDlIUkZhdlhUVE9XSGhXTjVVWklxVFRvRUliV21YWHNTdkhscmtJRmM5?oc=5\" target=\"_blank\" rel=\"nofollow noopener\">Person d\u00f8de etter p\u00e5kj\u00f8rsel i Larvik<\/a>&nbsp;&nbsp;Aftenposten<\/li>\n<\/ol>\n","protected":false},"excerpt":{"rendered":"Person p\u00e5kj\u00f8rt i Larvik&nbsp;&nbsp;Dagbladet Alvorlig trafikkulykke \u2013 fotgjenger p\u00e5kj\u00f8rt&nbsp;&nbsp;\u00d8stlands-Posten Person truffet av bil: \u2013 Det er en alvorlig&hellip;\n","protected":false},"author":2,"featured_media":108794,"comment_status":"","ping_status":"","sticky":false,"template":"","format":"standard","meta":{"footnotes":""},"categories":[5],"tags":[20,21,24,25,15,19,2539,22,23,17,18,13,30,28,29,14,16,26,27],"class_list":{"0":"post-108793","1":"post","2":"type-post","3":"status-publish","4":"format-standard","5":"has-post-thumbnail","7":"category-overskrifter","8":"tag-breaking-news","9":"tag-breakingnews","10":"tag-featured-news","11":"tag-featurednews","12":"tag-headlines","13":"tag-hovedoppslag","14":"tag-innenriks","15":"tag-latest-news","16":"tag-latestnews","17":"tag-main-news","18":"tag-mainnews","19":"tag-news","20":"tag-no","21":"tag-norge","22":"tag-norway","23":"tag-nyheter","24":"tag-overskrifter","25":"tag-top-stories","26":"tag-topstories"},"share_on_mastodon":{"url":"https:\/\/pubeurope.com\/@no\/115691524336861297","error":""},"_links":{"self":[{"href":"https:\/\/www.europesays.com\/no\/wp-json\/wp\/v2\/posts\/108793","targetHints":{"allow":["GET"]}}],"collection":[{"href":"https:\/\/www.europesays.com\/no\/wp-json\/wp\/v2\/posts"}],"about":[{"href":"https:\/\/www.europesays.com\/no\/wp-json\/wp\/v2\/types\/post"}],"author":[{"embeddable":true,"href":"https:\/\/www.europesays.com\/no\/wp-json\/wp\/v2\/users\/2"}],"replies":[{"embeddable":true,"href":"https:\/\/www.europesays.com\/no\/wp-json\/wp\/v2\/comments?post=108793"}],"version-history":[{"count":0,"href":"https:\/\/www.europesays.com\/no\/wp-json\/wp\/v2\/posts\/108793\/revisions"}],"wp:featuredmedia":[{"embeddable":true,"href":"https:\/\/www.europesays.com\/no\/wp-json\/wp\/v2\/media\/108794"}],"wp:attachment":[{"href":"https:\/\/www.europesays.com\/no\/wp-json\/wp\/v2\/media?parent=108793"}],"wp:term":[{"taxonomy":"category","embeddable":true,"href":"https:\/\/www.europesays.com\/no\/wp-json\/wp\/v2\/categories?post=108793"},{"taxonomy":"post_tag","embeddable":true,"href":"https:\/\/www.europesays.com\/no\/wp-json\/wp\/v2\/tags?post=108793"}],"curies":[{"name":"wp","href":"https:\/\/api.w.org\/{rel}","templated":true}]}}