{"id":108795,"date":"2025-12-09T20:35:33","date_gmt":"2025-12-09T20:35:33","guid":{"rendered":"https:\/\/www.europesays.com\/no\/108795\/"},"modified":"2025-12-09T20:35:33","modified_gmt":"2025-12-09T20:35:33","slug":"nyheter-mittlorenskog-rygget-inn-i-bil-mistet-lappen","status":"publish","type":"post","link":"https:\/\/www.europesays.com\/no\/108795\/","title":{"rendered":"Nyheter, MittL\u00f8renskog | Rygget inn i bil \u2013 mistet lappen"},"content":{"rendered":"\n<p>Klokka 01.30 natt til tirsdag rykket politiet ut til en parkeringsplass ved Vittenberg i L\u00f8renskog.<\/p>\n<p>\u2013 En bil hadde rygget inn i en annen bil. F\u00f8rer av bilen som for\u00e5rsaket ulykken var beruset, sier operasjonsleder P\u00e5l Bjelland i \u00d8st politidistrikt.<\/p>\n<p>Sj\u00e5f\u00f8ren var en kvinne i slutten av ten\u00e5rene, if\u00f8lge politiet.<\/p>\n<p>\u2013 Vi har sikret n\u00f8dvendige pr\u00f8ver og f\u00f8rerkortet er tatt i beslag, sier han.<\/p>\n<p>Bjelland opplyser videre at det ble mindre materielle skader p\u00e5 bilen som ble rygget p\u00e5.<\/p>\n<p>  <a href=\"https:\/\/www.rb.no\/5-43-2630300\" class=\"related-teaser has-image default-story-teaser article--c-eRUmMG article--c-eRUmMG-jKCPdD-design-default\" wp_automatic_readability=\"1\" rel=\"nofollow noopener\" target=\"_blank\"><\/p>\n<p>    For abonnenter<\/p>\n<p>    <img decoding=\"async\" loading=\"lazy\"  src=\"https:\/\/www.europesays.com\/no\/wp-content\/uploads\/2025\/12\/IMG_7049+%281%29.jpeg\" alt=\"\" class=\"brick-c-cFOWSL\" style=\"\"\/><\/p>\n<p>\n            Les ogs\u00e5<\/p>\n<p>  Person p\u00e5kj\u00f8rt \u2013 kritisk skadd<\/p>\n<p>  <\/a><\/p>\n<p>  <a href=\"https:\/\/www.rb.no\/5-43-2624957\" class=\"related-teaser has-image default-story-teaser article--c-eRUmMG article--c-eRUmMG-jKCPdD-design-default\" wp_automatic_readability=\"1\" rel=\"nofollow noopener\" target=\"_blank\"><\/p>\n<p>    For abonnenter<\/p>\n<p>    <img decoding=\"async\" loading=\"lazy\"  src=\"https:\/\/www.europesays.com\/no\/wp-content\/uploads\/2025\/12\/IMG_4313.JPG\" alt=\"\" class=\"brick-c-cFOWSL\" style=\"\"\/><\/p>\n<p>\n            Les ogs\u00e5<\/p>\n<p>  Str\u00f8mmen storsenter bytter navn<\/p>\n<p>  <\/a><\/p>\n<p>  <a href=\"https:\/\/www.rb.no\/5-43-2625051\" class=\"related-teaser has-image default-story-teaser article--c-eRUmMG article--c-eRUmMG-jKCPdD-design-default\" wp_automatic_readability=\"1\" rel=\"nofollow noopener\" target=\"_blank\"><\/p>\n<p>    For abonnenter<\/p>\n<p>    <img decoding=\"async\" loading=\"lazy\"  src=\"https:\/\/www.europesays.com\/no\/wp-content\/uploads\/2025\/12\/Hozan-2.jpg\" alt=\"\" class=\"brick-c-cFOWSL\" style=\"\"\/><\/p>\n<p>\n            Les ogs\u00e5<\/p>\n<p>  Her har flere f\u00e5tt bot \u2013 tar saken til retten<\/p>\n<p>  <\/a><\/p>\n<p>  <a href=\"https:\/\/www.rb.no\/5-43-2625178\" class=\"related-teaser has-image default-story-teaser article--c-eRUmMG article--c-eRUmMG-jKCPdD-design-default\" wp_automatic_readability=\"1\" rel=\"nofollow noopener\" target=\"_blank\"><\/p>\n<p>    For abonnenter<\/p>\n<p>    <img decoding=\"async\" loading=\"lazy\"  src=\"https:\/\/www.europesays.com\/no\/wp-content\/uploads\/2025\/12\/1765312533_424_DSC_9246.jpg\" alt=\"\" class=\"brick-c-cFOWSL\" style=\"\"\/><\/p>\n<p>\n            Les ogs\u00e5<\/p>\n<p>  Har du f\u00e5tt parkeringsgebyr her? Da b\u00f8r du kontakte parkeringsselskapet umiddelbart<\/p>\n<p>  <\/a><\/p>\n","protected":false},"excerpt":{"rendered":"Klokka 01.30 natt til tirsdag rykket politiet ut til en parkeringsplass ved Vittenberg i L\u00f8renskog. \u2013 En bil&hellip;\n","protected":false},"author":2,"featured_media":7393,"comment_status":"","ping_status":"","sticky":false,"template":"","format":"standard","meta":{"footnotes":""},"categories":[59],"tags":[36,2692,3143,30,28,29,14,415,83,82,1510],"class_list":{"0":"post-108795","1":"post","2":"type-post","3":"status-publish","4":"format-standard","5":"has-post-thumbnail","7":"category-sport","8":"tag-art","9":"tag-lorenskog","10":"tag-mittlorenskog","11":"tag-no","12":"tag-norge","13":"tag-norway","14":"tag-nyheter","15":"tag-ost-politidistrikt","16":"tag-sport","17":"tag-sports","18":"tag-story"},"share_on_mastodon":{"url":"https:\/\/pubeurope.com\/@no\/115691528468097130","error":""},"_links":{"self":[{"href":"https:\/\/www.europesays.com\/no\/wp-json\/wp\/v2\/posts\/108795","targetHints":{"allow":["GET"]}}],"collection":[{"href":"https:\/\/www.europesays.com\/no\/wp-json\/wp\/v2\/posts"}],"about":[{"href":"https:\/\/www.europesays.com\/no\/wp-json\/wp\/v2\/types\/post"}],"author":[{"embeddable":true,"href":"https:\/\/www.europesays.com\/no\/wp-json\/wp\/v2\/users\/2"}],"replies":[{"embeddable":true,"href":"https:\/\/www.europesays.com\/no\/wp-json\/wp\/v2\/comments?post=108795"}],"version-history":[{"count":0,"href":"https:\/\/www.europesays.com\/no\/wp-json\/wp\/v2\/posts\/108795\/revisions"}],"wp:featuredmedia":[{"embeddable":true,"href":"https:\/\/www.europesays.com\/no\/wp-json\/wp\/v2\/media\/7393"}],"wp:attachment":[{"href":"https:\/\/www.europesays.com\/no\/wp-json\/wp\/v2\/media?parent=108795"}],"wp:term":[{"taxonomy":"category","embeddable":true,"href":"https:\/\/www.europesays.com\/no\/wp-json\/wp\/v2\/categories?post=108795"},{"taxonomy":"post_tag","embeddable":true,"href":"https:\/\/www.europesays.com\/no\/wp-json\/wp\/v2\/tags?post=108795"}],"curies":[{"name":"wp","href":"https:\/\/api.w.org\/{rel}","templated":true}]}}