{"id":108808,"date":"2025-12-09T20:50:11","date_gmt":"2025-12-09T20:50:11","guid":{"rendered":"https:\/\/www.europesays.com\/no\/108808\/"},"modified":"2025-12-09T20:50:11","modified_gmt":"2025-12-09T20:50:11","slug":"tilbakekalling-forbruker-coop-tilbakekaller-produkt","status":"publish","type":"post","link":"https:\/\/www.europesays.com\/no\/108808\/","title":{"rendered":"Tilbakekalling, Forbruker | Coop tilbakekaller produkt"},"content":{"rendered":"\n<p>Tilbakekaller X-tra Italiensk Salat 400 gram<\/p>\n<p>9.12.2025 14:24:28 | Coop Norge | Pressemelding<\/p>\n<p>Coop tilbakekaller X-tra Italiensk Salat 400 gram med best f\u00f8r dato 26.12.2025. \u00c5rsaken er at det er funnet metallbiter i produktet.<\/p>\n<p>Coop melder i en pressemelding at de tilbakekaller X-tra Italiensk Salat 400 gram, etter at det er funnet metallbiter i produktet. Produktet er solgt i Coop-butikker i hele Norge og er fjernet fra butikk.<\/p>\n<p>&#8211; Fremmedlegemer, som metallbiter, kan medf\u00f8re helsefare. Kundene skal v\u00e6re trygge p\u00e5 produktene de kj\u00f8per i Coop-butikkene. Derfor kalles produktet tilbake, opplyses det i pressemeldingen. <\/p>\n<p><b>Tilbakekallingen gjelder:<\/b><\/p>\n<p>Produkt: X-tra Italiensk Salat 400 g<\/p>\n<p>Holdbarhetsdato: 26.12.2025.<\/p>\n<p><b>Coop oppfordrer forbrukere som har kj\u00f8pt produktet om \u00e5 kaste dette, eller levere produktet tilbake til butikk og f\u00e5 pengene tilbake.<\/b><\/p>\n<p>   <img decoding=\"async\" width=\"600\" height=\"451\" fetchpriority=\"low\"  loading=\"lazy\"  src=\"https:\/\/www.europesays.com\/no\/wp-content\/uploads\/2025\/12\/0664d37e-16ee-4cf4-a255-39a320935765.jpg\" alt=\"\" class=\"brick-c-cFOWSL\" style=\"--brick-image-ratio: 600 \/ 451;\"\/><\/p>\n","protected":false},"excerpt":{"rendered":"Tilbakekaller X-tra Italiensk Salat 400 gram 9.12.2025 14:24:28 | Coop Norge | Pressemelding Coop tilbakekaller X-tra Italiensk Salat&hellip;\n","protected":false},"author":2,"featured_media":1273,"comment_status":"","ping_status":"","sticky":false,"template":"","format":"standard","meta":{"footnotes":""},"categories":[10],"tags":[36,20,21,1749,24,25,823,15,22,23,13,30,28,29,14,16,1510,4079,26,27],"class_list":{"0":"post-108808","1":"post","2":"type-post","3":"status-publish","4":"format-standard","5":"has-post-thumbnail","7":"category-norge","8":"tag-art","9":"tag-breaking-news","10":"tag-breakingnews","11":"tag-coop","12":"tag-featured-news","13":"tag-featurednews","14":"tag-forbruker","15":"tag-headlines","16":"tag-latest-news","17":"tag-latestnews","18":"tag-news","19":"tag-no","20":"tag-norge","21":"tag-norway","22":"tag-nyheter","23":"tag-overskrifter","24":"tag-story","25":"tag-tilbakekalling","26":"tag-top-stories","27":"tag-topstories"},"share_on_mastodon":{"url":"https:\/\/pubeurope.com\/@no\/115691587340366226","error":""},"_links":{"self":[{"href":"https:\/\/www.europesays.com\/no\/wp-json\/wp\/v2\/posts\/108808","targetHints":{"allow":["GET"]}}],"collection":[{"href":"https:\/\/www.europesays.com\/no\/wp-json\/wp\/v2\/posts"}],"about":[{"href":"https:\/\/www.europesays.com\/no\/wp-json\/wp\/v2\/types\/post"}],"author":[{"embeddable":true,"href":"https:\/\/www.europesays.com\/no\/wp-json\/wp\/v2\/users\/2"}],"replies":[{"embeddable":true,"href":"https:\/\/www.europesays.com\/no\/wp-json\/wp\/v2\/comments?post=108808"}],"version-history":[{"count":0,"href":"https:\/\/www.europesays.com\/no\/wp-json\/wp\/v2\/posts\/108808\/revisions"}],"wp:featuredmedia":[{"embeddable":true,"href":"https:\/\/www.europesays.com\/no\/wp-json\/wp\/v2\/media\/1273"}],"wp:attachment":[{"href":"https:\/\/www.europesays.com\/no\/wp-json\/wp\/v2\/media?parent=108808"}],"wp:term":[{"taxonomy":"category","embeddable":true,"href":"https:\/\/www.europesays.com\/no\/wp-json\/wp\/v2\/categories?post=108808"},{"taxonomy":"post_tag","embeddable":true,"href":"https:\/\/www.europesays.com\/no\/wp-json\/wp\/v2\/tags?post=108808"}],"curies":[{"name":"wp","href":"https:\/\/api.w.org\/{rel}","templated":true}]}}