{"id":108811,"date":"2025-12-09T20:52:12","date_gmt":"2025-12-09T20:52:12","guid":{"rendered":"https:\/\/www.europesays.com\/no\/108811\/"},"modified":"2025-12-09T20:52:12","modified_gmt":"2025-12-09T20:52:12","slug":"et-lydniva-jeg-aldri-har-hort-nrk-sport-sportsnyheter-resultater-og-sendeplan","status":"publish","type":"post","link":"https:\/\/www.europesays.com\/no\/108811\/","title":{"rendered":"\u2013 Et lydniv\u00e5 jeg aldri har h\u00f8rt \u2013 NRK Sport \u2013 Sportsnyheter, resultater og sendeplan"},"content":{"rendered":"<p>Saken oppdateres. Kampen p\u00e5g\u00e5r fortsatt og kan h\u00f8res p\u00e5 <a href=\"https:\/\/radio.nrk.no\/direkte\/sport\" ec-id=\"https:\/\/radio.nrk.no\/direkte\/sport\" ec-name=\"NRK Sport\" rel=\"nofollow noopener\" target=\"_blank\">NRK Sport<\/a>.<\/p>\n<p>Onsdag gjester Bod\u00f8\/Glimt tyske Borussia Dortmund til en meget viktig kamp i Mesterligaen i fotball.<\/p>\n<p>Dagen i forveien lager hundre Glimt-fans et enormt leven p\u00e5 tribunen under h\u00e5ndballjentenes kvartfinale mot Montenegro, i nettopp Dortmund.<\/p>\n<p><strong>\u2013 Det er et lydniv\u00e5 jeg ikke kan huske \u00e5 ha v\u00e6rt med p\u00e5, sier NRKs h\u00e5ndballkommentator Patrick Sten Rowlands.<\/strong><\/p>\n<p>\u2013 Jeg har v\u00e6rt i en del haller hvor vi har spilt \u00abJa, vi elsker\u00bb, men et s\u00e5nt lydniv\u00e5 har jeg aldri h\u00f8rt i en arena. Til og med n\u00e5r Norge har spilt hjemme, sier Viaplay-ekspert Gunnar Pettersen.<\/p>\n<p><img decoding=\"async\"   src=\"data:image\/gif;base64,R0lGODlhAQABAIAAAAAAAP\/\/\/yH5BAEAAAAALAAAAAABAAEAAAIBRAA7\" loading=\"eager\" alt=\"Bod\u00f8\/Glimt-fans p\u00e5 tribunen\" title=\"Foto: Beate Oma Dahle \/ NTB\"\/><\/p>\n<p class=\"\">FOTBALLSANGER: \u00abAlt for Norge\u00bb var blant sangene som ble valgt.<\/p>\n<p>Foto: Beate Oma Dahle \/ NTB<\/p>\n<p>Vil ha fotballfans oftere<\/p>\n<p>De gulkledde hopper opp og ned og synger flere av sine egne Glimt-sanger gjennom kampen.<\/p>\n<p>I den f\u00f8rste omgangen runger ogs\u00e5 \u00abVenner\u00bb av Halvdan Sivertsen i arenaen, en mann som er kjent for \u00e5 v\u00e6re en ihuga Glimt-supporter.<\/p>\n<p>Norges assistenttrener Mats Olsson er i pausen i ekstase over lydniv\u00e5et under den f\u00f8rste omgangen.<\/p>\n<p><strong>\u2013 Det er fantastisk. Jeg h\u00e5per Glimt spiller alle dager vi er p\u00e5 samme plass. Med den gule veggen s\u00e5 er det fantastisk stemning, sier Olsson.<\/strong><\/p>\n<p>Assistrenttreneren mener man sjelden f\u00e5r tilsvarende stemning i en kvartfinale hvor ingen av lagene spiller p\u00e5 hjemmebane.<\/p>\n<p>\u2013 Det er helt nydelig. De heier som om de er p\u00e5 en fotballkamp, sier Stine Skogrand til Viaplay i pausen.<\/p>\n<p><img decoding=\"async\"   src=\"data:image\/gif;base64,R0lGODlhAQABAIAAAAAAAP\/\/\/yH5BAEAAAAALAAAAAABAAEAAAIBRAA7\" loading=\"eager\" alt=\"\" title=\"Foto: Beate Oma Dahle \/ NTB\"\/><\/p>\n<p class=\"\">STORSPILLER: Henny Reistad scoret seks m\u00e5l i den f\u00f8rste omgangen.<\/p>\n<p>Foto: Beate Oma Dahle \/ NTB<\/p>\n<p>\u2013 Kunne ikke blitt bedre<\/p>\n<p>Tidligere tirsdag fortalte <a href=\"https:\/\/www.nrk.no\/sport\/handballens-venner-slit-med-rekrutteringa-og-prover-na-unge-med-tiktok-1.17682085\" ec-id=\"pp:article:1.17682085\" ec-name=\"NRK\" rel=\"nofollow noopener\" target=\"_blank\">NRK <\/a>om grepet Norges trofaste supportere \u00abH\u00e5ndballens venner\u00bb har tatt for \u00e5 tiltrekke seg flere fans.<\/p>\n<p><strong>Den voldsomme st\u00f8tten fra tribunen i kvartfinalen st\u00e5r nemlig i motsetning til Norges kamper tidligere i mesterskapet.<\/strong><\/p>\n<p>I hovedrunden stod mange seter tomme da Norge knuste Sverige.<\/p>\n<p><img decoding=\"async\"   src=\"data:image\/gif;base64,R0lGODlhAQABAIAAAAAAAP\/\/\/yH5BAEAAAAALAAAAAABAAEAAAIBRAA7\" loading=\"eager\" alt=\"Norge-supportere\" title=\"Foto: Beate Oma Dahle \/ NTB\"\/><\/p>\n<p class=\"\">KUBJELLER OGS\u00c5: B\u00e5de gule og r\u00f8d Norge-fans er p\u00e5 plass i Westfalenhalle for \u00e5 f\u00f8lge Norges kvartfinale.<\/p>\n<p>Foto: Beate Oma Dahle \/ NTB<\/p>\n<p>\u2013 I dag er det ekstremt og spesielt. Vi har en hel gjeng fra Nord-Norge som heier p\u00e5 Norge i tillegg. Det er fantastisk stemning, sier styreleder i \u00abH\u00e5ndballens venner\u00bb Sigvard Ir Magelssen til NRK i pausen.<\/p>\n<p>\u2013 Hvordan er det \u00e5 f\u00e5 drahjelp?<\/p>\n<p>\u2013 Det er veldig bra. Det kunne ikke blitt bedre.<\/p>\n<p>\u2013 Har du opplev dette f\u00f8r?<\/p>\n<p><strong>\u2013 Ikke s\u00e5 voldsomt som n\u00e5r Bod\u00f8-gjengen setter i gang. Det er utrolig bra.<\/strong><\/p>\n<p>Overkj\u00f8ring fra start<\/p>\n<p>Norge har kj\u00f8rt fullstendig over sine motstandere s\u00e5 langt i verdensmesterskapet.<\/p>\n<p>Seieren med minst margin kom mot Angola i det innledende gruppespillet, da Norge vant 31\u201319.<\/p>\n<p>I kvartfinalen f\u00f8yk ogs\u00e5 Norge ut av startblokkene, og ledet 4\u20130 da fem minutter var spilt<\/p>\n<p>\u2013 Sp\u00f8rsm\u00e5let er om spenningen allerede er borte, kommenterte Rowlands.<\/p>\n<p>Montenegro kom til slutt p\u00e5 m\u00e5ltavla, men Norge leder fremdeles med god margin.<\/p>\n<p><img decoding=\"async\"   src=\"data:image\/gif;base64,R0lGODlhAQABAIAAAAAAAP\/\/\/yH5BAEAAAAALAAAAAABAAEAAAIBRAA7\" loading=\"eager\" alt=\"Maren Aardahl skyter\" title=\"Foto: Beate Oma Dahle \/ NTB\"\/><\/p>\n<p>Foto: Beate Oma Dahle \/ NTB<\/p>\n<p>Gul tribune<\/p>\n<p>En av supporterne NRK m\u00f8tte f\u00f8r kampstart var godt forn\u00f8yd med \u00e5 f\u00e5 med seg to storkamper p\u00e5 samme tur.<\/p>\n<p>\u2013 Det blir jo helt fantastisk. Den st\u00f8rste er i morgen da, smiler Jan Egil Kaspersen og legger til:<\/p>\n<p>\u2013 Selvf\u00f8lgelig skal vi stille opp i dag ogs\u00e5 for \u00e5 heie p\u00e5 Norge.<\/p>\n<p>Han hadde stor tro p\u00e5 det norske landslaget.<\/p>\n<p>\u2013 I dag blir det knusing. Norge knuser Montenegro, og i morgen knuser Glimt Dortmund, sa Kaspersen f\u00f8r han fikk korrekt i sin sp\u00e5dom om at de ogs\u00e5 kom til \u00e5 vinne kampen p\u00e5 tribunen.<\/p>\n<p>Kvartfinalens seierherre skal spille semifinale mot vinneren av Nederland og Ungarn fredag.<\/p>\n<p>Den kampen spilles i Rotterdam i Nederland.<\/p>\n<p>        St\u00e5le Solbakken: \u2013Jeg hater det<\/p>\n<p>    <img decoding=\"async\" class=\"playlist-item__img\" src=\"https:\/\/www.europesays.com\/no\/wp-content\/uploads\/2025\/12\/yySttM_laZA1gpvxWZWVcw2vyvuCpPYaA8HMt2L52Zdg.jpeg\"\/><br \/>\n     \u00abJinxer\u00bb Viking det med gull\u00f8let her<br \/>\n    00:39<\/p>\n<p>    <img decoding=\"async\" class=\"playlist-item__img\" src=\"https:\/\/www.europesays.com\/no\/wp-content\/uploads\/2025\/12\/8T8wo9gAULSdkm0hng4mdQqpl8NHrz4_ureOf9g97LhA.jpeg\"\/><br \/>\n     34 \u00e5r siden Viking tok gull<br \/>\n    01:08<\/p>\n<p>    <img decoding=\"async\" class=\"playlist-item__img\" src=\"https:\/\/www.europesays.com\/no\/wp-content\/uploads\/2025\/12\/wkEVta2glnNYKn7fuw5DvgHAEgT2Xe_VXCTURyRzZtsg.jpeg\"\/><br \/>\n     Feirer med \u00abgriddy\u00bb mot Brasil<br \/>\n    01:00<\/p>\n<p>\n          Vis flere\n        <\/p>\n<p>Publisert<\/p>\n<p>09.12.2025, kl. 20.55<\/p>\n<p>Oppdatert<\/p>\n<p>09.12.2025, kl. 21.49<\/p>\n","protected":false},"excerpt":{"rendered":"Saken oppdateres. Kampen p\u00e5g\u00e5r fortsatt og kan h\u00f8res p\u00e5 NRK Sport. Onsdag gjester Bod\u00f8\/Glimt tyske Borussia Dortmund til&hellip;\n","protected":false},"author":2,"featured_media":108812,"comment_status":"","ping_status":"","sticky":false,"template":"","format":"standard","meta":{"footnotes":""},"categories":[59],"tags":[30,28,29,83,82],"class_list":{"0":"post-108811","1":"post","2":"type-post","3":"status-publish","4":"format-standard","5":"has-post-thumbnail","7":"category-sport","8":"tag-no","9":"tag-norge","10":"tag-norway","11":"tag-sport","12":"tag-sports"},"share_on_mastodon":{"url":"https:\/\/pubeurope.com\/@no\/115691595195763988","error":""},"_links":{"self":[{"href":"https:\/\/www.europesays.com\/no\/wp-json\/wp\/v2\/posts\/108811","targetHints":{"allow":["GET"]}}],"collection":[{"href":"https:\/\/www.europesays.com\/no\/wp-json\/wp\/v2\/posts"}],"about":[{"href":"https:\/\/www.europesays.com\/no\/wp-json\/wp\/v2\/types\/post"}],"author":[{"embeddable":true,"href":"https:\/\/www.europesays.com\/no\/wp-json\/wp\/v2\/users\/2"}],"replies":[{"embeddable":true,"href":"https:\/\/www.europesays.com\/no\/wp-json\/wp\/v2\/comments?post=108811"}],"version-history":[{"count":0,"href":"https:\/\/www.europesays.com\/no\/wp-json\/wp\/v2\/posts\/108811\/revisions"}],"wp:featuredmedia":[{"embeddable":true,"href":"https:\/\/www.europesays.com\/no\/wp-json\/wp\/v2\/media\/108812"}],"wp:attachment":[{"href":"https:\/\/www.europesays.com\/no\/wp-json\/wp\/v2\/media?parent=108811"}],"wp:term":[{"taxonomy":"category","embeddable":true,"href":"https:\/\/www.europesays.com\/no\/wp-json\/wp\/v2\/categories?post=108811"},{"taxonomy":"post_tag","embeddable":true,"href":"https:\/\/www.europesays.com\/no\/wp-json\/wp\/v2\/tags?post=108811"}],"curies":[{"name":"wp","href":"https:\/\/api.w.org\/{rel}","templated":true}]}}