{"id":108821,"date":"2025-12-09T21:00:41","date_gmt":"2025-12-09T21:00:41","guid":{"rendered":"https:\/\/www.europesays.com\/no\/108821\/"},"modified":"2025-12-09T21:00:41","modified_gmt":"2025-12-09T21:00:41","slug":"beverly-byliv-fikk-en-lys-ide-til-20-000-kroner-vi-gjor-det-for-byen","status":"publish","type":"post","link":"https:\/\/www.europesays.com\/no\/108821\/","title":{"rendered":"Beverly, Byliv | Fikk en lys id\u00e9 til 20.000 kroner: \u2013 Vi gj\u00f8r det for byen"},"content":{"rendered":"\n<p>Forbipasserende i V\u00e5gen i Stavanger kan ikke unng\u00e5 \u00e5 legge merke til alle julelysene p\u00e5 Beverly.<\/p>\n<p><b>Lysene har v\u00e6rt en tradisjon siden 2010. Kikker du n\u00f8ye etter, er det \u00e9n figur som skiller seg ut i \u00e5r. <\/b><\/p>\n<p>\u00d8verst p\u00e5 huset kan du nemlig se en pokal. Under pokalen st\u00e5r det \u00abViking FK seriemester\u00bb.<\/p>\n<p>Ideen om \u00e5 f\u00e5 laget en pokal kom for to \u00e5r siden da Viking gjorde det bra. I all hemmelighet ble en pokal tegnet opp.<\/p>\n<p>\u2013 Men s\u00e5 kom h\u00f8stsprekken til Viking, s\u00e5 det ble aldri at vi bestilte den. Utover h\u00f8sten i \u00e5r, tok vi fram igjen tegningene. I landslagspausen i oktober bestilte vi den, sier Tommy N\u00e6rland til RA Stavanger.<\/p>\n<p>   <img decoding=\"async\" width=\"6000\" height=\"3368\" fetchpriority=\"low\"  loading=\"lazy\"  src=\"https:\/\/www.europesays.com\/no\/wp-content\/uploads\/2025\/12\/8Q1A9841_.JPG\" alt=\"\" class=\"brick-c-cFOWSL\" style=\"--brick-image-ratio: 6000 \/ 3368;\"\/><\/p>\n<p>      Utestedet har tradisjonen tro blitt pyntet med julelys.<br \/>\n      Foto: Kirsten H\u00e5land\n    <\/p>\n<p>Selv synes han pokalen ble sykt kul.<\/p>\n<p>\u2013 Den har neonlys og greier. Og s\u00e5 skinner den nesten litt bedre enn julelysgreiene. Vi har f\u00e5tt mange tilbakemeldinger. Folk stopper opp og tar bilder hele tiden, sier N\u00e6rland.<\/p>\n<p>Da Viking vant seriegull s\u00f8ndag 30. november, var planen \u00e5 ta i bruk en lift og tenne lyset i pokalen sammen med en liten seremoni.<\/p>\n<p>Slik gikk det ikke.<\/p>\n<p><b>\u2013 Vi fikk ikke lov av politiet fordi det var s\u00e5 mye folk i byen den dagen. I stedet hengte vi pokalen p\u00e5 plass dagen etter, uten at noen fikk det med seg. Vi har full forst\u00e5else for at det ble som det ble, sier N\u00e6rland. <\/b><\/p>\n<p>   <img decoding=\"async\" width=\"6000\" height=\"3368\" fetchpriority=\"low\"  loading=\"lazy\"  src=\"https:\/\/www.europesays.com\/no\/wp-content\/uploads\/2025\/12\/8Q1A9844.JPG\" alt=\"\" class=\"brick-c-cFOWSL\" style=\"--brick-image-ratio: 6000 \/ 3368;\"\/><\/p>\n<p>      Tommy N\u00e6rland og Beverly \u00f8nsker \u00e5 lyse opp i m\u00f8rketida.<br \/>\n      Foto: Kirsten H\u00e5land\n    <\/p>\n<p>Pokalen skal n\u00e5 henge en m\u00e5neds tid f\u00f8r den skal ned igjen. Kanskje f\u00e5r den plass ogs\u00e5 neste \u00e5r.<\/p>\n<p>\u2013 Hva koster en s\u00e5nn pokal?<\/p>\n<p>\u2013 Den kostet 20.000 kroner. Vi synes det er verdt det. Vi gj\u00f8r det for byen, for ungene, for \u00e5 lyse opp i en m\u00f8rketid. Det er blitt en tradisjon med alle disse lysene. Det er v\u00e5r m\u00e5te \u00e5 gi litt tilbake til Stavanger.<\/p>\n<p>  <a href=\"https:\/\/www.rastavanger.no\/5-165-187922\" class=\"related-teaser has-image default-feature-teaser article--c-eRUmMG article--c-eRUmMG-jKCPdD-design-default\" rel=\"nofollow noopener\" target=\"_blank\"><\/p>\n<p>    <img decoding=\"async\" loading=\"lazy\"  src=\"https:\/\/www.europesays.com\/no\/wp-content\/uploads\/2025\/12\/1765314038_946_8Q1A9862.JPG\" alt=\"\" class=\"brick-c-cFOWSL\" style=\"\"\/><\/p>\n<p>\n            Les ogs\u00e5<\/p>\n<p>              Da \u00abEin bl\u00e5e dag\u00bb ble sunget av tusenvis av fans, brast det. N\u00e5 tror festgeneralen p\u00e5 nye bragder\n        <\/p>\n<p>  <\/a><\/p>\n<p>  <a href=\"https:\/\/www.rastavanger.no\/5-165-184085\" class=\"related-teaser has-image default-story-teaser article--c-eRUmMG article--c-eRUmMG-jKCPdD-design-default\" rel=\"nofollow noopener\" target=\"_blank\"><\/p>\n<p>    <img decoding=\"async\" loading=\"lazy\"  src=\"https:\/\/www.europesays.com\/no\/wp-content\/uploads\/2025\/12\/image_B2B59EE2-8B72-47C9-BB24-F8A6700AA5C0_1764432650.jpeg\" alt=\"\" class=\"brick-c-cFOWSL\" style=\"\"\/><\/p>\n<p>\n            Les ogs\u00e5<\/p>\n<p>              Lindy og familien flyttet til Stavanger i sommer, men har allerede skj\u00f8nt hva som f\u00e5r folk her i julestemning\n        <\/p>\n<p>  <\/a><\/p>\n<p>  <a href=\"https:\/\/www.rastavanger.no\/5-165-184032\" class=\"related-teaser has-image default-story-teaser article--c-eRUmMG article--c-eRUmMG-jKCPdD-design-default\" rel=\"nofollow noopener\" target=\"_blank\"><\/p>\n<p>    <img decoding=\"async\" loading=\"lazy\"  src=\"https:\/\/www.europesays.com\/no\/wp-content\/uploads\/2025\/12\/IMG_9961.JPG\" alt=\"\" class=\"brick-c-cFOWSL\" style=\"\"\/><\/p>\n<p>\n            Les ogs\u00e5<\/p>\n<p>              Stina og Ranveig reiste til Stavanger med gullkjole i bagasjen\n        <\/p>\n<p>  <\/a><\/p>\n<p>  <a href=\"https:\/\/www.rastavanger.no\/5-165-176674\" class=\"related-teaser has-image default-story-teaser article--c-eRUmMG article--c-eRUmMG-jKCPdD-design-default\" rel=\"nofollow noopener\" target=\"_blank\"><\/p>\n<p>    <img decoding=\"async\" loading=\"lazy\"  src=\"https:\/\/www.europesays.com\/no\/wp-content\/uploads\/2025\/11\/3f4e0c4b-60c0-494f-b90f-19e42d15f9e7.jpeg\" alt=\"\" class=\"brick-c-cFOWSL\" style=\"\"\/><\/p>\n<p>\n            Les ogs\u00e5<\/p>\n<p>              Beverly flytter julelystenningen p\u00e5 grunn av Viking\n        <\/p>\n<p>  <\/a><\/p>\n","protected":false},"excerpt":{"rendered":"Forbipasserende i V\u00e5gen i Stavanger kan ikke unng\u00e5 \u00e5 legge merke til alle julelysene p\u00e5 Beverly. Lysene har&hellip;\n","protected":false},"author":2,"featured_media":108822,"comment_status":"","ping_status":"","sticky":false,"template":"","format":"standard","meta":{"footnotes":""},"categories":[59],"tags":[36,13469,3479,13470,30,28,29,12140,83,82,1306,1510,435],"class_list":{"0":"post-108821","1":"post","2":"type-post","3":"status-publish","4":"format-standard","5":"has-post-thumbnail","7":"category-sport","8":"tag-art","9":"tag-beverly","10":"tag-byliv","11":"tag-lystenning","12":"tag-no","13":"tag-norge","14":"tag-norway","15":"tag-seriegull","16":"tag-sport","17":"tag-sports","18":"tag-stavanger","19":"tag-story","20":"tag-viking"},"share_on_mastodon":{"url":"https:\/\/pubeurope.com\/@no\/115691626921882938","error":""},"_links":{"self":[{"href":"https:\/\/www.europesays.com\/no\/wp-json\/wp\/v2\/posts\/108821","targetHints":{"allow":["GET"]}}],"collection":[{"href":"https:\/\/www.europesays.com\/no\/wp-json\/wp\/v2\/posts"}],"about":[{"href":"https:\/\/www.europesays.com\/no\/wp-json\/wp\/v2\/types\/post"}],"author":[{"embeddable":true,"href":"https:\/\/www.europesays.com\/no\/wp-json\/wp\/v2\/users\/2"}],"replies":[{"embeddable":true,"href":"https:\/\/www.europesays.com\/no\/wp-json\/wp\/v2\/comments?post=108821"}],"version-history":[{"count":0,"href":"https:\/\/www.europesays.com\/no\/wp-json\/wp\/v2\/posts\/108821\/revisions"}],"wp:featuredmedia":[{"embeddable":true,"href":"https:\/\/www.europesays.com\/no\/wp-json\/wp\/v2\/media\/108822"}],"wp:attachment":[{"href":"https:\/\/www.europesays.com\/no\/wp-json\/wp\/v2\/media?parent=108821"}],"wp:term":[{"taxonomy":"category","embeddable":true,"href":"https:\/\/www.europesays.com\/no\/wp-json\/wp\/v2\/categories?post=108821"},{"taxonomy":"post_tag","embeddable":true,"href":"https:\/\/www.europesays.com\/no\/wp-json\/wp\/v2\/tags?post=108821"}],"curies":[{"name":"wp","href":"https:\/\/api.w.org\/{rel}","templated":true}]}}