{"id":108823,"date":"2025-12-09T21:01:34","date_gmt":"2025-12-09T21:01:34","guid":{"rendered":"https:\/\/www.europesays.com\/no\/108823\/"},"modified":"2025-12-09T21:01:34","modified_gmt":"2025-12-09T21:01:34","slug":"aurskog-konsert-skikkelig-julestemning-med-to-kor","status":"publish","type":"post","link":"https:\/\/www.europesays.com\/no\/108823\/","title":{"rendered":"Aurskog, Konsert | Skikkelig julestemning med to kor"},"content":{"rendered":"\n<p>Sangkoret A Cantus svikter ikke tradisjonen og inviterer til julekonsert i Aurskog kirke 14. desember. I \u00e5r deler de imidlertid konserten med S\u00f8ndre H\u00f8land Blandede Kor, s\u00e5 publikum f\u00e5r juletoner fra to kor til prisen for ett.<\/p>\n<p>\u2013 De to korene skal synge tradisjonelle og nyere, klassiske og swingende julesanger, b\u00e5de sammen og hver for seg. M\u00e5lsettingen er som alltid at publikum skal dra hjem med mer julestemning enn de hadde da de kom, forteller styreleder Gudrun Helleve i A Cantus.<\/p>\n<p>God og blandet julemusikk <\/p>\n<p>S\u00f8ndre H\u00f8land Blandede kor og A Cantus vil pakke opp julegavene p\u00e5 forh\u00e5nd og i full offentlighet. De inneholder blant annet juleklassikere som \u00abMitt hjerte alltid vanker\u00bb, \u00abKling no klokka\u00bb og \u00abDet kimer n\u00e5 til julefest\u00bb, men ogs\u00e5 nyere sanger som engelske \u00abCalypso Carol\u00bb og svenske \u00abKopp\u00e5ngen\u00bb.<\/p>\n<p>Sangerne pakker ogs\u00e5 opp popul\u00e6r amerikanske juleswing som \u00abWinter Wonderland\u00bb, \u00abJinglebell Rock\u00bb, \u00abWhite Christmas\u00bb og \u00abLet it snow\u00bb. Dessuten gode, gamle \u00abDen hellige staden\u00bb og Mozarts \u00abAve Verum Corpus\u00bb med orgelakkompagnement. De to korene sl\u00e5r seg sammen i \u00abNordnorsk julesalme\u00bb og \u00abO helga natt\u00bb.<\/p>\n<p>Orgelbrus og varme stemmer <\/p>\n<p>Helleve forteller at begge korene over tid har arbeidet mye med klangen og fylden i stemmene, noe publikum f\u00e5r oppleve under de h\u00f8ye hvelvene i Aurskog kirke. Dirigentene Grazyna Saxegaard og Jan Lindgren vil lede korene med stor entusiasme. Korene byr ogs\u00e5 p\u00e5 solister fra egne rekker.<\/p>\n<p>Sangerne fra S\u00f8ndre H\u00f8land har som alltid med seg Richard Morgen som akkompagnat\u00f8r, mens Aurskog-koret nok en gang har med Yngve Haltbakk. De to skal briljere p\u00e5 b\u00e5de piano og orgelet som vil bruse utover kirken.<\/p>\n<p>Stor aktivitet <\/p>\n<p>S\u00f8ndre H\u00f8land Blandede Kor er sv\u00e6rt aktivt i n\u00e6rmilj\u00f8et og holdt nylig en allsangkonsert p\u00e5 hjemmebane. Torsdag 18. desember holder de julekonsert i S\u00f8ndre H\u00f8land kirke.<\/p>\n<p>A Cantus feiret tidligere i \u00e5r sitt 35-\u00e5rsjubileum med en tur til Liverpool, der de blant annet sang i Storbritannias st\u00f8rste katedral og m\u00f8te sitt nye vennskapskor Liverpool Community Choir. I mars neste \u00e5r tar de med seg fire musikere og lager festkonsert i Kulturarenaen med popl\u00e5ter fra perioden 1955-1965.<\/p>\n<p>Begge korene kan ta imot nye sangere fra nytt\u00e5r, enten du bor nord eller s\u00f8r i bygda, er det bare \u00e5 melde seg.<\/p>\n","protected":false},"excerpt":{"rendered":"Sangkoret A Cantus svikter ikke tradisjonen og inviterer til julekonsert i Aurskog kirke 14. desember. I \u00e5r deler&hellip;\n","protected":false},"author":2,"featured_media":108824,"comment_status":"","ping_status":"","sticky":false,"template":"","format":"standard","meta":{"footnotes":""},"categories":[58],"tags":[13471,36,619,71,5593,9157,155,30,28,29,1510,72],"class_list":{"0":"post-108823","1":"post","2":"type-post","3":"status-publish","4":"format-standard","5":"has-post-thumbnail","7":"category-underholdning","8":"tag-a-cantus","9":"tag-art","10":"tag-aurskog","11":"tag-entertainment","12":"tag-jul","13":"tag-julekonsert","14":"tag-konsert","15":"tag-no","16":"tag-norge","17":"tag-norway","18":"tag-story","19":"tag-underholdning"},"share_on_mastodon":{"url":"https:\/\/pubeurope.com\/@no\/115691630473679295","error":""},"_links":{"self":[{"href":"https:\/\/www.europesays.com\/no\/wp-json\/wp\/v2\/posts\/108823","targetHints":{"allow":["GET"]}}],"collection":[{"href":"https:\/\/www.europesays.com\/no\/wp-json\/wp\/v2\/posts"}],"about":[{"href":"https:\/\/www.europesays.com\/no\/wp-json\/wp\/v2\/types\/post"}],"author":[{"embeddable":true,"href":"https:\/\/www.europesays.com\/no\/wp-json\/wp\/v2\/users\/2"}],"replies":[{"embeddable":true,"href":"https:\/\/www.europesays.com\/no\/wp-json\/wp\/v2\/comments?post=108823"}],"version-history":[{"count":0,"href":"https:\/\/www.europesays.com\/no\/wp-json\/wp\/v2\/posts\/108823\/revisions"}],"wp:featuredmedia":[{"embeddable":true,"href":"https:\/\/www.europesays.com\/no\/wp-json\/wp\/v2\/media\/108824"}],"wp:attachment":[{"href":"https:\/\/www.europesays.com\/no\/wp-json\/wp\/v2\/media?parent=108823"}],"wp:term":[{"taxonomy":"category","embeddable":true,"href":"https:\/\/www.europesays.com\/no\/wp-json\/wp\/v2\/categories?post=108823"},{"taxonomy":"post_tag","embeddable":true,"href":"https:\/\/www.europesays.com\/no\/wp-json\/wp\/v2\/tags?post=108823"}],"curies":[{"name":"wp","href":"https:\/\/api.w.org\/{rel}","templated":true}]}}