{"id":108833,"date":"2025-12-09T21:07:09","date_gmt":"2025-12-09T21:07:09","guid":{"rendered":"https:\/\/www.europesays.com\/no\/108833\/"},"modified":"2025-12-09T21:07:09","modified_gmt":"2025-12-09T21:07:09","slug":"bayerns-supertenaring-skrev-cl-historie-i-comebackseier","status":"publish","type":"post","link":"https:\/\/www.europesays.com\/no\/108833\/","title":{"rendered":"Bayerns superten\u00e5ring skrev CL-historie i comebackseier"},"content":{"rendered":"<p> Karl hjalp Bayern M\u00fcnchen til 3-1 over Sporting Lisboa. Milep\u00e6len ble satt da Karl avsluttet i n\u00e6rmeste kryss dr\u00f8yt 20 minutter f\u00f8r slutt. Det gjorde han i en alder av 17 \u00e5r og 90 dager.<\/p>\n<p>\nIngen har tidligere spilt seg til m\u00e5l i tre CL-kamper p\u00e5 rad i en s\u00e5 ung alder, <a href=\"https:\/\/x.com\/FabrizioRomano\/status\/1998475013448675427\" target=\"_blank\" rel=\"nofollow\">melder<\/a> fotballkjenneren Fabrizio Romano. Nylig scoret Karl mot Brugge og Arsenal.<\/p>\n<p>Bayern slet lenge i egen storstue, og tidlig i 2.-omgangen sklitaklet Joshua Kimmich ballen i eget nett etter en Sporting-kontring.<\/p>\n<p>Ti minutter senere var lagene like langt. Serge Gnabry fikset 1-1 p\u00e5 en corner, mens Karl skrev et stykke mesterligahistorie like etter. Senere trygget Jonathan Tah seieren.<\/p>\n<p>Bayern har vunnet fem av seks kamper i Europa hittil i sesongen.<\/p>\n<p>(\u00a9NTB)<\/p>\n","protected":false},"excerpt":{"rendered":"Karl hjalp Bayern M\u00fcnchen til 3-1 over Sporting Lisboa. Milep\u00e6len ble satt da Karl avsluttet i n\u00e6rmeste kryss&hellip;\n","protected":false},"author":2,"featured_media":108834,"comment_status":"","ping_status":"","sticky":false,"template":"","format":"standard","meta":{"footnotes":""},"categories":[59],"tags":[30,28,29,83,82],"class_list":{"0":"post-108833","1":"post","2":"type-post","3":"status-publish","4":"format-standard","5":"has-post-thumbnail","7":"category-sport","8":"tag-no","9":"tag-norge","10":"tag-norway","11":"tag-sport","12":"tag-sports"},"share_on_mastodon":{"url":"https:\/\/pubeurope.com\/@no\/115691653886111045","error":""},"_links":{"self":[{"href":"https:\/\/www.europesays.com\/no\/wp-json\/wp\/v2\/posts\/108833","targetHints":{"allow":["GET"]}}],"collection":[{"href":"https:\/\/www.europesays.com\/no\/wp-json\/wp\/v2\/posts"}],"about":[{"href":"https:\/\/www.europesays.com\/no\/wp-json\/wp\/v2\/types\/post"}],"author":[{"embeddable":true,"href":"https:\/\/www.europesays.com\/no\/wp-json\/wp\/v2\/users\/2"}],"replies":[{"embeddable":true,"href":"https:\/\/www.europesays.com\/no\/wp-json\/wp\/v2\/comments?post=108833"}],"version-history":[{"count":0,"href":"https:\/\/www.europesays.com\/no\/wp-json\/wp\/v2\/posts\/108833\/revisions"}],"wp:featuredmedia":[{"embeddable":true,"href":"https:\/\/www.europesays.com\/no\/wp-json\/wp\/v2\/media\/108834"}],"wp:attachment":[{"href":"https:\/\/www.europesays.com\/no\/wp-json\/wp\/v2\/media?parent=108833"}],"wp:term":[{"taxonomy":"category","embeddable":true,"href":"https:\/\/www.europesays.com\/no\/wp-json\/wp\/v2\/categories?post=108833"},{"taxonomy":"post_tag","embeddable":true,"href":"https:\/\/www.europesays.com\/no\/wp-json\/wp\/v2\/tags?post=108833"}],"curies":[{"name":"wp","href":"https:\/\/api.w.org\/{rel}","templated":true}]}}