{"id":108866,"date":"2025-12-09T21:36:08","date_gmt":"2025-12-09T21:36:08","guid":{"rendered":"https:\/\/www.europesays.com\/no\/108866\/"},"modified":"2025-12-09T21:36:08","modified_gmt":"2025-12-09T21:36:08","slug":"liverpool-inter-reaksjonene-hagler-etter-liverpool-annullering-kan-ikke-forsta-det","status":"publish","type":"post","link":"https:\/\/www.europesays.com\/no\/108866\/","title":{"rendered":"Liverpool, Inter | Reaksjonene hagler etter Liverpool-annullering: \u2013 Kan ikke forst\u00e5 det"},"content":{"rendered":"\n<p><a href=\"https:\/\/live.nettavisen.no\/fotball\/1\/2025-12-09\/kamp\/2701066\" rel=\"Follow nofollow noopener\" target=\"_blank\"><b>INTER &#8211; LIVERPOOL 0-0 (pause): <\/b><\/a><\/p>\n<p>Liverpool trodde de hadde tatt ledelsen borte mot Inter etter 32 minutters spill av tirsdagens Champions League-oppgj\u00f8r.<\/p>\n<p>Utskjelte Ibrahima Konat\u00e9 stanget ballen i m\u00e5l for r\u00f8dtr\u00f8yene, men VAR ville sjekke scoringen.<\/p>\n<p>Etter et langt stopp i spillet, der dommer Felix Zwayer selv gikk bort for \u00e5 kikke p\u00e5 skjermen, ble det konkludert med at det var en hands i forkant av m\u00e5let. TV-bildene viste at ballen s\u00e5 vidt gikk via armen til Hugo Ekitike etter en Virgil van Dijk-heading.<\/p>\n<p>Reaksjoner p\u00e5 VAR-situasjon: \u2013 Forst\u00e5r det ikke <\/p>\n<p>Avgj\u00f8relsen skaper imidlertid reaksjoner.<\/p>\n<p>\u2013 N\u00e5r det ikke er helt \u00e5penbart, kan jeg ikke forst\u00e5 hvorfor dommerne ikke stoler p\u00e5 sin egen avgj\u00f8relse. Annulleringen av m\u00e5let gir n\u00e5 b\u00e5de hjemmefansen og Inter-spillerne et l\u00f8ft og Liverpool m\u00e5 forsvare seg, mener Sky Sports-reporter Vinny O&#8217;Connor.<\/p>\n<p>Hos BBC sier de seg enig i avgj\u00f8relsen om \u00e5 d\u00f8mme vekk m\u00e5let, men reagerer p\u00e5 tidsbruken til VAR.<\/p>\n<p><b>Les ogs\u00e5: <a href=\"https:\/\/www.nettavisen.no\/sport\/jamie-carragher-med-mohamed-salah-teori-prover-a-fa-ham-sparket\/s\/5-95-2769951\" rel=\"Follow nofollow noopener\" target=\"_blank\">Carragher med Salah-teori: \u2013 Pr\u00f8ver \u00e5 f\u00e5 ham sparket<\/a><\/b><\/p>\n<p>\u2013 Jubelen bryter l\u00f8s p\u00e5 hele San Siro etter lang ventetid. Det er uheldig for Konat\u00e9 og Liverpool, men trolig den riktige avgj\u00f8relsen. Uansett, jeg kan ikke tro at det tok s\u00e5 lang tid, mener BBC-reporter Aadam Patel.<\/p>\n<p>Viaplay-ekspert Lars Tj\u00e6rn\u00e5s merker seg ogs\u00e5 at det tok sv\u00e6rt lang tid med VAR.<\/p>\n<p>\u2013 Liverpool scorer cirka halv ti. Annullering etter VAR sjekk rundt Kveldsnytt, skriver han p\u00e5 X.<\/p>\n<p>Inter v\u00e5knet etter annullert m\u00e5l<\/p>\n<p>Etter at Liverpools scoring ble annullert fikk Inter en vitamininnspr\u00f8yting og s\u00e5 plutselig langt farligere ut p\u00e5 eget gress.<\/p>\n<p>Et frispark far stjernen Nicol\u00f2 Barella var blant annet n\u00e6r ved \u00e5 snike seg inn bak Alisson Becker i gjestens m\u00e5l.<\/p>\n<p>Helt p\u00e5 tampen av f\u00f8rste omgang kom ogs\u00e5 spissen Lautaro Martinez til en gigantsjanse. <\/p>\n<p>Liverpool virket p\u00e5skrudd fra start i Milano og var lenge det beste laget p\u00e5 San Siro. Engelskmennene kom til flere gode avslutninger, men Inter-keeper Yann Sommer hadde likevel grei kontroll p\u00e5 det meste som kom hans vei.<\/p>\n<p>VAR-sjekken resulterte i en del tillegg i f\u00f8rste omgang, men da lagene gikk til pause sto det fortsatt 0\u20130 i Italia. <\/p>\n","protected":false},"excerpt":{"rendered":"INTER &#8211; LIVERPOOL 0-0 (pause): Liverpool trodde de hadde tatt ledelsen borte mot Inter etter 32 minutters spill&hellip;\n","protected":false},"author":2,"featured_media":108867,"comment_status":"","ping_status":"","sticky":false,"template":"","format":"standard","meta":{"footnotes":""},"categories":[59],"tags":[30,28,29,83,82],"class_list":{"0":"post-108866","1":"post","2":"type-post","3":"status-publish","4":"format-standard","5":"has-post-thumbnail","7":"category-sport","8":"tag-no","9":"tag-norge","10":"tag-norway","11":"tag-sport","12":"tag-sports"},"share_on_mastodon":{"url":"https:\/\/pubeurope.com\/@no\/115691767869440574","error":""},"_links":{"self":[{"href":"https:\/\/www.europesays.com\/no\/wp-json\/wp\/v2\/posts\/108866","targetHints":{"allow":["GET"]}}],"collection":[{"href":"https:\/\/www.europesays.com\/no\/wp-json\/wp\/v2\/posts"}],"about":[{"href":"https:\/\/www.europesays.com\/no\/wp-json\/wp\/v2\/types\/post"}],"author":[{"embeddable":true,"href":"https:\/\/www.europesays.com\/no\/wp-json\/wp\/v2\/users\/2"}],"replies":[{"embeddable":true,"href":"https:\/\/www.europesays.com\/no\/wp-json\/wp\/v2\/comments?post=108866"}],"version-history":[{"count":0,"href":"https:\/\/www.europesays.com\/no\/wp-json\/wp\/v2\/posts\/108866\/revisions"}],"wp:featuredmedia":[{"embeddable":true,"href":"https:\/\/www.europesays.com\/no\/wp-json\/wp\/v2\/media\/108867"}],"wp:attachment":[{"href":"https:\/\/www.europesays.com\/no\/wp-json\/wp\/v2\/media?parent=108866"}],"wp:term":[{"taxonomy":"category","embeddable":true,"href":"https:\/\/www.europesays.com\/no\/wp-json\/wp\/v2\/categories?post=108866"},{"taxonomy":"post_tag","embeddable":true,"href":"https:\/\/www.europesays.com\/no\/wp-json\/wp\/v2\/tags?post=108866"}],"curies":[{"name":"wp","href":"https:\/\/api.w.org\/{rel}","templated":true}]}}