{"id":108872,"date":"2025-12-09T21:45:21","date_gmt":"2025-12-09T21:45:21","guid":{"rendered":"https:\/\/www.europesays.com\/no\/108872\/"},"modified":"2025-12-09T21:45:21","modified_gmt":"2025-12-09T21:45:21","slug":"fyrsteparet-av-monaco-innleder-julen-med-elegant-julekort","status":"publish","type":"post","link":"https:\/\/www.europesays.com\/no\/108872\/","title":{"rendered":"Fyrsteparet av Monaco innleder julen med elegant julekort"},"content":{"rendered":"<p class=\"kicker \" style=\"\">Fyrstinne Charl\u00e8ne<\/p>\n<p>  Etter \u00e5r med sykdom og vonde rykter\u00a0er Charl\u00e8ne i ferd med \u00e5 snu opp ned p\u00e5 livet i Monaco.<\/p>\n<p>\n    KOSELIG MED PEIS: Charl\u00e8nes stil beskrives som stillferdig luksus, med duse farger og dyre materialer. Prinsesse Gabriella lyser opp i rosa, mens herrene matcher i marinebl\u00e5tt p\u00e5 \u00e5rets julekort. Foto: Skjermbilde: @palaisprincierdemonaco \/ Instagram\n  <\/p>\n<p>F\u00f8rste s\u00f8ndag i advent innledet fyrsteparet av Monaco julen.<\/p>\n<p>Fyrstinne Charl\u00e8ne (47) og fyrst Albert (67) tok da med barna p\u00e5 en festlig familieutflukt for \u00e5 \u00e5pne landets julebelysning.<\/p>\n<p>    <a itemprop=\"url\" href=\"https:\/\/www.seher.no\/kjendis\/grat-meg-i-sovn\/83955287\" rel=\"nofollow noopener\" target=\"_blank\"><\/p>\n<p>        <img loading=\"lazy\" decoding=\"async\" src=\"https:\/\/www.europesays.com\/no\/wp-content\/uploads\/2025\/12\/1765316712_810_83954689.webp\" width=\"147\" height=\"98\" title=\"- Gr\u00e5t meg i s\u00f8vn\" alt=\"\" class=\"lazyload\" style=\"--aspect-ratio-image: 1.50; \"\/><\/p>\n<p>        &#8211; Gr\u00e5t meg i s\u00f8vn<\/p>\n<p>    <\/a><\/p>\n<p>Sammen trykket de p\u00e5 knappen som offisielt tente byens julelys, fra et stort tre p\u00e5 torget &#8211; Place du March\u00e9 La Condamine &#8211; foran et stort oppm\u00f8te av publikummere, skriver\u00a0<a href=\"https:\/\/www.dailymail.co.uk\/news\/royals\/article-15334135\/prince-albert-princess-charlene-monaco-christmas-light.html\" rel=\"nofollow noopener\" target=\"_blank\">Daily Mail<\/a>.<\/p>\n<p>Gleden de sprer er langt unna den triste stemningen som var i lilleputtlandet i 2020 da Charl\u00e8ne var <a href=\"https:\/\/www.seher.no\/kongelig\/bildet-avslorer-sannheten-om-helsen\/78710326\" rel=\"nofollow noopener\" target=\"_blank\">alvorlig syk<\/a>. Hun kunne ikke komme hjem fra S\u00f8r-Afrika &#8211; angivelig p\u00e5 grunn av helsen.\u00a0<\/p>\n<p>Da hun endelig fikk reise hjem p\u00e5 ny\u00e5ret i 2021 fortsatte krisen, og Charl\u00e8ne ble\u00a0<a href=\"https:\/\/www.seher.no\/kongelig\/charlene-ute-av-kontroll\/74772192\" rel=\"nofollow noopener\" target=\"_blank\">innlagt p\u00e5 et sanatorium<\/a>. Her ble hun i m\u00e5nedsvis for \u00e5 komme seg til hektene.<\/p>\n<p>Medier over hele verden spekulerte ogs\u00e5 p\u00e5 at ekteskapet var i krise.<\/p>\n<p>        <img loading=\"lazy\" decoding=\"async\" src=\"https:\/\/www.europesays.com\/no\/wp-content\/uploads\/2025\/12\/83952446.webp\" width=\"686\" height=\"570\" title=\"JULESTART: Sammen med to s\u00f8te nissebarn \u00e5pnet fyrstefamilien det offisielle julemarkedet p\u00e5 torget i Monte Carlo. Foto: NTB\" alt=\"\" class=\"\" style=\"--aspect-ratio-image: 1.20; \"\/><\/p>\n<p>\n        JULESTART: Sammen med to s\u00f8te nissebarn \u00e5pnet fyrstefamilien det offisielle julemarkedet p\u00e5 torget i Monte Carlo. Foto: NTB\n    <\/p>\n<p>N\u00e5 preges livet p\u00e5 slottet av den gode julestemningen, og familien har sendt ut \u00e5rets julekort.<\/p>\n<p>Bildet, delt p\u00e5 <a href=\"https:\/\/www.instagram.com\/palaisprincierdemonaco\/\" class=\"\" rel=\"nofollow noopener\" target=\"_blank\">fyrsteparets offisielle Instagram-konto<\/a>, viser henne sammen med ektemannen fyrst Albert (67) og tvillingene prins Jacques (10) og prinsesse Gabriella (10). Barna fyller elleve \u00e5r f\u00f8r jul, n\u00e6rmere bestemt 10. desember!<\/p>\n<p>        TATT P\u00c5 FERSKEN: Hva befinner seg under Skal vi danse-dommernes bord? Jan Thomas har svaret. Reporter: Nora Skavhaug \/ Foto: Danny Son To \/ R\u00f8d L\u00f8per <\/p>\n<p>&#8211; Monaco og fyrstefamilien er n\u00e6rmest definisjonen p\u00e5 glamour! Det oser luksus av \u00e5rets julebilde ogs\u00e5, noe Charl\u00e8ne undestreker med sin glitrende Ralph Lauren-kjole til en verdi av intet mindre enn 40 000 kroner! Og datteren g\u00e5r bokstavelig talt i morens dyre fortspor &#8211; bare skoene hennes koster 6000 kroner og er fra Dior! Prinsesse Gabriella fyller elleve \u00e5r denne uken, og har allerede en garderobe dyrene og st\u00f8rre enn de fleste kan dr\u00f8mme om. Hun er nesten alltid kledd i kl\u00e6r fra de store, mest eksklusive designerhusene, forklarer Se og H\u00f8rs kongehusekspert Caroline Vagle.\u00a0<\/p>\n<p>        <img loading=\"lazy\" decoding=\"async\" src=\"https:\/\/www.europesays.com\/no\/wp-content\/uploads\/2025\/12\/83952444.webp\" width=\"686\" height=\"837\" title=\"TON I TON: Fyrstens dress matcher julepynten. Selv om Monacos farger er r\u00f8dt og hvitt g\u00e5r Charl\u00e8ne for et mer dempet uttrykk i juledekoren hjemme p\u00e5 slottet. Foto: Skjermbilde: @palaisprincierdemonaco \/ Instagram\" alt=\"\" class=\"\" style=\"--aspect-ratio-image: 0.82; \"\/><\/p>\n<p>\n        TON I TON: Fyrstens dress matcher julepynten. Selv om Monacos farger er r\u00f8dt og hvitt g\u00e5r Charl\u00e8ne for et mer dempet uttrykk i juledekoren hjemme p\u00e5 slottet. Foto: Skjermbilde: @palaisprincierdemonaco \/ Instagram\n    <\/p>\n<p>Mens Albert og Jacques matcher med hvite skjorter og marinebl\u00e5 blazere, s\u00f8rger Gabriella for et ordentlig festpreg med sin rosa selskapskjole og s\u00f8lvfargede ballerinasko.\u00a0<\/p>\n<p>Chihuahuaen Harley er ogs\u00e5 med p\u00e5 bildet, som ble tatt av fotograf Vanessa von Zitzewitz.<\/p>\n<p>    <a itemprop=\"url\" href=\"https:\/\/www.seher.no\/kjendis\/nytt-steg-med-kjaeresten\/83931676\" rel=\"nofollow noopener\" target=\"_blank\"><\/p>\n<p>        <img loading=\"lazy\" decoding=\"async\" src=\"https:\/\/www.europesays.com\/no\/wp-content\/uploads\/2025\/12\/1765316717_944_83931737.webp\" width=\"147\" height=\"98\" title=\"Nytt steg med kj\u00e6resten\" alt=\"\" class=\"lazyload\" style=\"--aspect-ratio-image: 1.50; \"\/><\/p>\n<p>        Nytt steg med kj\u00e6resten<\/p>\n<p>    <\/a><\/p>\n<p> &#8211; Chihuahuaen er s\u00e5 liten at det tok lang tid f\u00f8r jeg faktisk fikk \u00f8ye p\u00e5 ham! Men for familien er Harley langt mer en en liten hund. Spesielt Charl\u00e8ne elsker dyr, og har hatt hunden med seg p\u00e5 flere oppdrag, forklarer Vagle.<\/p>\n<p>Charlenes h\u00e5rforvandling\t<\/p>\n<p>Julebildene viser en ett \u00e5r lang h\u00e5rforvandling, der de glansfulle blonde lokkene gradvis har vokst seg lengre.<\/p>\n<p>        <img loading=\"lazy\" decoding=\"async\" src=\"https:\/\/www.europesays.com\/no\/wp-content\/uploads\/2025\/12\/83953332.webp\" width=\"686\" height=\"666\" title=\"SJOKKERTE ALLE: Etter lang tids sykdom vakte det oppsikt da Charl\u00e8ne barberte deler av skallen. Munnbindet er p\u00e5 grunn av coronapandemien, men det var frisyren som vakte oppsikt. Foto: Getty\" alt=\"\" class=\"\" style=\"--aspect-ratio-image: 1.03; \"\/><\/p>\n<p>\n        SJOKKERTE ALLE: Etter lang tids sykdom vakte det oppsikt da Charl\u00e8ne barberte deler av skallen. Munnbindet er p\u00e5 grunn av coronapandemien, men det var frisyren som vakte oppsikt. Foto: Getty\n    <\/p>\n<p>&#8211; Fyrstinnen har latt lokkene gro igjen, og jeg ser stylister verden over ber\u00f8mmer valget hennes. Hun er jo ikke redd for stilbytte, og har hatt en rekke h\u00e5rsveiser. Hun kler b\u00e5de kort og langt, men den gangen hun barberte hodet var det mange som sperret opp \u00f8ynene. Da var det lite som minnet om b\u00e5de fyrstefamilie og glamour, for \u00e5 si det forsiktig, sier Vagle<\/p>\n<p>    <a itemprop=\"url\" href=\"https:\/\/www.seher.no\/kongelig\/full-forvirring\/83937368\" rel=\"nofollow noopener\" target=\"_blank\"><\/p>\n<p>        <img loading=\"lazy\" decoding=\"async\" src=\"https:\/\/www.europesays.com\/no\/wp-content\/uploads\/2025\/12\/83931437.webp\" width=\"147\" height=\"98\" title=\"Full forvirring\" alt=\"\" class=\"lazyload\" style=\"--aspect-ratio-image: 1.50; \"\/><\/p>\n<p>        Full forvirring<\/p>\n<p>    <\/a><\/p>\n<p>Hun f\u00e5r st\u00f8tte av Arlene Prinsloo, forfatter av \u00abCharlene: In Search of a Princess\u00bb, som mener at fyrstinnens offentlige fremtoning har utviklet seg siden hun var alvorlig syk i 2020.<\/p>\n<p>&#8211; Jeg liker at h\u00e5ret n\u00e5 vokser ut igjen. For meg er det betydningsfullt &#8211; hun endrer vanligvis frisyren dramatisk n\u00e5r hun har noe nytt p\u00e5 gang, sier hun til ukebladet <a href=\"https:\/\/www.hellomagazine.com\/fashion\/royal-style\/871584\/princess-charlene-exudes-quiet-luxury-christmas-portrait-amid-confident-transformation\/\" rel=\"nofollow noopener\" target=\"_blank\">Hello<\/a>!<\/p>\n<p>        \u00abSKAL VI DANSE\u00bb: Danby Choi har tatt i bruk et ekstra hjelpemiddel i dansen. Video: \u00abSkal vi danse\u00bb\/TV 2, R\u00f8d L\u00f8per\/Thea Hope\/Nora Skavhaug<\/p>\n<p>\u00c5rets julekort\t<\/p>\n<p>Julekortet for 2025 er andre \u00e5r p\u00e5 rad at Charl\u00e8ne velger bort de tradisjonelle julefargene r\u00f8dt og gr\u00f8nt til fordel for noe mer nedtonet.<\/p>\n<p>I 2024 poserte hun med familien i en gr\u00e5brun genser og sjokoladebrune bukser og sko.\u00a0<\/p>\n<p>        <img loading=\"lazy\" decoding=\"async\" src=\"https:\/\/www.europesays.com\/no\/wp-content\/uploads\/2025\/12\/83952455.webp\" width=\"686\" height=\"831\" title=\"LAST CHRISTMAS: I fjor stilte fyrstefamilien opp i mer hverdagslige antrekk. Kl\u00e6rne matchet slottets julepynt ogs\u00e5 da. Charl\u00e8nes h\u00e5r er blitt lengre siden i fjor, og barna har blitt st\u00f8rre! Foto: Skjermbilde: @ \/ Instagram\" alt=\"\" class=\"\" style=\"--aspect-ratio-image: 0.83; \"\/><\/p>\n<p>\n        LAST CHRISTMAS: I fjor stilte fyrstefamilien opp i mer hverdagslige antrekk. Kl\u00e6rne matchet slottets julepynt ogs\u00e5 da. Charl\u00e8nes h\u00e5r er blitt lengre siden i fjor, og barna har blitt st\u00f8rre! Foto: Skjermbilde: @ \/ Instagram\n    <\/p>\n<p>Begge antrekkene &#8211; uvanlige for jul &#8211; gjenspeiler hennes generelle stil: \u00abstille luksus\u00bb, n\u00f8ytrale toner, eksklusive strikkeplagg og elegante silhuetter.<\/p>\n<p>I \u00e5rets bilde skaper den lyse gr\u00e5tonen en vinterlig og rolig stemning som lar oppmerksomheten ligge p\u00e5 familien &#8211; samtidig som Gabriellas rosa kjole gir akkurat den julemagien som trengs.<\/p>\n<p><script async src=\"\/\/www.instagram.com\/embed.js\"><\/script><\/p>\n","protected":false},"excerpt":{"rendered":"Fyrstinne Charl\u00e8ne Etter \u00e5r med sykdom og vonde rykter\u00a0er Charl\u00e8ne i ferd med \u00e5 snu opp ned p\u00e5&hellip;\n","protected":false},"author":2,"featured_media":108873,"comment_status":"","ping_status":"","sticky":false,"template":"","format":"standard","meta":{"footnotes":""},"categories":[12],"tags":[20,21,24,25,4887,4885,15,76,22,23,9259,13,30,28,29,14,16,4888,4884,26,27,42,43,44,45],"class_list":{"0":"post-108872","1":"post","2":"type-post","3":"status-publish","4":"format-standard","5":"has-post-thumbnail","7":"category-verden","8":"tag-breaking-news","9":"tag-breakingnews","10":"tag-featured-news","11":"tag-featurednews","12":"tag-fyrst-albert","13":"tag-fyrstinne-charlene","14":"tag-headlines","15":"tag-kongelig","16":"tag-latest-news","17":"tag-latestnews","18":"tag-monaco","19":"tag-news","20":"tag-no","21":"tag-norge","22":"tag-norway","23":"tag-nyheter","24":"tag-overskrifter","25":"tag-prins-jacques","26":"tag-prinsesse-gabriella","27":"tag-top-stories","28":"tag-topstories","29":"tag-verden","30":"tag-world","31":"tag-world-news","32":"tag-worldnews"},"share_on_mastodon":{"url":"https:\/\/pubeurope.com\/@no\/115691803907958728","error":""},"_links":{"self":[{"href":"https:\/\/www.europesays.com\/no\/wp-json\/wp\/v2\/posts\/108872","targetHints":{"allow":["GET"]}}],"collection":[{"href":"https:\/\/www.europesays.com\/no\/wp-json\/wp\/v2\/posts"}],"about":[{"href":"https:\/\/www.europesays.com\/no\/wp-json\/wp\/v2\/types\/post"}],"author":[{"embeddable":true,"href":"https:\/\/www.europesays.com\/no\/wp-json\/wp\/v2\/users\/2"}],"replies":[{"embeddable":true,"href":"https:\/\/www.europesays.com\/no\/wp-json\/wp\/v2\/comments?post=108872"}],"version-history":[{"count":0,"href":"https:\/\/www.europesays.com\/no\/wp-json\/wp\/v2\/posts\/108872\/revisions"}],"wp:featuredmedia":[{"embeddable":true,"href":"https:\/\/www.europesays.com\/no\/wp-json\/wp\/v2\/media\/108873"}],"wp:attachment":[{"href":"https:\/\/www.europesays.com\/no\/wp-json\/wp\/v2\/media?parent=108872"}],"wp:term":[{"taxonomy":"category","embeddable":true,"href":"https:\/\/www.europesays.com\/no\/wp-json\/wp\/v2\/categories?post=108872"},{"taxonomy":"post_tag","embeddable":true,"href":"https:\/\/www.europesays.com\/no\/wp-json\/wp\/v2\/tags?post=108872"}],"curies":[{"name":"wp","href":"https:\/\/api.w.org\/{rel}","templated":true}]}}