{"id":108885,"date":"2025-12-09T22:05:26","date_gmt":"2025-12-09T22:05:26","guid":{"rendered":"https:\/\/www.europesays.com\/no\/108885\/"},"modified":"2025-12-09T22:05:26","modified_gmt":"2025-12-09T22:05:26","slug":"prinsesse-ingrid-alexandra-tilbake-i-norge-offisielle-oppdrag-og-gjenbruk","status":"publish","type":"post","link":"https:\/\/www.europesays.com\/no\/108885\/","title":{"rendered":"Prinsesse Ingrid Alexandra tilbake i Norge: Offisielle oppdrag og gjenbruk"},"content":{"rendered":"<p class=\"kicker \" style=\"\">Prinsesse Ingrid Alexandra\u00a0<\/p>\n<p>  Prinsesse Ingrid Alexandra tok som vanlig en tur i mammas klesskap f\u00f8r hun skulle ut p\u00e5 offisielt oppdrag.<\/p>\n<p>\n    P\u00c5 JOBB: Prinsesse Ingrid Alexandra er tilbake i hjemlandet, og har blant annet bes\u00f8kt Direktoratet for romvirksomhet. Foto: Andreas Fadum\n  <\/p>\n<p>Prinsesse Ingrid Alexandra har ferie fra studiene i Australia, men her hjemme kaller prinsessepliktene.\u00a0<\/p>\n<p>Mandag 8. desember var prinsessen, sammen med kronprins Haakon (52),\u00a0<a href=\"https:\/\/www.dagbladet.no\/kjendis\/tilbake-pa-jobb\/83951286\" rel=\"nofollow noopener\" target=\"_blank\">tilbake p\u00e5 jobb ombord p\u00e5\u00a0forskningsfart\u00f8yet \u00abPrinsesse Ingrid Alexandra\u00bb<\/a>\u00a0i forbindelse med et brislingtokt i Oslofjorden. <\/p>\n<p>        <img loading=\"lazy\" decoding=\"async\" src=\"https:\/\/www.europesays.com\/no\/wp-content\/uploads\/2025\/12\/1765317916_151_83954889.webp\" width=\"686\" height=\"625\" title=\"P\u00c5 JOBB MED PAPPA: Kronprins Haakon og prinsesse Ingrid Alexandra deltok p\u00e5 et brislingtokt i Oslofjorden, sammen med forskere fra Havforskningsinstituttet, om bord p\u00e5 kystforskningsfart\u00f8yet \u00abPrinsesse Ingrid Alexandra\u00bb. Foto: Heiko Junge \/ NTB \/ POOL\" alt=\"\" class=\"\" style=\"--aspect-ratio-image: 1.10; \"\/><\/p>\n<p>\n        P\u00c5 JOBB MED PAPPA: Kronprins Haakon og prinsesse Ingrid Alexandra deltok p\u00e5 et brislingtokt i Oslofjorden, sammen med forskere fra Havforskningsinstituttet, om bord p\u00e5 kystforskningsfart\u00f8yet \u00abPrinsesse Ingrid Alexandra\u00bb. Foto: Heiko Junge \/ NTB \/ POOL\n    <\/p>\n<p>&#8211; Det er utrolig hyggelig \u00e5 komme hjem. Jeg trives veldig godt i Australia, men s\u00e5 er det borte bra, men hjemme best, sa prinsessen til NRK. <\/p>\n<p class=\"font-weight-light m-font-weight-light\" data-lab-font_weight=\"font-weight-light\">Allerede dagen etter var prinsessen ute ute p\u00e5 oppdrag igjen &#8211; da uten f\u00f8lge av far eller noen andre i familien.\u00a0F\u00f8rste gang prinsessen var helt alene p\u00e5 offisielt oppdrag var p\u00e5 <a href=\"https:\/\/www.seher.no\/kongelig\/dukket-opp-pa-festival\/83213496\" rel=\"nofollow noopener\" target=\"_blank\">Mini\u00f8ya tidligere i \u00e5r,<\/a> mens denne gangen gikk turen til Direktoratet for romvirksomhet i Oslo.\u00a0\u00a0<\/p>\n<p>        SENTRALEN, OSLO: Det var duket til r\u00f8d l\u00f8per p\u00e5 Sentralen i Oslo i forbindelse med TV 2s lansering av v\u00e5rprogrammet for 2026. Influenser Nora Haukland dukket opp p\u00e5 krykker. Video: Nora Skavhaug\/R\u00f8d L\u00f8per. Reporter: Thea Hope\/R\u00f8d L\u00f8per<\/p>\n<p>L\u00e5nte fj\u00e6r\t<\/p>\n<p>Prinsessen ble kj\u00f8rt p\u00e5 kongelig vis til oppdragsstedet, og skred ut av bilen med et stort smil og et elegant antrekk. N\u00e6rmere bestemt en m\u00f8rkebl\u00e5 dress med en kongebl\u00e5 topp under.\u00a0<\/p>\n<p>    <a itemprop=\"url\" href=\"https:\/\/www.seher.no\/kongelig\/dette-har-aldri-skjedd-for\/83957888\" rel=\"nofollow noopener\" target=\"_blank\"><\/p>\n<p>        <img loading=\"lazy\" decoding=\"async\" src=\"https:\/\/www.europesays.com\/no\/wp-content\/uploads\/2025\/12\/83960372.webp\" width=\"147\" height=\"98\" title=\"Dette har aldri skjedd f\u00f8r\" alt=\"\" class=\"lazyload\" style=\"--aspect-ratio-image: 1.50; \"\/><\/p>\n<p>        Dette har aldri skjedd f\u00f8r<\/p>\n<p>    <\/a><\/p>\n<p>De bl\u00e5 buksene med rette ben og svarte satengstriper i sidene, brukte hun ogs\u00e5 tidligere i \u00e5r &#8211; b\u00e5de da hun hadde <a href=\"https:\/\/www.seher.no\/kongelig\/historisk-audiens-pa-slottet\/83232435\" rel=\"nofollow noopener\" target=\"_blank\">bes\u00f8k av Milj\u00f8agentene p\u00e5 Slottet<\/a> og <a href=\"https:\/\/www.seher.no\/kongelig\/ingrid-alexandra-stjal-showet\/83258475\" rel=\"nofollow noopener\" target=\"_blank\">da det franske presidentparet var p\u00e5 offisielt bes\u00f8k.<\/a><\/p>\n<p>        <img loading=\"lazy\" decoding=\"async\" src=\"https:\/\/www.europesays.com\/no\/wp-content\/uploads\/2025\/12\/83959820.webp\" width=\"686\" height=\"1029\" title=\"ELEGANT: Prinsessen stilte i m\u00f8rkebl\u00e5tt da hun bes\u00f8kte Direktoratet for romvirksomhet. Foto: Andreas Fadum\" alt=\"\" class=\"\" style=\"--aspect-ratio-image: 0.67; \"\/><\/p>\n<p>\n        ELEGANT: Prinsessen stilte i m\u00f8rkebl\u00e5tt da hun bes\u00f8kte Direktoratet for romvirksomhet. Foto: Andreas Fadum\n    <\/p>\n<p>Og som s\u00e5 ofte f\u00f8r har Ingrid l\u00e5nt buksen fra mamma Mette-Marits (52) klesskap. Siden hun var liten har Ingrid v\u00e6rt sv\u00e6rt opptatt av milj\u00f8et, og det viser hun gang p\u00e5 gang ved nettopp \u00e5 satse p\u00e5 gjenbruk foran forbruk.<\/p>\n<p>    <a itemprop=\"url\" href=\"https:\/\/www.seher.no\/kongelig\/de-har-ikke-et-problemfritt-forhold\/83944649\" rel=\"nofollow noopener\" target=\"_blank\"><\/p>\n<p>        <img loading=\"lazy\" decoding=\"async\" src=\"https:\/\/www.europesays.com\/no\/wp-content\/uploads\/2025\/12\/83290030.webp\" width=\"980\" height=\"441\" title=\"- De har ikke et problemfritt forhold\" alt=\"\" class=\"lazyload\" style=\"--aspect-ratio-image: 2.22; \"\/><\/p>\n<p>        &#8211; De har ikke et problemfritt forhold<\/p>\n<p>    <\/a><\/p>\n<p>Ogs\u00e5 clutchen hun bar hos Direktoratet for romvirksomhet er l\u00e5nt fra mamma. Den kommer fra Aspinal of London, og har blitt brukt en rekke ganger av b\u00e5de mor og datter siden Mette-Marit brukte den f\u00f8rste gang i 2022.<\/p>\n<p>\u00d8redobbene ser for \u00f8vrig ut til \u00e5 v\u00e6re fra popul\u00e6re Maanesten.\u00a0<\/p>\n<p>        <img loading=\"lazy\" decoding=\"async\" src=\"https:\/\/www.europesays.com\/no\/wp-content\/uploads\/2025\/12\/83959860.webp\" width=\"686\" height=\"440\" title=\"F\u00d8RST UT: Kronprinsessen brukte den samme clutchen f\u00f8rste gang 1. mars 2022 i forbindelse med en fredsgudstjeneste i Trefoldighetskirken med b\u00f8nn for Ukraina. Foto: Tom Hansen \/ NTB\" alt=\"\" class=\"\" style=\"--aspect-ratio-image: 1.56; \"\/><\/p>\n<p>\n        F\u00d8RST UT: Kronprinsessen brukte den samme clutchen f\u00f8rste gang 1. mars 2022 i forbindelse med en fredsgudstjeneste i Trefoldighetskirken med b\u00f8nn for Ukraina. Foto: Tom Hansen \/ NTB\n    <\/p>\n<p>Travel prinsesse\t<\/p>\n<p>Senere samme dag som Ingrid bes\u00f8kte Direktoratet for romvirksomhet, <a href=\"https:\/\/www.seher.no\/kjendis\/fikk-helt-spesiell-gave\/83959916\" rel=\"nofollow noopener\" target=\"_blank\">mottok hun ogs\u00e5 f\u00f8rst astronaut Jannicke Mikkelsen (39) i audiens<\/a>, og deretter representanter for Norsk Reservistforbund.<\/p>\n<p>Ingrid har med andre ord virkelig tr\u00e5dt inn i prinsesserollen siden hun kom hjem p\u00e5 ferie, noe hun ogs\u00e5 ga et lite hint om at ville skje da hun lot seg intervjue i Australia tidligere i h\u00f8st.\u00a0<\/p>\n<p>        M\u00d8TTES IGJEN: Nok en gang skal Marius Borg H\u00f8iby ha v\u00e6rt p\u00e5 byen med eks-kj\u00e6resten han har bes\u00f8ksforbud mot \u2013 denne gangen sammen med hennes familie. Reporter og klipp: Kine Falch<\/p>\n<p>&#8211; Jeg f\u00e5r h\u00e5pe at jeg f\u00e5r jobbet litt n\u00e5r jeg kommer hjem, sa hun til NRK den gang da.<\/p>\n<p>I tillegg til de allerede nevnte oppdragene, vet vi at prinsessen ogs\u00e5 skal v\u00e6re til stede under fredsprisutdelingen 10. desember, delta under Jul i Slottskapellet 16.desember og delta i regjeringslunsj p\u00e5 Slottet 19. desember.<\/p>\n<p>        <img loading=\"lazy\" decoding=\"async\" src=\"https:\/\/www.europesays.com\/no\/wp-content\/uploads\/2025\/12\/83960267.webp\" width=\"686\" height=\"515\" title=\"BYTTET TIL BLUSE: Ingrid Alexandra mottok astronaut Jannicke Mikkelsen i audiens p\u00e5 slottet. Mikkelsen overrakte flagget hun hadde med p\u00e5 romferden i april i \u00e5r. Foto: Cornelius Poppe \/ NTB\" alt=\"\" class=\"\" style=\"--aspect-ratio-image: 1.33; \"\/><\/p>\n<p>\n        BYTTET TIL BLUSE: Ingrid Alexandra mottok astronaut Jannicke Mikkelsen i audiens p\u00e5 slottet. Mikkelsen overrakte flagget hun hadde med p\u00e5 romferden i april i \u00e5r. Foto: Cornelius Poppe \/ NTB\n    <\/p>\n<p>Familien er garantert stolt over innsatsen hennes p\u00e5 hjemmebane, men er ogs\u00e5 opptatt av at datteren m\u00e5 slappe litt av litt n\u00e5r hun har fri fra studiene.\u00a0<\/p>\n<p>        SJOKKERES: Sebastian Solberg og Stian Blipp m\u00f8tes for f\u00f8rste gang etter en isfront oppsto under innspillingsperioden, og Blipp r\u00f8per en detalj som ryster Solberg. Reporter: Thea Hope. Video: Nora Skavhaug. \u00abSpillet\u00bb \/ TV2.<\/p>\n<p>Det satte pappa ord p\u00e5, da han var ute p\u00e5 jobb med datteren:\u00a0<\/p>\n<p>\u00a0\u00a0&#8211; Og s\u00e5 m\u00e5 vi passe p\u00e5 at det er litt ferie og, sa kronprins Haakon omsorgsfullt om datteren til NRK.\u00a0<\/p>\n","protected":false},"excerpt":{"rendered":"Prinsesse Ingrid Alexandra\u00a0 Prinsesse Ingrid Alexandra tok som vanlig en tur i mammas klesskap f\u00f8r hun skulle ut&hellip;\n","protected":false},"author":2,"featured_media":108886,"comment_status":"","ping_status":"","sticky":false,"template":"","format":"standard","meta":{"footnotes":""},"categories":[10],"tags":[20,21,2592,3990,4104,24,25,15,13476,76,1764,2293,22,23,13,30,28,29,14,16,291,26,27],"class_list":{"0":"post-108885","1":"post","2":"type-post","3":"status-publish","4":"format-standard","5":"has-post-thumbnail","7":"category-norge","8":"tag-breaking-news","9":"tag-breakingnews","10":"tag-den-norske-kongefamilien","11":"tag-det-norske-kongehuset","12":"tag-eksklusivt","13":"tag-featured-news","14":"tag-featurednews","15":"tag-headlines","16":"tag-ingrid-alexandra","17":"tag-kongelig","18":"tag-kronprins-haakon","19":"tag-kronprinsesse-mette-marit","20":"tag-latest-news","21":"tag-latestnews","22":"tag-news","23":"tag-no","24":"tag-norge","25":"tag-norway","26":"tag-nyheter","27":"tag-overskrifter","28":"tag-prinsesse-ingrid-alexandra","29":"tag-top-stories","30":"tag-topstories"},"share_on_mastodon":{"url":"https:\/\/pubeurope.com\/@no\/115691882251740281","error":""},"_links":{"self":[{"href":"https:\/\/www.europesays.com\/no\/wp-json\/wp\/v2\/posts\/108885","targetHints":{"allow":["GET"]}}],"collection":[{"href":"https:\/\/www.europesays.com\/no\/wp-json\/wp\/v2\/posts"}],"about":[{"href":"https:\/\/www.europesays.com\/no\/wp-json\/wp\/v2\/types\/post"}],"author":[{"embeddable":true,"href":"https:\/\/www.europesays.com\/no\/wp-json\/wp\/v2\/users\/2"}],"replies":[{"embeddable":true,"href":"https:\/\/www.europesays.com\/no\/wp-json\/wp\/v2\/comments?post=108885"}],"version-history":[{"count":0,"href":"https:\/\/www.europesays.com\/no\/wp-json\/wp\/v2\/posts\/108885\/revisions"}],"wp:featuredmedia":[{"embeddable":true,"href":"https:\/\/www.europesays.com\/no\/wp-json\/wp\/v2\/media\/108886"}],"wp:attachment":[{"href":"https:\/\/www.europesays.com\/no\/wp-json\/wp\/v2\/media?parent=108885"}],"wp:term":[{"taxonomy":"category","embeddable":true,"href":"https:\/\/www.europesays.com\/no\/wp-json\/wp\/v2\/categories?post=108885"},{"taxonomy":"post_tag","embeddable":true,"href":"https:\/\/www.europesays.com\/no\/wp-json\/wp\/v2\/tags?post=108885"}],"curies":[{"name":"wp","href":"https:\/\/api.w.org\/{rel}","templated":true}]}}