{"id":10890,"date":"2025-08-17T22:54:12","date_gmt":"2025-08-17T22:54:12","guid":{"rendered":"https:\/\/www.europesays.com\/no\/10890\/"},"modified":"2025-08-17T22:54:12","modified_gmt":"2025-08-17T22:54:12","slug":"britt-solvi-74-folk-skal-fa-vaere-som-de-er-om-de-er-sann-eller-sann-avisa-st-no","status":"publish","type":"post","link":"https:\/\/www.europesays.com\/no\/10890\/","title":{"rendered":"(+) Britt S\u00f8lvi (74): \u2013 Folk skal f\u00e5 v\u00e6re som de er, om de er s\u00e5nn eller s\u00e5nn &#8211; avisa-st.no"},"content":{"rendered":"<ol>\n<li><a href=\"https:\/\/news.google.com\/rss\/articles\/CBMisgFBVV95cUxNYzFBc1UyZmY1Yi1fcUowX2ZObExvMk0wbmZqZWcydDhwUzlHM1VHeUxLUzdlanJ4czRTUC1kbFFkWS04N0tLMDlzYWdLRTdmTjVnVjR4aU84YzRHZE5BeWtPdC1yWmplZ2xtVkk0c3VDam5aR1lncHpLaHFKRkVIZ0lUd1dYblZKNUpvT3pPM1BTQzFYcWpNN0VKak9lQVlCT1pQdzF6MkRqa1VVTHpmU1VR?oc=5\" target=\"_blank\" rel=\"nofollow noopener\">(+) Britt S\u00f8lvi (74): \u2013 Folk skal f\u00e5 v\u00e6re som de er, om de er s\u00e5nn eller s\u00e5nn<\/a>&nbsp;&nbsp;avisa-st.no<\/li>\n<li><a href=\"https:\/\/news.google.com\/rss\/articles\/CBMigAFBVV95cUxQX2REN0JUQVdkellZUFFHbno1eGk3Ykl5Qm5xSThUSExUWVNpLTFIM1UtYVppTVgtWUJsUHVlbHEwY2s0Vk5taGhMS1dDRkN2UVBHZkpmdGNQMGVBbFBnRWJDMlhZS2N6aHo1X3JBaUFPc0tWVXRTSWNYU19ub01rRw?oc=5\" target=\"_blank\" rel=\"nofollow noopener\">(+) Hundrevis i Pride-parade i Lillesand<\/a>&nbsp;&nbsp;lp.no<\/li>\n<li><a href=\"https:\/\/news.google.com\/rss\/articles\/CBMinAFBVV95cUxPN180TEs2ZjVBLW9jUFMtWUJmRzNCLVhWVW9IY1RvQ1VnWUlzLWRtX2IwMFg3dUFfMXFRS1h1SGxPTW5sU0IyZld4Z1N4bmtheU0tU3VzWVR3WUJqNUEzNFFVQy1wUXdfTl9OVnBnOVpfcWRaQWctZzZoLXhBdmU5ZUxXOTRwazFjM3NaNXFIWl8yZUI4YWIwUUszYkY?oc=5\" target=\"_blank\" rel=\"nofollow noopener\">Levanger, Politikk | Markerte pride: \u2013 Dragkamp mellom lyse og m\u00f8rke krefter i verden<\/a>&nbsp;&nbsp;Tr\u00f8nder-Avisa<\/li>\n<li><a href=\"https:\/\/news.google.com\/rss\/articles\/CBMifEFVX3lxTFBvYXJUOUZjUnZSeW5UZU9xUVNiMDYyRlBxMFhVUi1vSFJIbzBxSU9ldzJGSDh5SXlDWW9tb0h3R1lSb2xvZ2hIakhNNGNWeThhME5QcHplTUZTbmhRZ0ZMUHZSMzlzNEg5WUxuQUVjT2xfOHB5TjhvQ0VqV2w?oc=5\" target=\"_blank\" rel=\"nofollow noopener\">(+) Flere hundre trosset regnv\u00e6ret<\/a>&nbsp;&nbsp;innherred.no<\/li>\n<li><a href=\"https:\/\/news.google.com\/rss\/articles\/CBMirAFBVV95cUxQR2RqMVpIanhEXzR3a1FDMm53bGo2SjEwVzlFa3RwSi1GaURUY2xCa1VKM3lhNTZsVktqQWZDanZTWlJoaUk5N2U2Q2Vnb0gyc3EyZmdUZ1I2c0JzYU9EWl9SWmtJNHJvTDlwN2pRYzFNVjRGaHN0NG5CQlYycjdSUUZ3SjAyZG5uSG1jRFpFZzdudERRejRxVV9EZjR3NmZMLW5EWW9tTUFlTU51?oc=5\" target=\"_blank\" rel=\"nofollow noopener\">Bli med i Pride-paraden \u2013 l\u00f8rdag 16. august kl. 12.00 fra Orkanger torg<\/a>&nbsp;&nbsp;avisa-st.no<\/li>\n<\/ol>\n","protected":false},"excerpt":{"rendered":"(+) Britt S\u00f8lvi (74): \u2013 Folk skal f\u00e5 v\u00e6re som de er, om de er s\u00e5nn eller s\u00e5nn&nbsp;&nbsp;avisa-st.no&hellip;\n","protected":false},"author":2,"featured_media":10891,"comment_status":"","ping_status":"","sticky":false,"template":"","format":"standard","meta":{"footnotes":""},"categories":[10],"tags":[601,20,21,2242,2243,24,25,15,22,23,2241,13,30,28,29,14,2239,2238,16,2065,2240,262,333,26,27,50],"class_list":{"0":"post-10890","1":"post","2":"type-post","3":"status-publish","4":"format-standard","5":"has-post-thumbnail","7":"category-norge","8":"tag-arrangement","9":"tag-breaking-news","10":"tag-breakingnews","11":"tag-david-bowie","12":"tag-diskriminering","13":"tag-featured-news","14":"tag-featurednews","15":"tag-headlines","16":"tag-latest-news","17":"tag-latestnews","18":"tag-legning","19":"tag-news","20":"tag-no","21":"tag-norge","22":"tag-norway","23":"tag-nyheter","24":"tag-orkanger","25":"tag-orkland","26":"tag-overskrifter","27":"tag-pride","28":"tag-skeive","29":"tag-solidaritet","30":"tag-stortinget","31":"tag-top-stories","32":"tag-topstories","33":"tag-usa"},"share_on_mastodon":{"url":"","error":""},"_links":{"self":[{"href":"https:\/\/www.europesays.com\/no\/wp-json\/wp\/v2\/posts\/10890","targetHints":{"allow":["GET"]}}],"collection":[{"href":"https:\/\/www.europesays.com\/no\/wp-json\/wp\/v2\/posts"}],"about":[{"href":"https:\/\/www.europesays.com\/no\/wp-json\/wp\/v2\/types\/post"}],"author":[{"embeddable":true,"href":"https:\/\/www.europesays.com\/no\/wp-json\/wp\/v2\/users\/2"}],"replies":[{"embeddable":true,"href":"https:\/\/www.europesays.com\/no\/wp-json\/wp\/v2\/comments?post=10890"}],"version-history":[{"count":0,"href":"https:\/\/www.europesays.com\/no\/wp-json\/wp\/v2\/posts\/10890\/revisions"}],"wp:featuredmedia":[{"embeddable":true,"href":"https:\/\/www.europesays.com\/no\/wp-json\/wp\/v2\/media\/10891"}],"wp:attachment":[{"href":"https:\/\/www.europesays.com\/no\/wp-json\/wp\/v2\/media?parent=10890"}],"wp:term":[{"taxonomy":"category","embeddable":true,"href":"https:\/\/www.europesays.com\/no\/wp-json\/wp\/v2\/categories?post=10890"},{"taxonomy":"post_tag","embeddable":true,"href":"https:\/\/www.europesays.com\/no\/wp-json\/wp\/v2\/tags?post=10890"}],"curies":[{"name":"wp","href":"https:\/\/api.w.org\/{rel}","templated":true}]}}