{"id":108916,"date":"2025-12-09T22:42:12","date_gmt":"2025-12-09T22:42:12","guid":{"rendered":"https:\/\/www.europesays.com\/no\/108916\/"},"modified":"2025-12-09T22:42:12","modified_gmt":"2025-12-09T22:42:12","slug":"liverpool-vant-i-milano-uten-salah","status":"publish","type":"post","link":"https:\/\/www.europesays.com\/no\/108916\/","title":{"rendered":"Liverpool vant i Milano uten Salah"},"content":{"rendered":"\n<p class=\"_lead_o9xde_2 _lead_xtcu6_50 layout-component text-serif-m layout-normal text-serif-l layout-component layout-wide layout-padded _wide_17hqh_1 layout-padded\">Uten Salah reiste Liverpool \u00abkjerringen\u00bb og vant i sluttminuttene mot Inter i Champions League. <\/p>\n<p><img alt=\" Foto: Luca Bruno \/ AP\" class=\"_image_qp4xg_65 layout-component layout-wide\" data-fullscreen- data-track-element-type=\"Article image fullscreen\" data-track-name=\"ImageFullscreen\" fetchpriority=\"high\" decoding=\"sync\" loading=\"eager\" height=\"4117\" itemprop=\"image\"  src=\"https:\/\/www.europesays.com\/no\/wp-content\/uploads\/2025\/12\/73fd1224-9e06-4da7-a03f-ab209bbd1ff6\"  style=\"object-position:0% 0%\" width=\"6176\"\/> Foto: Luca Bruno \/ AP<\/p>\n<ul aria-hidden=\"true\" class=\"_images_ntbth_112\">\n<li><a class=\"_link_ntbth_117\" href=\"https:\/\/www.vg.no\/forfatter\/mads-thygesen\" style=\"z-index:1\" title=\"Mads Thygesen\" rel=\"nofollow noopener\" target=\"_blank\"><img alt=\"Bilde av Mads Thygesen\" class=\"_image_ntbth_93\" fetchpriority=\"low\" loading=\"lazy\" decoding=\"async\" itemprop=\"image\"  src=\"https:\/\/www.europesays.com\/no\/wp-content\/uploads\/2025\/12\/1765320130_863_d82576b6-c31c-43fc-a223-28ce8745295c\"  width=\"480\"\/><\/a><\/li>\n<\/ul>\n<p> Oppdatert tirsdag 9. desember kl. 23:41    <\/p>\n<ul class=\"_list_o9xde_3 _list_64s2r_85 _unordered_o9xde_106 text-sans-m\">\n<li class=\"_item_o9xde_30\">Liverpool slo Inter i Champions League tross frav\u00e6ret av Salah, Gakpo og Chiesa.<\/li>\n<li class=\"_item_o9xde_30\">Kampen ble avgjort med en kontroversiell straffescoring i sluttminuttene.<\/li>\n<li class=\"_item_o9xde_30\">Tidligere Liverpool-spillere roser prestasjonen, men understreker at utfordringene ikke er over.<\/li>\n<li class=\"_item_o9xde_30\">Phil Thompson og Alan Shearer kritiserer Salahs utspill mot egen klubb.<\/li>\n<\/ul>\n<p>Vis mer <\/p>\n<p class=\"_paragraph_o9xde_4 _paragraph_xtcu6_10 layout-component text-serif-m layout-normal text-serif-m layout-padded\">Et Liverpool-lag p\u00e5 jakt etter en sportslig opptur kunne f\u00e5 det t\u00f8ft bort mot Inter i <a href=\"https:\/\/www.vg.no\/tag\/champions-league?utm_source=vg-article&amp;utm_medium=auto-tagger&amp;utm_campaign=zOL9Pq\" class=\"_link_o9xde_39\" rel=\"nofollow noopener\" target=\"_blank\">Champions League<\/a> tirsdag.<\/p>\n<p class=\"_paragraph_o9xde_4 _paragraph_xtcu6_10 layout-component text-serif-m layout-normal text-serif-m layout-padded\">Salah var vraket av Arne Slot til oppgj\u00f8ret. I tillegg var ikke Cody Gakpo eller Federico Chiesa tilgjengelig til kampen.<\/p>\n<p class=\"_paragraph_o9xde_4 _paragraph_xtcu6_10 layout-component text-serif-m layout-normal text-serif-m layout-padded\">Bortelaget s\u00e5 ikke ut til \u00e5 savne de nevnte tre. Liverpool var best den f\u00f8rste halvtimen, uten \u00e5 komme til de store sjansene. <\/p>\n<p class=\"_paragraph_o9xde_4 _paragraph_xtcu6_10 layout-component text-serif-m layout-normal text-serif-m layout-padded\">Likevel klarte de \u00e5 dra i land en seier etter omdiskutert straffescoring i sluttminuttene.<\/p>\n<p class=\"_paragraph_o9xde_4 _paragraph_xtcu6_10 layout-component text-serif-m layout-normal text-serif-m layout-padded\">\u2013 Du gir dommeren muligheten til \u00e5 bl\u00e5se. Du kan ikke gj\u00f8re det \u2013 for du gir dem en mulighet, sier tidligere Liverpool-spiller og trener Phil Thompson om straffesituasjonen som endte med den avgj\u00f8rende scoringen.<\/p>\n<p><img decoding=\"async\" alt=\"Bilde av Phil Thompson\" class=\"_image_ygndg_42\" height=\"27\" itemprop=\"image\" loading=\"lazy\"  src=\"https:\/\/www.europesays.com\/no\/wp-content\/uploads\/2025\/12\/d71179fb-fee9-405c-a723-e23dcb290685\"  width=\"40\"\/><strong class=\"_name_ygndg_51 title-serif-xs\">Phil Thompson<\/strong><\/p>\n<p class=\"_paragraph_o9xde_4 _paragraph_xtcu6_10 layout-component text-serif-m layout-normal text-serif-m layout-padded\">Florian Wirtz gikk ned i 16-meter til Inter etter at Alessandro Bastoni tok tak i tr\u00f8ya til tyskeren. Etter en god og lang VAR-sjekk konkluderte dommer Felix Zwayer med at italienerens holding var straffbar.<\/p>\n<p class=\"_paragraph_o9xde_4 _paragraph_xtcu6_10 layout-component text-serif-m layout-normal text-serif-m layout-padded\">\u2013 Et av de billigste straffene jeg noensinne har sett. N\u00e5r man ser det i slow motion ser det verre ut enn det er, raste Inters Manuel Akanji til TV 2 etter kampslutt.<\/p>\n<p class=\"_paragraph_o9xde_4 _paragraph_xtcu6_10 layout-component text-serif-m layout-normal text-serif-m layout-padded\">Sveitseren, med en fortid i Manchester City, for st\u00f8tte av Liverpool-spiller Andy Robertson. Han innr\u00f8mmer at straffeparket var av det billige slaget.<\/p>\n<p class=\"_paragraph_o9xde_4 _paragraph_xtcu6_10 layout-component text-serif-m layout-normal text-serif-m layout-padded\">\u2013 Straffesparket s\u00e5 billig ut, fortalte han TV 2.<\/p>\n<p><img alt=\"Foto: Nderim Kaceli\/IPA Sport \/ ipa-agency.net\" class=\"_image_qp4xg_65 layout-component layout-normal\" data-fullscreen- data-track-element-type=\"Article image fullscreen\" data-track-name=\"ImageFullscreen\" decoding=\"async\" loading=\"lazy\" height=\"4038\" itemprop=\"image\"  src=\"https:\/\/www.europesays.com\/no\/wp-content\/uploads\/2025\/12\/6284724a-ddb4-4274-900d-72b9e94f6bac\"  style=\"object-position:0% 0%\" width=\"5594\"\/>Foto: Nderim Kaceli\/IPA Sport \/ ipa-agency.net<\/p>\n<p class=\"_paragraph_o9xde_4 _paragraph_xtcu6_10 layout-component text-serif-m layout-normal text-serif-m layout-padded\">Prestasjonen til Liverpool roses. I motsetning til de foreg\u00e5ende kampene s\u00e5 Liverpool mer solide ut denne tirsdagen i Milano.<\/p>\n<p class=\"_paragraph_o9xde_4 _paragraph_xtcu6_10 layout-component text-serif-m layout-normal text-serif-m layout-padded\">Tidligere Liverpool-spiller Daniel Sturrigde friskmelder ikke klubben til tross for seieren, men tror det gir dem etterlengtet pusterom.<\/p>\n<p class=\"_paragraph_o9xde_4 _paragraph_xtcu6_10 layout-component text-serif-m layout-normal text-serif-m layout-padded\">\u2013 Det er en t\u00f8ff periode for laget, dette har ikke skjedd de siste fire\u2013fem \u00e5rene. De drar hjem i kveld og f\u00f8ler seg stolte.<\/p>\n<p class=\"_paragraph_o9xde_4 _paragraph_xtcu6_10 layout-component text-serif-m layout-normal text-serif-m layout-padded\">\u2013 Det handler om \u00e5 nyte denne kvelden, men samtidig vite at det venter en enorm kamp i helgen \u2013 og det vil fortsatt v\u00e6re snakk hvis de ikke f\u00e5r et resultat i helgen, sier han til Amazon Prime etter kampen.<\/p>\n<p><img alt=\"EKSPERT: Stephen Warnock har en fortid som Liverpool-spiller.  Foto: DAVE THOMPSON \/ AP\" class=\"_image_qp4xg_65 layout-component layout-normal\" data-fullscreen- data-track-element-type=\"Article image fullscreen\" data-track-name=\"ImageFullscreen\" decoding=\"async\" loading=\"lazy\" height=\"1317\" itemprop=\"image\"  src=\"https:\/\/www.europesays.com\/no\/wp-content\/uploads\/2025\/12\/0f2a1034-9841-4133-afdd-36ca7f65505e\"  style=\"object-position:0% 0%\" width=\"2000\"\/>EKSPERT: Stephen Warnock har en fortid som Liverpool-spiller.  Foto: DAVE THOMPSON \/ AP    <\/p>\n<p class=\"_root_1xq52_1\" lang=\"en\" dir=\"auto\">I\u2019m not sure I\u2019ve wanted Liverpool to win a game more than tonight for a long time!<br \/>\nCome you mighty \ud83d\udd34\ud83e\udd1e<\/p>\n<p class=\"_root_175ot_1\" lang=\"en\" dir=\"auto\">The work continues for Mo Salah \ud83d\udc40\ud83d\udd34 <\/p>\n<p class=\"_paragraph_o9xde_4 _paragraph_xtcu6_10 layout-component text-serif-m layout-normal text-serif-m layout-padded\">En annen tidligere Liverpool-spiller har v\u00e6rt sv\u00e6rt kritisk til Salah siden Leeds-kampen. Timer f\u00f8r kampstart kom Jamie Carragher med et stikk i retning egypteren.<\/p>\n<p class=\"_paragraph_o9xde_4 _paragraph_xtcu6_10 layout-component text-serif-m layout-normal text-serif-m layout-padded\">\u2013 Jeg kan ikke huske sist jeg \u00f8nsket at Liverpool skulle vinne en kamp mer enn i kveld, skriver han p\u00e5 <a href=\"https:\/\/x.com\/Carra23\/status\/1998401876585250929\" class=\"_link_o9xde_39\" rel=\"nofollow\">X.<\/a> Teksten st\u00e5r over et bildet Salah har delt p\u00e5 meldingstjenesten, som viser egypteren alene i klubbens styrkerom.<\/p>\n<p class=\"_paragraph_o9xde_4 _paragraph_xtcu6_10 layout-component text-serif-m layout-normal text-serif-m layout-padded\">Samme dag delte tidenes mestscorende i Premier League Alan Shearer sine tanker om Salah-situasjonen. Han kommer med en kraftsalve mot Liverpool-spilleren. <\/p>\n<p class=\"_paragraph_o9xde_4 _paragraph_xtcu6_10 layout-component text-serif-m layout-normal text-serif-m layout-padded\">\u2013 Han burde ikke si det til media, men jeg vil snakke om mentaliteten hans og det han har oppn\u00e5dd. Han kommer til \u00e5 v\u00e6re flau, han kommer til \u00e5 v\u00e6re s\u00e5ret, og egoet hans har f\u00e5tt en knekk, for han vil se p\u00e5 det han har gjort og oppn\u00e5dd og tenke at i \u00e5tte \u00e5r har han b\u00e5ret den fotballklubben, sier Shearer til britiske <a href=\"https:\/\/www.independent.co.uk\/sport\/football\/mo-salah-alan-shearer-daniel-sturridge-liverpool-inter-champions-league-b2881247.html\" class=\"_link_o9xde_39\" rel=\"nofollow noopener\" target=\"_blank\">Independent.<\/a><\/p>\n<p class=\"_paragraph_o9xde_4 _paragraph_xtcu6_10 layout-component text-serif-m layout-normal text-serif-m layout-padded\">Spissen er tydelig p\u00e5 at Salah, som klubbens store spiller, skulle h\u00e5ndtert situasjonen annerledes og tatt sitt offentlige oppgj\u00f8r med klubben internt.<\/p>\n<p><img alt=\"Foto: Richard Sellers \/ Pa Photos\" class=\"_image_qp4xg_65 layout-component layout-normal\" data-fullscreen- data-track-element-type=\"Article image fullscreen\" data-track-name=\"ImageFullscreen\" decoding=\"async\" loading=\"lazy\" height=\"4222\" itemprop=\"image\"  src=\"https:\/\/www.europesays.com\/no\/wp-content\/uploads\/2025\/12\/a0b80c52-42be-424c-b34d-a74daa759879\"  style=\"object-position:0% 0%\" width=\"5886\"\/>Foto: Richard Sellers \/ Pa Photos<\/p>\n<p class=\"_paragraph_o9xde_4 _paragraph_xtcu6_10 layout-component text-serif-m layout-normal text-serif-m layout-padded\">F\u00f8r m\u00f8tet med det italienske storlaget har det meste handlet om Mohamed Salah for r\u00f8dtr\u00f8yene.<\/p>\n<p class=\"_paragraph_o9xde_4 _paragraph_xtcu6_10 layout-component text-serif-m layout-normal text-serif-m layout-padded\">Etter helgens kamp mot Leeds gikk egypteren hardt ut mot egen klubb og brukte sterke ord for \u00e5 beskrive hvordan han f\u00f8ler seg behandlet.<\/p>\n<p class=\"_paragraph_o9xde_4 _paragraph_xtcu6_10 layout-component text-serif-m layout-normal text-serif-m layout-padded\">Kraftsalven fikk konsekvenser. Stjernespilleren er ikke med i tirsdagens kamptropp, som mandag ankom Milano.<\/p>\n<p class=\"_paragraph_o9xde_4 _paragraph_xtcu6_10 layout-component text-serif-m layout-normal text-serif-m layout-padded\">B\u00e5de Liverpool-manager Arne Slot og Salah selv har skapt usikkerhet rundt fremtiden til egypteren i klubben.<\/p>\n<p class=\"_paragraph_o9xde_4 _paragraph_xtcu6_10 layout-component text-serif-m layout-normal text-serif-m layout-padded\">\u2013 Jeg vet ikke hva som vil skje n\u00e5. Jeg kommer til \u00e5 v\u00e6re p\u00e5 Anfield for \u00e5 si ha det til fansen og s\u00e5 dra til afrikamesterskapet. Jeg vet ikke hva som vil skje n\u00e5r jeg er der, sa Salah.<\/p>\n<p class=\"_paragraph_o9xde_4 _paragraph_xtcu6_10 layout-component text-serif-m layout-normal text-serif-m layout-padded\">Seieren f\u00f8rer Liverpool inn blant de \u00e5tte beste lagene i Champions League. R\u00f8dtr\u00f8yene m\u00f8ter Marseille i neste runde. <\/p>\n","protected":false},"excerpt":{"rendered":"Uten Salah reiste Liverpool \u00abkjerringen\u00bb og vant i sluttminuttene mot Inter i Champions League. Foto: Luca Bruno \/&hellip;\n","protected":false},"author":2,"featured_media":108917,"comment_status":"","ping_status":"","sticky":false,"template":"","format":"standard","meta":{"footnotes":""},"categories":[59],"tags":[706,92,1848,30,28,29,83,82],"class_list":{"0":"post-108916","1":"post","2":"type-post","3":"status-publish","4":"format-standard","5":"has-post-thumbnail","7":"category-sport","8":"tag-champions-league","9":"tag-fotball","10":"tag-liverpool","11":"tag-no","12":"tag-norge","13":"tag-norway","14":"tag-sport","15":"tag-sports"},"share_on_mastodon":{"url":"https:\/\/pubeurope.com\/@no\/115692027707003352","error":""},"_links":{"self":[{"href":"https:\/\/www.europesays.com\/no\/wp-json\/wp\/v2\/posts\/108916","targetHints":{"allow":["GET"]}}],"collection":[{"href":"https:\/\/www.europesays.com\/no\/wp-json\/wp\/v2\/posts"}],"about":[{"href":"https:\/\/www.europesays.com\/no\/wp-json\/wp\/v2\/types\/post"}],"author":[{"embeddable":true,"href":"https:\/\/www.europesays.com\/no\/wp-json\/wp\/v2\/users\/2"}],"replies":[{"embeddable":true,"href":"https:\/\/www.europesays.com\/no\/wp-json\/wp\/v2\/comments?post=108916"}],"version-history":[{"count":0,"href":"https:\/\/www.europesays.com\/no\/wp-json\/wp\/v2\/posts\/108916\/revisions"}],"wp:featuredmedia":[{"embeddable":true,"href":"https:\/\/www.europesays.com\/no\/wp-json\/wp\/v2\/media\/108917"}],"wp:attachment":[{"href":"https:\/\/www.europesays.com\/no\/wp-json\/wp\/v2\/media?parent=108916"}],"wp:term":[{"taxonomy":"category","embeddable":true,"href":"https:\/\/www.europesays.com\/no\/wp-json\/wp\/v2\/categories?post=108916"},{"taxonomy":"post_tag","embeddable":true,"href":"https:\/\/www.europesays.com\/no\/wp-json\/wp\/v2\/tags?post=108916"}],"curies":[{"name":"wp","href":"https:\/\/api.w.org\/{rel}","templated":true}]}}