{"id":108918,"date":"2025-12-09T22:52:16","date_gmt":"2025-12-09T22:52:16","guid":{"rendered":"https:\/\/www.europesays.com\/no\/108918\/"},"modified":"2025-12-09T22:52:16","modified_gmt":"2025-12-09T22:52:16","slug":"store-satser-pa-plan-for-norge","status":"publish","type":"post","link":"https:\/\/www.europesays.com\/no\/108918\/","title":{"rendered":"St\u00f8re satser p\u00e5 Plan for Norge"},"content":{"rendered":"\n<ul class=\"_list_o9xde_3 _list_64s2r_85 _unordered_o9xde_106 text-sans-m\">\n<li class=\"_item_o9xde_30\">Statsminister Jonas Gahr St\u00f8re vil erstatte regjeringsplattformen med en \u00e5rlig oppdatert \u00abPlan for Norge\u00bb.<\/li>\n<li class=\"_item_o9xde_30\">Planen har fem hovedm\u00e5l, inkludert \u00f8konomisk trygghet og bedre beredskap.<\/li>\n<li class=\"_item_o9xde_30\">St\u00f8re lover t\u00f8ffere linje mot kriminalitet og \u00f8kt fokus p\u00e5 sikkerhet.<\/li>\n<\/ul>\n<p>Vis mer <\/p>\n<p class=\"_paragraph_o9xde_4 _paragraph_xtcu6_10 layout-component text-serif-m layout-normal text-serif-m layout-padded\">I Norge har det siden 1997 v\u00e6rt tradisjon for at en regjering lager en regjeringsplattformregjeringsplattform En regjeringsplattform er et dokument som beskriver hva en regjering planlegger \u00e5 gj\u00f8re i l\u00f8pet av sin periode, og brukes som en m\u00e5lestokk for \u00e5 vurdere om regjeringen oppfyller sine l\u00f8fter., som velgerne, politikere i eget og andre parti kan bruke for \u00e5 m\u00e5le om regjeringen leverer.<\/p>\n<p class=\"_paragraph_o9xde_4 _paragraph_xtcu6_10 layout-component text-serif-m layout-normal text-serif-m layout-padded\">I stedet skal St\u00f8re 15. desember presentere regjeringens \u00abPlan for Norge\u00bb.<\/p>\n<p class=\"_paragraph_o9xde_4 _paragraph_xtcu6_10 layout-component text-serif-m layout-normal text-serif-m layout-padded\">\u2013 En viktig l\u00e6rdom fra de siste \u00e5rene, er at verden endrer seg raskt, og derfor m\u00e5 vi som regjering ogs\u00e5 tilpasse oss, sier St\u00f8re.<\/p>\n<p class=\"_paragraph_o9xde_4 _paragraph_xtcu6_10 layout-component text-serif-m layout-normal text-serif-m layout-padded\">\u2013 V\u00e5r plan for Norge peker ut regjeringens viktigste m\u00e5l og prioriteringer for de neste \u00e5rene, og er ikke en samling av hundrevis av enkeltsaker som er l\u00e5st for hele perioden, som en regjeringsplattform ville v\u00e6rt:<\/p>\n<p class=\"_paragraph_o9xde_4 _paragraph_xtcu6_10 layout-component text-serif-m layout-normal text-serif-m layout-padded\">\u2013 Den nye planen vil ha klare og tydelige satsinger, som f\u00f8lger opp Arbeiderpartiets program og l\u00f8ftene v\u00e5re fra valgkampen om trygghet for fremtiden.<\/p>\n<p class=\"_paragraph_o9xde_4 _paragraph_xtcu6_10 layout-component text-serif-m layout-normal text-serif-m layout-padded\">\u2013 Det h\u00f8res ut som en oppskrift som kan gi deg og ledelsen mer makt, fleksibilitet og handlingsrom?<\/p>\n<p class=\"_paragraph_o9xde_4 _paragraph_xtcu6_10 layout-component text-serif-m layout-normal text-serif-m layout-padded\">\u2013 Fleksibilitet, ja; fordi vi vil oppdatere denne planen en gang i \u00e5ret fordi verden forandrer seg.<\/p>\n<p><img alt=\"Foto: Helge Mikalsen \/ VG\" class=\"_image_qp4xg_65 layout-component layout-normal\" data-fullscreen- data-track-element-type=\"Article image fullscreen\" data-track-name=\"ImageFullscreen\" decoding=\"async\" loading=\"lazy\" height=\"5504\" itemprop=\"image\"  src=\"https:\/\/www.europesays.com\/no\/wp-content\/uploads\/2025\/12\/c82f2160-f9f5-444b-b67e-5ac1e7956bba\"  style=\"object-position:0% 0%\" width=\"8256\"\/>Foto: Helge Mikalsen \/ VG<\/p>\n<p class=\"_paragraph_o9xde_4 _paragraph_xtcu6_10 layout-component text-serif-m layout-normal text-serif-m layout-padded\">\u2013 Dere skal ned p\u00e5 ett\u00e5rsperspektiv?<\/p>\n<p class=\"_paragraph_o9xde_4 _paragraph_xtcu6_10 layout-component text-serif-m layout-normal text-serif-m layout-padded\">\u2013 Ja og nei; dette er v\u00e5r plan til 2029, men vi vil g\u00e5 gjennom hvert \u00e5r og se om det er n\u00f8dvendig \u00e5 gj\u00f8re justeringer. M\u00e5ned for m\u00e5ned kan det skje noe som gj\u00f8r at vi m\u00e5 oppdatere deler av v\u00e5re m\u00e5l, fordi utviklingen gj\u00f8r at det kreves.<\/p>\n<p class=\"_paragraph_o9xde_4 _paragraph_xtcu6_10 layout-component text-serif-m layout-normal text-serif-m layout-padded\">Han sier at dette er hovedtemaene i Planen for Norge:<\/p>\n<ul class=\"_list_o9xde_3 _list_xtcu6_9 _unordered_o9xde_106 layout-component text-serif-m layout-normal text-serif-m layout-padded\">\n<li class=\"_item_o9xde_30\">Trygg \u00f8konomi og at folk skal f\u00e5 bedre r\u00e5d.<\/li>\n<li class=\"_item_o9xde_30\">En satsing p\u00e5 arbeids- og n\u00e6ringslivet.<\/li>\n<li class=\"_item_o9xde_30\">Barn og unge.<\/li>\n<li class=\"_item_o9xde_30\">Trygghet for helsen.<\/li>\n<li class=\"_item_o9xde_30\">Og trygghet for landet, som er det ene av fem hovedpunkter han gir VG<br \/>innsikt i \u2013 (se mer om det lenger nede).<\/li>\n<\/ul>\n<p class=\"_paragraph_o9xde_4 _paragraph_xtcu6_10 layout-component text-serif-m layout-normal text-serif-m layout-padded\">\u2013 Kapittelet \u00abTrygghet for landet\u00bb inneholder brede m\u00e5l og formuleringer og ikke veldig mange konkrete tiltak?<\/p>\n<p class=\"_paragraph_o9xde_4 _paragraph_xtcu6_10 layout-component text-serif-m layout-normal text-serif-m layout-padded\">\u2013 Ja, vi trenger \u00e5 sette brede m\u00e5l og vi har lagt et godt grunnlag sammen med Stortinget, sier han og viser noen punkter:<\/p>\n<ul class=\"_list_o9xde_3 _list_xtcu6_9 _list_16v91_9 _unordered_o9xde_106 layout-component text-serif-m layout-normal text-sans-m layout-padded\">\n<li class=\"_item_o9xde_30\">Et l\u00f8ft for Forsvaret gjennom langtidsplanen for forsvarssektoren.<\/li>\n<li class=\"_item_o9xde_30\">Nansen-programmet for st\u00f8tte til Ukraina.<\/li>\n<li class=\"_item_o9xde_30\">Totalberedskapsmeldingen for et mer motstandsdyktig Norge.<\/li>\n<li class=\"_item_o9xde_30\">Trygging av landets \u00f8konomiske sikkerhet.<\/li>\n<li class=\"_item_o9xde_30\">Styrking av politiet og bekjempelse av kriminalitet.<\/li>\n<\/ul>\n<p>Vis mer<\/p>\n<p class=\"_paragraph_o9xde_4 _paragraph_xtcu6_10 layout-component text-serif-m layout-normal text-serif-m layout-padded\">\u2013 Norge st\u00e5r i den mest alvorlige sikkerhetssituasjonen siden andre verdenskrig. I tr\u00e5d med nasjonal sikkerhetsstrategi, vil regjeringen bygge Forsvaret videre opp, forbedre beredskapen i samfunnet og styrke v\u00e5r \u00f8konomiske sikkerhet, sier statsministeren.<\/p>\n<p class=\"_paragraph_o9xde_4 _paragraph_xtcu6_10 layout-component text-serif-m layout-normal text-serif-m layout-padded\">Sikkerhet landet handler om forsvar, totalberedskap, sikkerhetsstrategi og kriminalitet.<\/p>\n<p class=\"_paragraph_o9xde_4 _paragraph_xtcu6_10 layout-component text-serif-m layout-normal text-serif-m layout-padded\">\u2013 Vi vil skape trygghet \u2013 ved \u00e5 st\u00e5 opp for demokratiet og rettsstaten og utvikle forsvar, samfunnsberedskap og politi for en ny tid.<\/p>\n<p><img alt=\"Foto: Helge Mikalsen \/ VG\" class=\"_image_qp4xg_65 layout-component layout-normal\" data-fullscreen- data-track-element-type=\"Article image fullscreen\" data-track-name=\"ImageFullscreen\" decoding=\"async\" loading=\"lazy\" height=\"5504\" itemprop=\"image\"  src=\"https:\/\/www.europesays.com\/no\/wp-content\/uploads\/2025\/12\/92a4e041-d513-4509-af49-cccfcd577b76\"  style=\"object-position:0% 0%\" width=\"8256\"\/>Foto: Helge Mikalsen \/ VG<\/p>\n<p class=\"_paragraph_o9xde_4 _paragraph_xtcu6_10 layout-component text-serif-m layout-normal text-serif-m layout-padded\">Han sier en erfaring er at de i mye st\u00f8rre grad vil bygge politikk over departementsgrensene.<\/p>\n<p class=\"_paragraph_o9xde_4 _paragraph_xtcu6_10 layout-component text-serif-m layout-normal text-serif-m layout-padded\">\u2013 Bekjempelse av barne- og ungdomskriminalitet er et slikt eksempel, med \u00e5penbart ansvar for Justisdepartementet, men ogs\u00e5 mye skole, barnevern og bydeler. <\/p>\n<p class=\"_paragraph_o9xde_4 _paragraph_xtcu6_10 layout-component text-serif-m layout-normal text-serif-m layout-padded\">Han sier at endringene de n\u00e5 gj\u00f8r, ikke endrer de enkelte departementenes konstitusjonelle ansvarsomr\u00e5der konstitusjonelle ansvarsomr\u00e5derKonstitusjonelle ansvarsomr\u00e5der refererer til de oppgavene og pliktene som er fastsatt i grunnloven for ulike deler av regjeringen..<\/p>\n<p>Her er sentrale punkter for planen \u00abSikkerhet for landet\u00bb:<\/p>\n<ul class=\"_list_o9xde_3 _list_xtcu6_9 _list_16v91_9 _unordered_o9xde_106 layout-component text-serif-m layout-normal text-sans-m layout-padded\">\n<li class=\"_item_o9xde_30\"><strong class=\"_strong_o9xde_25\">Raskt styrke forsvarsevnen.<\/strong><\/li>\n<\/ul>\n<p class=\"_paragraph_o9xde_4 _paragraph_xtcu6_10 _paragraph_16v91_10 layout-component text-serif-m layout-normal text-sans-m layout-padded\">\u2013 Regjeringen vil styrke Forsvaret, forberede totalforsvaret p\u00e5 krise og krig og fortsette opptrappingen mot Nato-m\u00e5let om \u00e5 bruke minst fem prosent av BNP p\u00e5 forsvars- og sikkerhetsrelaterte form\u00e5l innen 2035.<\/p>\n<p class=\"_paragraph_o9xde_4 _paragraph_xtcu6_10 _paragraph_16v91_10 layout-component text-serif-m layout-normal text-sans-m layout-padded\">\u2013 I 2026 tar vi konkrete steg mot m\u00e5let med investeringer i personell, materiell og beredskap i tr\u00e5d med v\u00e5re Nato-forpliktelser og langtidsplanen Forsvarsl\u00f8ftet. Langtidsplanen skal videreutvikles i tett dialog med Stortinget.<\/p>\n<ul class=\"_list_o9xde_3 _list_xtcu6_9 _list_16v91_9 _unordered_o9xde_106 layout-component text-serif-m layout-normal text-sans-m layout-padded\">\n<li class=\"_item_o9xde_30\"><strong class=\"_strong_o9xde_25\">Et mer motstandsdyktig Norge.<\/strong><\/li>\n<\/ul>\n<p class=\"_paragraph_o9xde_4 _paragraph_xtcu6_10 _paragraph_16v91_10 layout-component text-serif-m layout-normal text-sans-m layout-padded\">\u2013 Regjeringen vil styrke beredskapen mot alvorlige sikkerhetstruende hendelser. I samarbeid med kommunene, n\u00e6ringslivet og frivilligheten vil vi utvikle og sikre kritisk infrastruktur, \u00f8ve mer p\u00e5 tvers av sektorer og bygge robuste lokalsamfunn som t\u00e5ler kriser bedre.<\/p>\n<p class=\"_paragraph_o9xde_4 _paragraph_xtcu6_10 _paragraph_16v91_10 layout-component text-serif-m layout-normal text-sans-m layout-padded\">\u2013 Vi vil styrke arbeidet mot sammensatte trusler, og jobbe for et \u00e5pent og opplyst offentlig ordskifte som sikrer ytringsfrihet og den akademiske friheten. I 2026 skal regjeringen utvikle en langtidsplan for sivil beredskap, gjennomf\u00f8re tiltak i sikkerhetsplanen for digital infrastruktur og fortsette arbeide med \u00e5 sikre kritisk, undersj\u00f8isk infrastruktur i samarbeid med v\u00e5re naboland.<\/p>\n<ul class=\"_list_o9xde_3 _list_xtcu6_9 _list_16v91_9 _unordered_o9xde_106 layout-component text-serif-m layout-normal text-sans-m layout-padded\">\n<li class=\"_item_o9xde_30\"><strong class=\"_strong_o9xde_25\">Styrke Norges \u00f8konomiske sikkerhet.<\/strong><\/li>\n<\/ul>\n<p class=\"_paragraph_o9xde_4 _paragraph_xtcu6_10 _paragraph_16v91_10 layout-component text-serif-m layout-normal text-sans-m layout-padded\">\u2013 En sterk \u00f8konomi og et omstillingsdyktig n\u00e6ringsliv er avgj\u00f8rende for norsk sikkerhet. For \u00e5 bidra til dette, vil regjeringen fordype samarbeidet med v\u00e5re st\u00f8rste handelspartnere, og s\u00e6rlig EU, samtidig som vi f\u00e5r bedre kontroll p\u00e5 investeringer fra land vi ikke har et sikkerhetspolitisk samarbeid med.<\/p>\n<p class=\"_paragraph_o9xde_4 _paragraph_xtcu6_10 _paragraph_16v91_10 layout-component text-serif-m layout-normal text-sans-m layout-padded\">\u2013 Norge m\u00e5 investere i bruk og utvikling av kvanteteknologi, forsvarsteknologi og undervannsteknologi, samtidig som vi styrker eksportkontrollen for \u00e5 hindre at sikkerhetssensitiv teknologi og kunnskap deles med akt\u00f8rer som ikke deler v\u00e5re sikkerhetsinteresser.<\/p>\n<p class=\"_paragraph_o9xde_4 _paragraph_xtcu6_10 _paragraph_16v91_10 layout-component text-serif-m layout-normal text-sans-m layout-padded\">\u2013 Vi vil forvalte Statens pensjonsfond utland (SPU) p\u00e5 en forutsigbar m\u00e5te i en usikker tid. I 2026 vil regjeringen blant annet sende en ny lov om investeringskontroll p\u00e5 h\u00f8ring og knytte Norge n\u00e6rmere til EUs agenda for \u00f8konomisk sikkerhet.<\/p>\n<ul class=\"_list_o9xde_3 _list_xtcu6_9 _list_16v91_9 _unordered_o9xde_106 layout-component text-serif-m layout-normal text-sans-m layout-padded\">\n<li class=\"_item_o9xde_30\"><strong class=\"_strong_o9xde_25\">Forsvare Norges interesser i en farligere og mer uforutsigbar verden.<\/strong><\/li>\n<\/ul>\n<p class=\"_paragraph_o9xde_4 _paragraph_xtcu6_10 _paragraph_16v91_10 layout-component text-serif-m layout-normal text-sans-m layout-padded\">\u2013 Med krig i Europa og i en verden der forpliktende internasjonalt samarbeid svekkes, vil regjeringen st\u00e5 opp for folkeretten, menneskerettigheter og et sterkt FN. V\u00e5r langsiktige og brede st\u00f8tte til Ukraina, politisk, \u00f8konomisk og milit\u00e6rt, ligger fast.<\/p>\n<p class=\"_paragraph_o9xde_4 _paragraph_xtcu6_10 _paragraph_16v91_10 layout-component text-serif-m layout-normal text-sans-m layout-padded\">\u2013 Innsatsen for en tostatsl\u00f8sning som kan skape en varig fred og sikkerhet for b\u00e5de palestinere og israelere fortsetter. I 2026 vil regjeringen videref\u00f8re den ekstraordin\u00e6re st\u00f8tten til Ukraina gjennom Nansen-programmet i dialog med Stortinget. Vi vil opprettholde et h\u00f8yt niv\u00e5 p\u00e5 bistanden.<\/p>\n<ul class=\"_list_o9xde_3 _list_xtcu6_9 _list_16v91_9 _unordered_o9xde_106 layout-component text-serif-m layout-normal text-sans-m layout-padded\">\n<li class=\"_item_o9xde_30\"><strong class=\"_strong_o9xde_25\">Kamp mot kriminelle nettverk<\/strong><\/li>\n<\/ul>\n<p class=\"_paragraph_o9xde_4 _paragraph_xtcu6_10 _paragraph_16v91_10 layout-component text-serif-m layout-normal text-sans-m layout-padded\">\u2013 Regjeringen vil fortsette \u00e5 styrke politiets evne til \u00e5 forebygge, avdekke og etterforske kriminalitet, og stille de kriminelle for retten. I 2026 forsterker vi innsatsen med bedre grensekontroll, et mer robust politi, forslag om lovhjemler for \u00e5 styrke politiets evne til \u00e5 bekjempe kriminelle nettverk og ta bakmenn og forslag om kraftigere virkemidler for inndragning av kriminelles verdier. <\/p>\n<p class=\"_paragraph_o9xde_4 _paragraph_xtcu6_10 _paragraph_16v91_10 layout-component text-serif-m layout-normal text-sans-m layout-padded\">\u2013 Regjeringen vil gjennomg\u00e5 reglene om bortvisning og utvisning for \u00e5 sikre at utlendinger som beg\u00e5r kriminalitet sendes ut av landet.<\/p>\n<p>Vis mer<\/p>\n<p class=\"_paragraph_o9xde_4 _paragraph_xtcu6_10 layout-component text-serif-m layout-normal text-serif-m layout-padded\">\u2013 Dere skriver at dere vil gjennomg\u00e5 regelverket som gj\u00f8r at utenlandske statsborgere som beg\u00e5r kriminalitet, sendes ut av landet. Betyr det at de reglene har v\u00e6rt for slappe?<\/p>\n<p class=\"_paragraph_o9xde_4 _paragraph_xtcu6_10 layout-component text-serif-m layout-normal text-serif-m layout-padded\">\u2013 Det trengs klarere regelverk for \u00e5 gj\u00f8re det raskt og ikke akseptere at folk kan anke og dobbelttanke, for \u00e5 forlenge og sikre opphold.<\/p>\n<p class=\"_paragraph_o9xde_4 _paragraph_xtcu6_10 layout-component text-serif-m layout-normal text-serif-m layout-padded\">\u2013 Kriminelle skal kastes ut av landet?<\/p>\n<p class=\"_paragraph_o9xde_4 _paragraph_xtcu6_10 layout-component text-serif-m layout-normal text-serif-m layout-padded\">\u2013 Ja, n\u00e5r det er grunnlag for det. Har de ut\u00f8vd kriminalitet og de ikke har rett til \u00e5 v\u00e6re her: Ja.<\/p>\n<p class=\"_paragraph_o9xde_4 _paragraph_xtcu6_10 layout-component text-serif-m layout-normal text-serif-m layout-padded\">De skriver at regjeringen skal \u00abbidra til \u00f8kt bosetting i nord\u00bb.<\/p>\n<p class=\"_paragraph_o9xde_4 _paragraph_xtcu6_10 layout-component text-serif-m layout-normal text-serif-m layout-padded\">Hadde det ikke v\u00e6rt for ukrainerne og annen utenlandsk arbeidskraft, hadde det v\u00e6rt et dramatisk fall i innbyggere i Nord-Norge. Og ukrainerne skal forh\u00e5pentligvis etter hvert hjem:<\/p>\n<p class=\"_paragraph_o9xde_4 _paragraph_xtcu6_10 layout-component text-serif-m layout-normal text-serif-m layout-padded\">\u2013 Hva slags ressurser skal dere sette inn for \u00e5 f\u00e5 nordmenn til \u00e5 ville flytte nordover og f\u00e5 de som bor der til \u00e5 bli og f\u00f8de unger?<\/p>\n<p class=\"_paragraph_o9xde_4 _paragraph_xtcu6_10 layout-component text-serif-m layout-normal text-serif-m layout-padded\">\u2013 Nordomr\u00e5dene er Norges viktigste strategiske satsingsomr\u00e5de. Regjeringen har tatt en rekke grep for \u00e5 gj\u00f8re det mer attraktivt \u00e5 flytte nordover og etablere seg der, sier han og viser til f\u00f8lgende:<\/p>\n<p class=\"_paragraph_o9xde_4 _paragraph_xtcu6_10 layout-component text-serif-m layout-normal text-serif-m layout-padded\">\u2013 Vi har for eksempel styrket tiltakssonen med lavere skatt og gratis barnehage. Vi har halvert flyprisene p\u00e5 kortbanenettet, innf\u00f8rt billigere barnehage i hele Nord-Norge og gjennomf\u00f8rer en historisk forsvarssatsing som er viktig for landsdelen, for \u00e5 nevne noe.<\/p>\n<p>\u2013 Kriminalitet p\u00e5 anbud<\/p>\n<p class=\"_paragraph_o9xde_4 _paragraph_xtcu6_10 layout-component text-serif-m layout-normal text-serif-m layout-padded\">Han legger til:<\/p>\n<p class=\"_paragraph_o9xde_4 _paragraph_xtcu6_10 layout-component text-serif-m layout-normal text-serif-m layout-padded\">\u2013 Samtidig jobber vi med \u00e5 legge til rette for gode lokalsamfunn der folk kan komme i arbeid, leve gode liv og trives i hverdagen.<\/p>\n<p class=\"_paragraph_o9xde_4 _paragraph_xtcu6_10 layout-component text-serif-m layout-normal text-serif-m layout-padded\">\u2013 Du varsler en t\u00f8ffere linje mot kriminalitet fra stater og kriminelle nettverk. Kan du v\u00e6re konkret?<\/p>\n<p class=\"_paragraph_o9xde_4 _paragraph_xtcu6_10 layout-component text-serif-m layout-normal text-serif-m layout-padded\">\u2013 Kriminalitet i dag er p\u00e5 anbud til fremmede makter som vil skade i Norge:<\/p>\n<p class=\"_paragraph_o9xde_4 _paragraph_xtcu6_10 layout-component text-serif-m layout-normal text-serif-m layout-padded\">\u2013 P\u00e5 samme m\u00e5te som kriminelle nettverk rekrutterer barn, s\u00e5 rekrutterer stater, som ikke vil oss vel, krefter som vil skade samfunnet v\u00e5rt. \u00c5 bekjempe det skal vi prioritere h\u00f8yt.<\/p>\n<p><img alt=\"Forsvar vil bli kraftig prioritert i \u00e5rene som kommer.  Foto: Helge Mikalsen \/ VG\" class=\"_image_qp4xg_65 layout-component layout-normal\" data-fullscreen- data-track-element-type=\"Article image fullscreen\" data-track-name=\"ImageFullscreen\" decoding=\"async\" loading=\"lazy\" height=\"5496\" itemprop=\"image\"  src=\"https:\/\/www.europesays.com\/no\/wp-content\/uploads\/2025\/12\/e3d5ecc1-7fd5-42a5-bc47-b4c9359ca1e6\"  style=\"object-position:0% 0%\" width=\"7716\"\/>Forsvar vil bli kraftig prioritert i \u00e5rene som kommer.  Foto: Helge Mikalsen \/ VG<\/p>\n<p class=\"_paragraph_o9xde_4 _paragraph_xtcu6_10 layout-component text-serif-m layout-normal text-serif-m layout-padded\">Han sier at de skal verne om at \u00e9n prosent av bruttonasjonalinntekt (BNI) skal g\u00e5 til bistand, men varsler gradvis omlegging, fra bilateral bistandbilateral bistand Bilateral bistand er \u00f8konomisk hjelp som gis direkte fra ett land til et annet, ofte for \u00e5 st\u00f8tte utvikling eller humanit\u00e6re prosjekter. til enkeltland, til bredere samarbeid.<\/p>\n<p class=\"_paragraph_o9xde_4 _paragraph_xtcu6_10 layout-component text-serif-m layout-normal text-serif-m layout-padded\">\u2013 Vi skal over tid gj\u00f8re bistanden mer tidsriktig. \u00c5 gi bistandspenger bilateralt, begynner \u00e5 bli gammeldags. Vi vil i sterkere grad gi bistand sammen med andre, sier han og viser blant annet til Verdensbanken og regionale utviklingsbanker.<\/p>\n","protected":false},"excerpt":{"rendered":"Statsminister Jonas Gahr St\u00f8re vil erstatte regjeringsplattformen med en \u00e5rlig oppdatert \u00abPlan for Norge\u00bb. Planen har fem hovedm\u00e5l,&hellip;\n","protected":false},"author":2,"featured_media":108919,"comment_status":"","ping_status":"","sticky":false,"template":"","format":"standard","meta":{"footnotes":""},"categories":[10],"tags":[20,21,24,25,15,201,148,3881,22,23,6353,13,30,28,281,29,14,16,26,27,205],"class_list":{"0":"post-108918","1":"post","2":"type-post","3":"status-publish","4":"format-standard","5":"has-post-thumbnail","7":"category-norge","8":"tag-breaking-news","9":"tag-breakingnews","10":"tag-featured-news","11":"tag-featurednews","12":"tag-headlines","13":"tag-jonas-gahr-store","14":"tag-kriminalitet","15":"tag-kriminelle-nettverk","16":"tag-latest-news","17":"tag-latestnews","18":"tag-nansen-programmet","19":"tag-news","20":"tag-no","21":"tag-norge","22":"tag-norsk-politikk","23":"tag-norway","24":"tag-nyheter","25":"tag-overskrifter","26":"tag-top-stories","27":"tag-topstories","28":"tag-vgsamfunn"},"share_on_mastodon":{"url":"https:\/\/pubeurope.com\/@no\/115692067149778119","error":""},"_links":{"self":[{"href":"https:\/\/www.europesays.com\/no\/wp-json\/wp\/v2\/posts\/108918","targetHints":{"allow":["GET"]}}],"collection":[{"href":"https:\/\/www.europesays.com\/no\/wp-json\/wp\/v2\/posts"}],"about":[{"href":"https:\/\/www.europesays.com\/no\/wp-json\/wp\/v2\/types\/post"}],"author":[{"embeddable":true,"href":"https:\/\/www.europesays.com\/no\/wp-json\/wp\/v2\/users\/2"}],"replies":[{"embeddable":true,"href":"https:\/\/www.europesays.com\/no\/wp-json\/wp\/v2\/comments?post=108918"}],"version-history":[{"count":0,"href":"https:\/\/www.europesays.com\/no\/wp-json\/wp\/v2\/posts\/108918\/revisions"}],"wp:featuredmedia":[{"embeddable":true,"href":"https:\/\/www.europesays.com\/no\/wp-json\/wp\/v2\/media\/108919"}],"wp:attachment":[{"href":"https:\/\/www.europesays.com\/no\/wp-json\/wp\/v2\/media?parent=108918"}],"wp:term":[{"taxonomy":"category","embeddable":true,"href":"https:\/\/www.europesays.com\/no\/wp-json\/wp\/v2\/categories?post=108918"},{"taxonomy":"post_tag","embeddable":true,"href":"https:\/\/www.europesays.com\/no\/wp-json\/wp\/v2\/tags?post=108918"}],"curies":[{"name":"wp","href":"https:\/\/api.w.org\/{rel}","templated":true}]}}