{"id":108920,"date":"2025-12-09T22:53:16","date_gmt":"2025-12-09T22:53:16","guid":{"rendered":"https:\/\/www.europesays.com\/no\/108920\/"},"modified":"2025-12-09T22:53:16","modified_gmt":"2025-12-09T22:53:16","slug":"telia-hadde-store-problemer-vi-beklager","status":"publish","type":"post","link":"https:\/\/www.europesays.com\/no\/108920\/","title":{"rendered":"Telia hadde store problemer: \u2013 Vi beklager"},"content":{"rendered":"\n<p class=\"_lead_o9xde_2 _lead_xtcu6_50 layout-component text-serif-m layout-normal text-serif-l layout-component layout-wide layout-padded _wide_17hqh_1 layout-padded\">Tirsdag kveld rant det inn tips om at Telia slet med fler tjenester, n\u00e5 skal feilen v\u00e6re fikset.<\/p>\n<p><img alt=\"Feilmelding: Slik s\u00e5 det ut i Telia-appen for en VG-ansatt tirsdag kveld. Foto: Bernhard Moe Nyquist\" class=\"_image_qp4xg_65 layout-component layout-wide\" data-fullscreen- data-track-element-type=\"Article image fullscreen\" data-track-name=\"ImageFullscreen\" fetchpriority=\"high\" decoding=\"sync\" loading=\"eager\" height=\"3701\" itemprop=\"image\"  src=\"https:\/\/www.europesays.com\/no\/wp-content\/uploads\/2025\/12\/69ab1182-2fb8-4a77-8509-77be6553930f\"  style=\"object-position:0% 0%\" width=\"4284\"\/>Feilmelding: Slik s\u00e5 det ut i Telia-appen for en VG-ansatt tirsdag kveld. Foto: Bernhard Moe Nyquist<\/p>\n<ul aria-hidden=\"true\" class=\"_images_ntbth_112\">\n<li><a class=\"_link_ntbth_117\" href=\"https:\/\/www.vg.no\/forfatter\/bernhard-moe-nyquist\" style=\"z-index:2\" title=\"Bernhard Moe Nyquist\" rel=\"nofollow noopener\" target=\"_blank\"><img alt=\"Bilde av Bernhard Moe Nyquist\" class=\"_image_ntbth_93\" fetchpriority=\"low\" loading=\"lazy\" decoding=\"async\" itemprop=\"image\"  src=\"https:\/\/www.europesays.com\/no\/wp-content\/uploads\/2025\/12\/1765320793_812_6365e445-83dd-4973-9da1-29fb6ae8c22d\"  width=\"480\"\/><\/a><\/li>\n<li><a class=\"_link_ntbth_117\" href=\"https:\/\/www.vg.no\/forfatter\/joern-e-kaalstad\" style=\"z-index:1\" title=\"J\u00f8rn E. Kaalstad\" rel=\"nofollow noopener\" target=\"_blank\"><img alt=\"Bilde av J\u00f8rn E. Kaalstad\" class=\"_image_ntbth_93\" fetchpriority=\"low\" loading=\"lazy\" decoding=\"async\" itemprop=\"image\"  src=\"https:\/\/www.europesays.com\/no\/wp-content\/uploads\/2025\/12\/1765320794_172_669373df-e8fd-4864-880f-5035f6f30b0b\"  width=\"480\"\/><\/a><\/li>\n<\/ul>\n<p> Oppdatert tirsdag 9. desember kl. 21:56     <\/p>\n<p class=\"_paragraph_o9xde_4 _paragraph_xtcu6_10 layout-component text-serif-m layout-normal text-serif-m layout-padded\">\u00abTelia er nede\u00bb, skrev en fortvilet tipser.<\/p>\n<p class=\"_paragraph_o9xde_4 _paragraph_xtcu6_10 layout-component text-serif-m layout-normal text-serif-m layout-padded\">\u2013 Det er krise! Da f\u00e5r vi ikke se Norge sl\u00e5 Montenegro langt ned i st\u00f8vla, sa tipser Knut Buer.<\/p>\n<p class=\"_paragraph_o9xde_4 _paragraph_xtcu6_10 layout-component text-serif-m layout-normal text-serif-m layout-padded\">Norge skulle akkurat til \u00e5 spille en kvartfinale i VM mot Montenegro i h\u00e5ndball.<\/p>\n<p class=\"_paragraph_o9xde_4 _paragraph_xtcu6_10 layout-component text-serif-m layout-normal text-serif-m layout-padded\">\u2013 Plutselig ble det svart. <\/p>\n<p class=\"_paragraph_o9xde_4 _paragraph_xtcu6_10 layout-component text-serif-m layout-normal text-serif-m layout-padded\">Buer sa at han som Telia-kunde hadde problemer med TV-kanalene fra Viasat.<\/p>\n<p class=\"_paragraph_o9xde_4 _paragraph_xtcu6_10 layout-component text-serif-m layout-normal text-serif-m layout-padded\">Til VG sa pressekontakt i Telia at de jobbet med saken.<\/p>\n<p class=\"_paragraph_o9xde_4 _paragraph_xtcu6_10 layout-component text-serif-m layout-normal text-serif-m layout-padded\">\u2013 Vi jobber for fullt med feils\u00f8king, sa Ellen Scheen.<\/p>\n<p class=\"_paragraph_o9xde_4 _paragraph_xtcu6_10 layout-component text-serif-m layout-normal text-serif-m layout-padded\">\u2013 Mobil- og bredb\u00e5ndsnettet v\u00e5rt fungerer som normalt, men vi opplever for tiden enkelte IT-problemer, som blant annet ber\u00f8rer v\u00e5re nettsider, sentralbord\u00adl\u00f8sningen til noen av v\u00e5re bedriftskunder, deler av TV-tjenesten v\u00e5r for enkelte kunder. Direkte-TV er ikke ber\u00f8rt, fortsatte hun.<\/p>\n<p><img alt=\"Slik s\u00e5 det ut p\u00e5 Telia sin nettside tirsdag kveld.  Foto: Bernhard Moe Nyquist \/ VG\" class=\"_image_qp4xg_65 layout-component layout-normal\" data-fullscreen- data-track-element-type=\"Article image fullscreen\" data-track-name=\"ImageFullscreen\" decoding=\"async\" loading=\"lazy\" height=\"4284\" itemprop=\"image\"  src=\"https:\/\/www.europesays.com\/no\/wp-content\/uploads\/2025\/12\/17c008f3-3c7c-48bf-b543-9090a129ed29\"  style=\"object-position:0% 0%\" width=\"5712\"\/>Slik s\u00e5 det ut p\u00e5 Telia sin nettside tirsdag kveld.  Foto: Bernhard Moe Nyquist \/ VG<\/p>\n<p class=\"_paragraph_o9xde_4 _paragraph_xtcu6_10 layout-component text-serif-m layout-normal text-serif-m layout-padded\"><strong class=\"_strong_o9xde_25\">Flere VG-tipsere meldte likevel om problemer med nettopp direkte-TV.<\/strong><\/p>\n<p class=\"_paragraph_o9xde_4 _paragraph_xtcu6_10 layout-component text-serif-m layout-normal text-serif-m layout-padded\">\u2013 Jeg merket det for en liten halvtime siden, da ble bildet borte, sier Idar Isaksen (82) som ringte fra Sk\u00f8yen i Oslo.<\/p>\n<p class=\"_paragraph_o9xde_4 _paragraph_xtcu6_10 layout-component text-serif-m layout-normal text-serif-m layout-padded\">\u2013 De norske h\u00e5ndballjentenes kamp mot Montenegro er kveldens store evenement og n\u00e5 er det svart skjerm. Det er helt krise, sa Isaksen og fortsatte: <\/p>\n<p class=\"_paragraph_o9xde_4 _paragraph_xtcu6_10 layout-component text-serif-m layout-normal text-serif-m layout-padded\">\u2013 N\u00e5 m\u00e5 jeg dra p\u00e5 pub for \u00e5 se kampen.<\/p>\n<p class=\"_paragraph_o9xde_4 _paragraph_xtcu6_10 layout-component text-serif-m layout-normal text-serif-m layout-padded\"><strong class=\"_strong_o9xde_25\">Du kan f\u00f8lge kampen <a href=\"https:\/\/vglive.vg.no\/h%C3%A5ndball\/norge-montenegro\/706705\/rapport\" class=\"_link_o9xde_39\" rel=\"nofollow noopener\" target=\"_blank\">her<\/a> &#8211; p\u00e5 VG Live<\/strong><\/p>\n<p class=\"_paragraph_o9xde_4 _paragraph_xtcu6_10 layout-component text-serif-m layout-normal text-serif-m layout-padded\">P\u00e5 sp\u00f8rsm\u00e5l om pressekontakt Scheen hadde en beskjed til fortvilte Telia-kunder, sa hun dette:<\/p>\n<p class=\"_paragraph_o9xde_4 _paragraph_xtcu6_10 layout-component text-serif-m layout-normal text-serif-m layout-padded\">\u2013 Jeg har dessverre forel\u00f8pig kun en stor beklagelse og en forsikring om at alle ressurser er p\u00e5 saken.<\/p>\n<p class=\"_paragraph_o9xde_4 _paragraph_xtcu6_10 layout-component text-serif-m layout-normal text-serif-m layout-padded\">Like etter kl. 21 begynner VG-tipsene \u00e5 f\u00e5 en annen lyd, og flere begynner n\u00e5 \u00e5 melde om at Telia-problemene skulle v\u00e6re l\u00f8st.<\/p>\n<p><img alt=\"Bilde fra tipser\" class=\"_image_qp4xg_65 layout-component layout-normal\" data-fullscreen- data-track-element-type=\"Article image fullscreen\" data-track-name=\"ImageFullscreen\" decoding=\"async\" loading=\"lazy\" height=\"4096\" itemprop=\"image\"  src=\"https:\/\/www.europesays.com\/no\/wp-content\/uploads\/2025\/12\/ee39c603-c579-4dc4-ba0b-4625e0a85d05\"  style=\"object-position:0% 0%\" width=\"1824\"\/>Bilde fra tipser<\/p>\n<p class=\"_paragraph_o9xde_4 _paragraph_xtcu6_10 layout-component text-serif-m layout-normal text-serif-m layout-padded\">Men like etterp\u00e5 gikk skjermene i svart igjen&#8230;<\/p>\n<p class=\"_paragraph_o9xde_4 _paragraph_xtcu6_10 layout-component text-serif-m layout-normal text-serif-m layout-padded\">S\u00e5, med fem minutter igjen av h\u00e5ndballkampen, kunne Telia-kunder igjen se landslagskvinnene p\u00e5 vei mot seier.<\/p>\n<p class=\"_paragraph_o9xde_4 _paragraph_xtcu6_10 layout-component text-serif-m layout-normal text-serif-m layout-padded\">\u2013 TV-tjenesten v\u00e5r er n\u00e5 tilbake igjen, og vi beklager s\u00e5 mye ulempene feilen mef\u00f8rte for ber\u00f8rte kunder, skriver Scheen til VG.<\/p>\n<p class=\"_paragraph_o9xde_4 _paragraph_xtcu6_10 layout-component text-serif-m layout-normal text-serif-m layout-padded\">Vil du &#8211; uavhengig av Telia &#8211; bli mindre avhengig av telefonen? Ta en titt her:<\/p>\n<p>       <img decoding=\"async\" alt=\"Tips oss illustrasjon\" src=\"https:\/\/www.europesays.com\/no\/wp-content\/uploads\/2025\/10\/pssst-small.webp.webp\"\/>    <\/p>\n<p class=\"title-serif-s\">Har du tips?<\/p>\n<p class=\"text-sans-m\">Send oss informasjon, bilder eller video.<\/p>\n<p>  <a href=\"https:\/\/www.vg.no\/tips-oss\" rel=\"nofollow noopener\" target=\"_blank\"> Tips oss <\/a>      <\/p>\n","protected":false},"excerpt":{"rendered":"Tirsdag kveld rant det inn tips om at Telia slet med fler tjenester, n\u00e5 skal feilen v\u00e6re fikset.&hellip;\n","protected":false},"author":2,"featured_media":108921,"comment_status":"","ping_status":"","sticky":false,"template":"","format":"standard","meta":{"footnotes":""},"categories":[5],"tags":[31,20,21,24,25,15,19,22,23,17,18,13,30,28,29,14,16,26,27],"class_list":{"0":"post-108920","1":"post","2":"type-post","3":"status-publish","4":"format-standard","5":"has-post-thumbnail","7":"category-overskrifter","8":"tag-breaking","9":"tag-breaking-news","10":"tag-breakingnews","11":"tag-featured-news","12":"tag-featurednews","13":"tag-headlines","14":"tag-hovedoppslag","15":"tag-latest-news","16":"tag-latestnews","17":"tag-main-news","18":"tag-mainnews","19":"tag-news","20":"tag-no","21":"tag-norge","22":"tag-norway","23":"tag-nyheter","24":"tag-overskrifter","25":"tag-top-stories","26":"tag-topstories"},"share_on_mastodon":{"url":"https:\/\/pubeurope.com\/@no\/115692070942716207","error":""},"_links":{"self":[{"href":"https:\/\/www.europesays.com\/no\/wp-json\/wp\/v2\/posts\/108920","targetHints":{"allow":["GET"]}}],"collection":[{"href":"https:\/\/www.europesays.com\/no\/wp-json\/wp\/v2\/posts"}],"about":[{"href":"https:\/\/www.europesays.com\/no\/wp-json\/wp\/v2\/types\/post"}],"author":[{"embeddable":true,"href":"https:\/\/www.europesays.com\/no\/wp-json\/wp\/v2\/users\/2"}],"replies":[{"embeddable":true,"href":"https:\/\/www.europesays.com\/no\/wp-json\/wp\/v2\/comments?post=108920"}],"version-history":[{"count":0,"href":"https:\/\/www.europesays.com\/no\/wp-json\/wp\/v2\/posts\/108920\/revisions"}],"wp:featuredmedia":[{"embeddable":true,"href":"https:\/\/www.europesays.com\/no\/wp-json\/wp\/v2\/media\/108921"}],"wp:attachment":[{"href":"https:\/\/www.europesays.com\/no\/wp-json\/wp\/v2\/media?parent=108920"}],"wp:term":[{"taxonomy":"category","embeddable":true,"href":"https:\/\/www.europesays.com\/no\/wp-json\/wp\/v2\/categories?post=108920"},{"taxonomy":"post_tag","embeddable":true,"href":"https:\/\/www.europesays.com\/no\/wp-json\/wp\/v2\/tags?post=108920"}],"curies":[{"name":"wp","href":"https:\/\/api.w.org\/{rel}","templated":true}]}}