{"id":108924,"date":"2025-12-09T23:01:33","date_gmt":"2025-12-09T23:01:33","guid":{"rendered":"https:\/\/www.europesays.com\/no\/108924\/"},"modified":"2025-12-09T23:01:33","modified_gmt":"2025-12-09T23:01:33","slug":"de-blir-stadig-yngre","status":"publish","type":"post","link":"https:\/\/www.europesays.com\/no\/108924\/","title":{"rendered":"\u2013 De blir stadig yngre"},"content":{"rendered":"\n<ul class=\"_list_o9xde_3 _list_64s2r_85 _unordered_o9xde_106 text-sans-m\">\n<li class=\"_item_o9xde_30\">Politiet i Oslo er bekymret over voldelig ungdomskonflikt i bydel Alna.<\/li>\n<li class=\"_item_o9xde_30\">Konflikten mellom fraksjoner p\u00e5 Furuset og Haugerud har resultert i 35 alvorlige hendelser.<\/li>\n<li class=\"_item_o9xde_30\">Halvparten av de involverte er barn.<\/li>\n<li class=\"_item_o9xde_30\">Lokalsamfunnet f\u00f8ler seg utrygg p\u00e5 grunn av vold og kriminalitet.<\/li>\n<\/ul>\n<p>Vis mer <\/p>\n<p class=\"_paragraph_o9xde_4 _paragraph_xtcu6_10 layout-component text-serif-m layout-normal text-serif-m layout-padded\">\u2013 Han har pr\u00f8vd \u00e5 endre utseendet?<\/p>\n<p class=\"_paragraph_o9xde_4 _paragraph_xtcu6_10 layout-component text-serif-m layout-normal text-serif-m layout-padded\">Hanne Markhus Andersen sitter bak rattet i politibilen med kallesignal \u00abCharlie Fox 04\u00bb. <\/p>\n<p class=\"_paragraph_o9xde_4 _paragraph_xtcu6_10 layout-component text-serif-m layout-normal text-serif-m layout-padded\">P\u00e5 sambandet f\u00e5r hun og kollegaen Olav Verpe beskjed om at en annen patrulje har tatt kontroll p\u00e5 en 16 \u00e5r gammel gutt. <\/p>\n<p class=\"_paragraph_o9xde_4 _paragraph_xtcu6_10 layout-component text-serif-m layout-normal text-serif-m layout-padded\"><strong class=\"_strong_o9xde_25\">\u2013 Han ble tatt med en diger machete for tre uker siden, sier hun.<\/strong><\/p>\n<p class=\"_paragraph_o9xde_4 _paragraph_xtcu6_10 layout-component text-serif-m layout-normal text-serif-m layout-padded\">Etter det fikk 16-\u00e5ringen oppholdsforbud i hele bydel Alna i <a href=\"https:\/\/www.vg.no\/tag\/oslo?utm_source=vg-article&amp;utm_medium=auto-tagger&amp;utm_campaign=j09knw\" class=\"_link_o9xde_39\" rel=\"nofollow noopener\" target=\"_blank\">Oslo<\/a>. Men n\u00e5 har han brutt forbudet \u2013 og endret frisyren. <\/p>\n<p class=\"_paragraph_o9xde_4 _paragraph_xtcu6_10 layout-component text-serif-m layout-normal text-serif-m layout-padded\">If\u00f8lge politiet inng\u00e5r 16-\u00e5ringen i en konflikt de f\u00f8lger tett med p\u00e5. Fra patruljebilen kontaktes en jurist p\u00e5 politihuset for \u00e5 vurdere hva de skal gj\u00f8re med gutten.<\/p>\n<p class=\"_paragraph_o9xde_4 _paragraph_xtcu6_10 layout-component text-serif-m layout-normal text-serif-m layout-padded\"><strong class=\"_strong_o9xde_25\">Skal han p\u00e5gripes?<\/strong><\/p>\n<p><img alt=\"\" class=\"_image_qp4xg_65 layout-component layout-normal\" data-fullscreen- data-track-element-type=\"Article image fullscreen\" data-track-name=\"ImageFullscreen\" decoding=\"async\" loading=\"lazy\" height=\"5464\" itemprop=\"image\"  src=\"https:\/\/www.europesays.com\/no\/wp-content\/uploads\/2025\/12\/ea63dba2-2179-4fdb-b9ca-b176fe094b4f\"  style=\"object-position:0% 0%\" width=\"7282\"\/> \u2013 Sv\u00e6rt alvorlige <\/p>\n<p class=\"_paragraph_o9xde_4 _paragraph_xtcu6_10 layout-component text-serif-m layout-normal text-serif-m layout-padded\">Denne fredagskvelden har VG f\u00e5tt f\u00f8lge de to betjentene p\u00e5 jobb, fra baksetet i politibilen. Andersen er teamleder fra n\u00e6rpolitiet i enhet \u00f8st, Verpe er avsnittsleder i n\u00e6rpolitiet i samme enhet.<\/p>\n<p class=\"_paragraph_o9xde_4 _paragraph_xtcu6_10 layout-component text-serif-m layout-normal text-serif-m layout-padded\">Enhet \u00d8st dekker syv bydeler, fra Groruddalen i nord til S\u00f8ndre Nordstrand i s\u00f8r.<\/p>\n<p class=\"_paragraph_o9xde_4 _paragraph_xtcu6_10 layout-component text-serif-m layout-normal text-serif-m layout-padded\">Omr\u00e5det har et komplekst kriminalitetsbilde og er preget av flere konflikter mellom kriminelle nettverk. <\/p>\n<p class=\"_paragraph_o9xde_4 _paragraph_xtcu6_10 layout-component text-serif-m layout-normal text-serif-m layout-padded\">En av de mest betente konfliktene er mellom fraksjoner p\u00e5 Furuset og Haugerud i bydel Alna.<\/p>\n<p class=\"_paragraph_o9xde_4 _paragraph_xtcu6_10 layout-component text-serif-m layout-normal text-serif-m layout-padded\">Den f\u00f8rste hendelsen politiet loggf\u00f8rte i konflikten Furuset\/\u00adHaugerud, var da en ten\u00e5ringsgutt ble <a href=\"https:\/\/www.vg.no\/nyheter\/i\/V9d3wJ\/tenaaring-knivstukket-ved-skole-i-oslo-to-paagrepet\" data-track-element-type=\"Link\" data-track-id=\"link:V9d3wJ\" class=\"_link_o9xde_39\" rel=\"nofollow noopener\" target=\"_blank\">knivstukket utenfor Kuben videreg\u00e5ende skole<\/a> h\u00f8sten 2021.<\/p>\n<p><img alt=\"Foto: Mattis Sandblad \/ VG\" class=\"_image_qp4xg_65 layout-component layout-normal\" data-fullscreen- data-track-element-type=\"Article image fullscreen\" data-track-name=\"ImageFullscreen\" decoding=\"async\" loading=\"lazy\" height=\"5402\" itemprop=\"image\"  src=\"https:\/\/www.europesays.com\/no\/wp-content\/uploads\/2025\/12\/90d359d3-81e9-4aa6-927d-7c854c1705f5\"  style=\"object-position:0% 0%\" width=\"7199\"\/>Foto: Mattis Sandblad \/ VG<\/p>\n<p class=\"_paragraph_o9xde_4 _paragraph_xtcu6_10 layout-component text-serif-m layout-normal text-serif-m layout-padded\">I de p\u00e5f\u00f8lgende \u00e5rene har politiet registrert 35 alvorlige hendelser som kan knyttes til konflikten. Blant dem er:<\/p>\n<ul class=\"_list_o9xde_3 _list_xtcu6_9 _unordered_o9xde_106 layout-component text-serif-m layout-normal text-serif-m layout-padded\">\n<li class=\"_item_o9xde_30\"><a href=\"https:\/\/www.vg.no\/nyheter\/i\/AvWlxz\/voldshendelse-paa-ulven-person-skal-vaere-skutt\" data-track-element-type=\"Link\" data-track-id=\"link:AvWlxz\" class=\"_link_o9xde_39\" rel=\"nofollow noopener\" target=\"_blank\">Skyteepisode p\u00e5 Ulven<\/a> i januar i \u00e5r der en ten\u00e5ring ble skutt i foten.<\/li>\n<li class=\"_item_o9xde_30\">Trusler med skytev\u00e5pen ved Trosterud T-banestasjon 3. mars i \u00e5r.<\/li>\n<li class=\"_item_o9xde_30\"><a href=\"https:\/\/www.vg.no\/nyheter\/i\/8qREX1\/rykket-ut-til-melding-om-slaasskamp-i-oslo-fornaermet-funnet-med-kuttskade\" data-track-element-type=\"Link\" data-track-id=\"link:8qREX1\" class=\"_link_o9xde_39\" rel=\"nofollow noopener\" target=\"_blank\">Knivstikking ved Haugerud T-banestasjon<\/a> 11. oktober 2024.<\/li>\n<\/ul>\n<p class=\"_paragraph_o9xde_4 _paragraph_xtcu6_10 layout-component text-serif-m layout-normal text-serif-m layout-padded\">Sist i rekken er <a href=\"https:\/\/www.vg.no\/nyheter\/i\/Rz38nA\/politiet-kan-ha-blitt-loesnet-skudd-paa-boeler\" data-track-element-type=\"Link\" data-track-id=\"link:Rz38nA\" class=\"_link_o9xde_39\" rel=\"nofollow noopener\" target=\"_blank\">skytingen p\u00e5 B\u00f8ler<\/a> 10. november i \u00e5r. Ingen ble skadet, men hendelsen knyttes til konflikten mellom fraksjonene p\u00e5 Furuset og Haugerud.<\/p>\n<p class=\"_paragraph_o9xde_4 _paragraph_xtcu6_10 layout-component text-serif-m layout-normal text-serif-m layout-padded\">Seks personer i alderen 16 til 18 \u00e5r ble anholdt, men l\u00f8slatt etter kort tid. <\/p>\n<p><img alt=\"Foto: Naina Hel\u00e9n J\u00e5ma \/ VG\" class=\"_image_qp4xg_65 layout-component layout-normal\" data-fullscreen- data-track-element-type=\"Article image fullscreen\" data-track-name=\"ImageFullscreen\" decoding=\"async\" loading=\"lazy\" height=\"3933\" itemprop=\"image\"  src=\"https:\/\/www.europesays.com\/no\/wp-content\/uploads\/2025\/12\/7c64c20b-4035-43e1-bce1-65e760641cb4\"  style=\"object-position:0% 0%\" width=\"5244\"\/>Foto: Naina Hel\u00e9n J\u00e5ma \/ VG<\/p>\n<p class=\"_paragraph_o9xde_4 _paragraph_xtcu6_10 layout-component text-serif-m layout-normal text-serif-m layout-padded\">\u2013 I denne konfliktlinjen ser vi sv\u00e6rt alvorlige voldshandlinger som skaper frykt. Ikke bare for de involverte, men det p\u00e5virker ogs\u00e5 lokalsamfunnet og trygghetsf\u00f8lelsen til folk flest, sier politiinspekt\u00f8r Sigve Bolstad i Enhet \u00d8st.<\/p>\n<p><img decoding=\"async\" alt=\"Bilde av Sigve Bolstad\" class=\"_image_ygndg_42\" height=\"39\" itemprop=\"image\" loading=\"lazy\"  src=\"https:\/\/www.europesays.com\/no\/wp-content\/uploads\/2025\/12\/4c203463-fd45-421e-8a49-33f7c2579831\"  width=\"40\"\/><strong class=\"_name_ygndg_51 title-serif-xs\">Sigve Bolstad<\/strong><\/p>\n<p class=\"_paragraph_o9xde_4 _paragraph_xtcu6_10 layout-component text-serif-m layout-normal text-serif-m layout-padded\"><strong class=\"_strong_o9xde_25\">Politiet tar stadig beslag i v\u00e5pen som knyttes til konflikten. <\/strong><\/p>\n<p class=\"_paragraph_o9xde_4 _paragraph_xtcu6_10 layout-component text-serif-m layout-normal text-serif-m layout-padded\">V\u00e5penet under ble beslaglagt i september i \u00e5r, der siktede \u2013 en 18 \u00e5r gammel gutt \u2013 fremst\u00e5r som en sentral person p\u00e5 Haugerud-siden av konflikten, if\u00f8lge politiet. <\/p>\n<p><img alt=\"Foto: Politiet\" class=\"_image_qp4xg_65 layout-component layout-normal\" data-fullscreen- data-track-element-type=\"Article image fullscreen\" data-track-name=\"ImageFullscreen\" decoding=\"async\" loading=\"lazy\" height=\"705\" itemprop=\"image\"  src=\"https:\/\/www.europesays.com\/no\/wp-content\/uploads\/2025\/12\/b01045c1-0974-45cb-9c29-83735c7153dd\"  style=\"object-position:0% 0%\" width=\"941\"\/>Foto: Politiet<\/p>\n<p class=\"_paragraph_o9xde_4 _paragraph_xtcu6_10 layout-component text-serif-m layout-normal text-serif-m layout-padded\">Denne macheten ble beslaglagt under en v\u00e5penkontroll i oktober. <\/p>\n<p class=\"_paragraph_o9xde_4 _paragraph_xtcu6_10 layout-component text-serif-m layout-normal text-serif-m layout-padded\">If\u00f8lge politiet ble den b\u00e5ret av den samme 16-\u00e5ringen som br\u00f8t oppholdsforbudet da VG var med ut p\u00e5 patrulje. <\/p>\n<p><img alt=\"Foto: Politiet\" class=\"_image_qp4xg_65 layout-component layout-normal\" data-fullscreen- data-track-element-type=\"Article image fullscreen\" data-track-name=\"ImageFullscreen\" decoding=\"async\" loading=\"lazy\" height=\"872\" itemprop=\"image\"  src=\"https:\/\/www.europesays.com\/no\/wp-content\/uploads\/2025\/12\/f3c82227-0182-4b6d-ab5b-c53ef8031b31\"  style=\"object-position:0% 0%\" width=\"1162\"\/>Foto: Politiet<\/p>\n<p class=\"_paragraph_o9xde_4 _paragraph_xtcu6_10 layout-component text-serif-m layout-normal text-serif-m layout-padded\">Politiet mener at han inng\u00e5r som akt\u00f8r i konflikten mellom Furuset og Haugerud.<\/p>\n<p class=\"_paragraph_o9xde_4 _paragraph_xtcu6_10 layout-component text-serif-m layout-normal text-serif-m layout-padded\">VG har forelagt 16-\u00e5ringens forsvarer det som kommer frem i denne saken. Forsvareren \u00f8nsker ikke \u00e5 kommentere.<\/p>\n<p> \u2013 Sv\u00e6rt unge akt\u00f8rer<\/p>\n<p class=\"_paragraph_o9xde_4 _paragraph_xtcu6_10 layout-component text-serif-m layout-normal text-serif-m layout-padded\">Tilbake i bilen har Hanne Markhus Andersen og Olav Verpe f\u00e5tt videreformidlet konklusjonen fra politijuristen via patruljen p\u00e5 oppdraget: 16-\u00e5ringen skal ikke p\u00e5gripes.<\/p>\n<p class=\"_paragraph_o9xde_4 _paragraph_xtcu6_10 layout-component text-serif-m layout-normal text-serif-m layout-padded\">\u2013 Det er en forholdsmessighets\u00advurdering, sier Verpe, som til daglig er avsnittsleder p\u00e5 n\u00e6rpolitiseksjonen.<\/p>\n<p class=\"_paragraph_o9xde_4 _paragraph_xtcu6_10 layout-component text-serif-m layout-normal text-serif-m layout-padded\">Juristen har vurdert at gutten ikke har brutt oppholdsforbudet nok ganger. Derfor blir han heller kj\u00f8rt hjem til foreldrene.<\/p>\n<p class=\"_paragraph_o9xde_4 _paragraph_xtcu6_10 layout-component text-serif-m layout-normal text-serif-m layout-padded\"><strong class=\"_strong_o9xde_25\">\u2013 S\u00e5 vil vi selvf\u00f8lgelig kneppe til dersom han skulle fortsette \u00e5 bryte disse oppholdsforbudene.<\/strong><\/p>\n<p><img alt=\"\" class=\"_image_qp4xg_65 layout-component layout-normal\" data-fullscreen- data-track-element-type=\"Article image fullscreen\" data-track-name=\"ImageFullscreen\" decoding=\"async\" loading=\"lazy\" height=\"4324\" itemprop=\"image\"  src=\"https:\/\/www.europesays.com\/no\/wp-content\/uploads\/2025\/12\/fdbd6238-79ce-4505-a57d-d551a94b0eef\"  style=\"object-position:0% 0%\" width=\"5763\"\/><\/p>\n<p class=\"_paragraph_o9xde_4 _paragraph_xtcu6_10 layout-component text-serif-m layout-normal text-serif-m layout-padded\">Politiet har registrert i overkant av 80 personer som kan knyttes til konflikten p\u00e5 Furuset og Haugerud, hvorav 23 er mindre\u00e5rige. <\/p>\n<p class=\"_paragraph_o9xde_4 _paragraph_xtcu6_10 layout-component text-serif-m layout-normal text-serif-m layout-padded\"><strong class=\"_strong_o9xde_25\">If\u00f8lge politiet er det et tyvetalls av de 80 personene som driver konflikten i dag. Halvparten er barn<\/strong>.<\/p>\n<p class=\"_paragraph_o9xde_4 _paragraph_xtcu6_10 layout-component text-serif-m layout-normal text-serif-m layout-padded\">De involverte er f\u00f8dt mellom 1989 og 2009, med en overvekt i tidsrommet 2004 og 2008.<\/p>\n<p class=\"_paragraph_o9xde_4 _paragraph_xtcu6_10 layout-component text-serif-m layout-normal text-serif-m layout-padded\">\u2013 Det er snakk om sv\u00e6rt unge akt\u00f8rer under den kriminelle lavalderen, og de blir stadig yngre. Det er sterkt bekymringsfullt, sier politiinspekt\u00f8r Sigve Bolstad.<\/p>\n<p>Konfliktlinjene i Oslo \u00f8st<\/p>\n<ul class=\"_list_o9xde_3 _list_xtcu6_9 _list_16v91_9 _unordered_o9xde_106 layout-component text-serif-m layout-normal text-sans-m layout-padded\">\n<li class=\"_item_o9xde_30\">Per i dag er det totalt fire konfliktlinjer politiet i Oslo \u00f8st monitorerer. Furuset og Haugerud er en av disse. Der er det registrert i overkant av 80 akt\u00f8rer.<\/li>\n<li class=\"_item_o9xde_30\">De tre andre er lokalisert i S\u00f8ndre Nordstrand. Politiet \u00f8nsker ikke \u00e5 g\u00e5 inn p\u00e5 detaljer rundt disse, men en kjent konflikt her er mellom kriminelle gjenger p\u00e5 Mortensrud og Holmlia.<\/li>\n<li class=\"_item_o9xde_30\">I de tre konfliktene i S\u00f8ndre Nordstrand er det totalt registrert 131 personer som politiet mener har tilknytning til disse. De involverte er menn f\u00f8dt i tidsrommet 1982 til 2009.<\/li>\n<li class=\"_item_o9xde_30\">Av de 131 personene er 9 under 18 \u00e5r.<\/li>\n<li class=\"_item_o9xde_30\">Tallene er dynamiske og endrer seg hele tiden. <\/li>\n<\/ul>\n<p>Vis mer<\/p>\n<p class=\"_paragraph_o9xde_4 _paragraph_xtcu6_10 layout-component text-serif-m layout-normal text-serif-m layout-padded\">Av de totalt 35 alvorlige hendelsene som kan knyttes til konflikten, har 33 av dem skjedd p\u00e5 offentlig sted. Majoriteten skjer p\u00e5 h\u00f8ylys dag.<\/p>\n<ul class=\"_list_o9xde_3 _list_xtcu6_9 _unordered_o9xde_106 layout-component text-serif-m layout-normal text-serif-m layout-padded\">\n<li class=\"_item_o9xde_30\">14 av hendelsene inkluderer stikkv\u00e5pen.<\/li>\n<li class=\"_item_o9xde_30\">I ni av dem er skytev\u00e5pen brukt.<\/li>\n<li class=\"_item_o9xde_30\">I to av hendelsene er det brukt b\u00e5de stikk- og skytev\u00e5pen.<\/li>\n<li class=\"_item_o9xde_30\">I de resterende ti er det snakk om vold, trusler eller andre forhold.<\/li>\n<\/ul>\n<p class=\"_paragraph_o9xde_4 _paragraph_xtcu6_10 layout-component text-serif-m layout-normal text-serif-m layout-padded\">\u2013 Det er ikke sm\u00e5 arbeidskniver vi registrerer. Det er store macheter, store kj\u00f8kkenkniver, \u00f8ks og andre stikkv\u00e5pen, sier Bolstad.<\/p>\n<p class=\"_paragraph_o9xde_4 _paragraph_xtcu6_10 layout-component text-serif-m layout-normal text-serif-m layout-padded\">Siden konflikten oppsto i 2021 har politiet v\u00e6rt vitne til at akt\u00f8rgalleriet har endret seg. Noen har kommet til, noen har g\u00e5tt.<\/p>\n<p class=\"_paragraph_o9xde_4 _paragraph_xtcu6_10 layout-component text-serif-m layout-normal text-serif-m layout-padded\">\u2013 Vi ser ogs\u00e5 at konfliktene g\u00e5r i arv. Det er akt\u00f8rer n\u00e5 som ikke var en del av starten selv, men som har arvet det fra familie \u2013 fra br\u00f8dre, fra fedre, sier Bolstad.<\/p>\n<p> Kontrastfylt<\/p>\n<p class=\"_paragraph_o9xde_4 _paragraph_xtcu6_10 layout-component text-serif-m layout-normal text-serif-m layout-padded\">I den store idrettshallen p\u00e5 Furuset selges det bl\u00e5 slush for ti kroner plastkoppen denne fredagskvelden. Et av rommene er forbeholdt gaming, i et annet spilles det brettspill.<\/p>\n<p class=\"_paragraph_o9xde_4 _paragraph_xtcu6_10 layout-component text-serif-m layout-normal text-serif-m layout-padded\">Ungdomsklubben er et popul\u00e6rt tilbud i helgene. F\u00f8rst \u00e5pner d\u00f8rene for barn i alderen seks til tolv \u00e5r, senere p\u00e5 kvelden er det de fra 13 til 18 \u00e5r sin tur.<\/p>\n<p class=\"_paragraph_o9xde_4 _paragraph_xtcu6_10 layout-component text-serif-m layout-normal text-serif-m layout-padded\">Politiet tar gjerne en tur innom for \u00e5 hilse p\u00e5, slik som Hanne Markhus Andersen og Olav Verpe gj\u00f8r i kveld.<\/p>\n<p><img alt=\"\" class=\"_image_qp4xg_65 layout-component layout-normal\" data-fullscreen- data-track-element-type=\"Article image fullscreen\" data-track-name=\"ImageFullscreen\" decoding=\"async\" loading=\"lazy\" height=\"5464\" itemprop=\"image\"  src=\"https:\/\/www.europesays.com\/no\/wp-content\/uploads\/2025\/12\/0e0a30da-2e45-45bb-a342-58203a515247\"  style=\"object-position:0% 0%\" width=\"7282\"\/><\/p>\n<p class=\"_paragraph_o9xde_4 _paragraph_xtcu6_10 layout-component text-serif-m layout-normal text-serif-m layout-padded\">\u2013 Jobben v\u00e5r er veldig kontrastfylt. Vi kan i det ene \u00f8yeblikket st\u00e5 her og ha fine m\u00f8ter med disse barna; 20 minutter senere er vi p\u00e5 en knivstikking eller en skyteepisode, eller skal lappe sammen noen som har blitt utsatt for grov vold, sier Verpe, som tidligere har jobbet som barne- og ungdomsarbeider i bydelen.<\/p>\n<p class=\"_paragraph_o9xde_4 _paragraph_xtcu6_10 layout-component text-serif-m layout-normal text-serif-m layout-padded\"><strong class=\"_strong_o9xde_25\">F\u00f8r han og kollegene drar ut p\u00e5 jobb, hentes v\u00e5pen og utstyr frem.<\/strong><\/p>\n<p><img alt=\"\" class=\"_image_qp4xg_65 layout-component layout-normal\" data-fullscreen- data-track-element-type=\"Article image fullscreen\" data-track-name=\"ImageFullscreen\" decoding=\"async\" loading=\"lazy\" height=\"5206\" itemprop=\"image\"  src=\"https:\/\/www.europesays.com\/no\/wp-content\/uploads\/2025\/12\/a80080f6-724f-4b39-90f3-66d0647c25ff\"  style=\"object-position:0% 0%\" width=\"6938\"\/><\/p>\n<p class=\"_paragraph_o9xde_4 _paragraph_xtcu6_10 layout-component text-serif-m layout-normal text-serif-m layout-padded\">I en fersk omr\u00e5deanalyse i Enhet \u00d8st peker Furuset seg ut \u2013 i negativ forstand.<\/p>\n<p class=\"_paragraph_o9xde_4 _paragraph_xtcu6_10 layout-component text-serif-m layout-normal text-serif-m layout-padded\">Furuset scorer \u00absv\u00e6rt h\u00f8y andel\u00bb p\u00e5 samtlige parametere: Straffesaker, ungdomssaker og politioppdrag. S\u00e6rlig rundt senteret og torget preges bybildet av dominerende ungdomsgjenger.<\/p>\n<p class=\"_paragraph_o9xde_4 _paragraph_xtcu6_10 layout-component text-serif-m layout-normal text-serif-m layout-padded\">I Trygghetsunders\u00f8kelsen fra i fjor oppga innbyggerne at de f\u00f8ler seg sv\u00e6rt eller ganske utrygge i n\u00e6rmilj\u00f8et, og at de er redde for \u00e5 ferdes ute p\u00e5 kveldstid. <\/p>\n<p><img alt=\"\" class=\"_image_qp4xg_65 layout-component layout-normal\" data-fullscreen- data-track-element-type=\"Article image fullscreen\" data-track-name=\"ImageFullscreen\" decoding=\"async\" loading=\"lazy\" height=\"5464\" itemprop=\"image\"  src=\"https:\/\/www.europesays.com\/no\/wp-content\/uploads\/2025\/12\/ed28dad9-964d-477f-8a6e-e6767c41344f\"  style=\"object-position:0% 0%\" width=\"7282\"\/> \u2013 F\u00e5r fort \u00f8ye p\u00e5 oss<\/p>\n<p class=\"_paragraph_o9xde_4 _paragraph_xtcu6_10 layout-component text-serif-m layout-normal text-serif-m layout-padded\">\u2013 Vi m\u00e5 stoppe litt nede i gaten der, for varslingen g\u00e5r fort, sier Hanne Markhus Andersen og stopper politibilen med kallesignalet \u00abCharlie Fox 04\u00bb.<\/p>\n<p class=\"_paragraph_o9xde_4 _paragraph_xtcu6_10 layout-component text-serif-m layout-normal text-serif-m layout-padded\">Kollegaen Olav Verpe utdyper:<\/p>\n<p class=\"_paragraph_o9xde_4 _paragraph_xtcu6_10 layout-component text-serif-m layout-normal text-serif-m layout-padded\">\u2013 Disse guttene f\u00e5r fort \u00f8ye p\u00e5 oss, og da dumper v\u00e5pen, narkotika og s\u00e5nne ting. Hvis vi skal klare \u00e5 f\u00e5 tatt det, er vi avhengige av \u00e5 v\u00e6re koordinerte.<\/p>\n<p class=\"_paragraph_o9xde_4 _paragraph_xtcu6_10 layout-component text-serif-m layout-normal text-serif-m layout-padded\">Politispanere og en annen patrulje har plassert seg p\u00e5 ulike steder i n\u00e6rheten for \u00e5 sjekke om det foreg\u00e5r kriminell aktivitet.<\/p>\n<p><img alt=\"\" class=\"_image_qp4xg_65 layout-component layout-normal\" data-fullscreen- data-track-element-type=\"Article image fullscreen\" data-track-name=\"ImageFullscreen\" decoding=\"async\" loading=\"lazy\" height=\"5425\" itemprop=\"image\"  src=\"https:\/\/www.europesays.com\/no\/wp-content\/uploads\/2025\/12\/dccb19ab-65e8-4cab-9dd6-6227ec006d8d\"  style=\"object-position:0% 0%\" width=\"7230\"\/><\/p>\n<p class=\"_paragraph_o9xde_4 _paragraph_xtcu6_10 layout-component text-serif-m layout-normal text-serif-m layout-padded\"><strong class=\"_strong_o9xde_25\">Vi har forflyttet oss til Ellingsrud. <\/strong><\/p>\n<p class=\"_paragraph_o9xde_4 _paragraph_xtcu6_10 layout-component text-serif-m layout-normal text-serif-m layout-padded\">Dette omr\u00e5det ligger ogs\u00e5 i bydel Alna og peker seg negativt ut i politiets analyse. Der legges det vekt p\u00e5 at de kriminelle akt\u00f8rene har god oversikt over politiets ankomstvei, og at de opptrer kynisk.<\/p>\n<p class=\"_paragraph_o9xde_4 _paragraph_xtcu6_10 layout-component text-serif-m layout-normal text-serif-m layout-padded\">Narkotikaomsetning er et stort problem her, s\u00e6rlig rundt torget og i barnehagene p\u00e5 kvelds- og nattetid.<\/p>\n<p class=\"_paragraph_o9xde_4 _paragraph_xtcu6_10 layout-component text-serif-m layout-normal text-serif-m layout-padded\"><strong class=\"_strong_o9xde_25\">\u2013 Bak kirken er det en samling, sier en av spanerne over politisambandet.<\/strong><\/p>\n<p><img alt=\"\" class=\"_image_qp4xg_65 layout-component layout-normal\" data-fullscreen- data-track-element-type=\"Article image fullscreen\" data-track-name=\"ImageFullscreen\" decoding=\"async\" loading=\"lazy\" height=\"3652\" itemprop=\"image\"  src=\"https:\/\/www.europesays.com\/no\/wp-content\/uploads\/2025\/12\/f44bd8e8-5770-43e2-913d-276c231d6030\"  style=\"object-position:0% 0%\" width=\"4868\"\/><\/p>\n<p class=\"_paragraph_o9xde_4 _paragraph_xtcu6_10 layout-component text-serif-m layout-normal text-serif-m layout-padded\">Sekunder senere l\u00f8per en skikkelse over veien noen titalls meter foran politibilen vi sitter i \u2013 og inn i den m\u00f8rke skogen.<\/p>\n<p class=\"_paragraph_o9xde_4 _paragraph_xtcu6_10 layout-component text-serif-m layout-normal text-serif-m layout-padded\">Guttene som st\u00e5r igjen ved kirken, blir visitert, men det blir ikke gjort funn. Han som l\u00f8p inn i skogen, er forduftet. <\/p>\n<p><img alt=\"\" class=\"_image_qp4xg_65 layout-component layout-normal\" data-fullscreen- data-track-element-type=\"Article image fullscreen\" data-track-name=\"ImageFullscreen\" decoding=\"async\" loading=\"lazy\" height=\"5371\" itemprop=\"image\"  src=\"https:\/\/www.europesays.com\/no\/wp-content\/uploads\/2025\/12\/2f1ecb4e-c919-4196-9591-e09e1bf55564\"  style=\"object-position:0% 0%\" width=\"7158\"\/> \u2013 Kjente akt\u00f8rer<\/p>\n<p class=\"_paragraph_o9xde_4 _paragraph_xtcu6_10 layout-component text-serif-m layout-normal text-serif-m layout-padded\">Senere p\u00e5 kvelden g\u00e5r turen til Furuset senter, som har v\u00e6rt \u00e5sted for mange av de alvorlige voldsepisodene som kan knyttes til konflikten.<\/p>\n<p class=\"_paragraph_o9xde_4 _paragraph_xtcu6_10 layout-component text-serif-m layout-normal text-serif-m layout-padded\">En guttegjeng har samlet seg utenfor en pizzarestaurant, men det g\u00e5r rolig for seg i kveld.<\/p>\n<p class=\"_paragraph_o9xde_4 _paragraph_xtcu6_10 layout-component text-serif-m layout-normal text-serif-m layout-padded\">\u2013 Er akt\u00f8rene i de konfliktene dere jobber med, de samme guttene som dere m\u00f8ter ute p\u00e5 vakt om kvelden?<\/p>\n<p class=\"_paragraph_o9xde_4 _paragraph_xtcu6_10 layout-component text-serif-m layout-normal text-serif-m layout-padded\">\u2013 B\u00e5de og, svarer Verpe og sier at det er viktig \u00e5 holde tungen rett i munnen.<\/p>\n<p class=\"_paragraph_o9xde_4 _paragraph_xtcu6_10 layout-component text-serif-m layout-normal text-serif-m layout-padded\">\u2013 Vi kan treffe 50, 60, 70 ungdommer, og de fleste av dem er ikke involvert i kriminalitet. S\u00e5 kan det v\u00e6re noen som er sentrale i konfliktlinjene vi jobber med eller som er sentrale p\u00e5 andre m\u00e5ter i et kriminelt milj\u00f8.<\/p>\n<p class=\"_paragraph_o9xde_4 _paragraph_xtcu6_10 layout-component text-serif-m layout-normal text-serif-m layout-padded\">Han fortsetter:<\/p>\n<p class=\"_paragraph_o9xde_4 _paragraph_xtcu6_10 layout-component text-serif-m layout-normal text-serif-m layout-padded\">\u2013 Vi \u00f8nsker ikke \u00e5 mistenkeliggj\u00f8re hele ungdomsmilj\u00f8et p\u00e5 bakgrunn av at det er noen f\u00e5 som er involvert i kriminalitet.<\/p>\n<p class=\"_paragraph_o9xde_4 _paragraph_xtcu6_10 layout-component text-serif-m layout-normal text-serif-m layout-padded\">Hanne Markhus Andersen kjente igjen guttegjengen som ble igjen bak kirken p\u00e5 Ellingsrud, <\/p>\n<p class=\"_paragraph_o9xde_4 _paragraph_xtcu6_10 layout-component text-serif-m layout-normal text-serif-m layout-padded\"><strong class=\"_strong_o9xde_25\">\u2013 Det er kjente akt\u00f8rer enten fra narkotikasalg eller konflikt. Eller begge deler. <\/strong><\/p>\n<p> Marianne Vik\u00e5s<\/p>\n<p class=\"text-sans-s\">Journalist<\/p>\n<p><img decoding=\"async\" alt=\"Marianne Vik\u00e5s\" class=\"_image_uv074_179\" src=\"https:\/\/www.europesays.com\/no\/wp-content\/uploads\/2025\/12\/1765321292_787_d2438f37-7bc3-4fbe-9541-5b99b45f89bc\" width=\"480\"\/>Anne Sofie Mengaaen \u00c5sgard<\/p>\n<p class=\"text-sans-s\">Journalist<\/p>\n<p><img decoding=\"async\" alt=\"Anne Sofie Mengaaen \u00c5sgard\" class=\"_image_uv074_179\" src=\"https:\/\/www.europesays.com\/no\/wp-content\/uploads\/2025\/12\/1765321293_175_f4862adf-5748-49cd-9b8a-e6d91de08b9f\" width=\"480\"\/>Kontakt Anne Sofie Mengaaen \u00c5sgard     <\/p>\n","protected":false},"excerpt":{"rendered":"Politiet i Oslo er bekymret over voldelig ungdomskonflikt i bydel Alna. Konflikten mellom fraksjoner p\u00e5 Furuset og Haugerud&hellip;\n","protected":false},"author":2,"featured_media":108925,"comment_status":"","ping_status":"","sticky":false,"template":"","format":"standard","meta":{"footnotes":""},"categories":[10],"tags":[20,21,24,25,15,148,22,23,13,30,28,29,14,636,16,26,27,570,785],"class_list":{"0":"post-108924","1":"post","2":"type-post","3":"status-publish","4":"format-standard","5":"has-post-thumbnail","7":"category-norge","8":"tag-breaking-news","9":"tag-breakingnews","10":"tag-featured-news","11":"tag-featurednews","12":"tag-headlines","13":"tag-kriminalitet","14":"tag-latest-news","15":"tag-latestnews","16":"tag-news","17":"tag-no","18":"tag-norge","19":"tag-norway","20":"tag-nyheter","21":"tag-oslo","22":"tag-overskrifter","23":"tag-top-stories","24":"tag-topstories","25":"tag-vapen","26":"tag-vghubben"},"share_on_mastodon":{"url":"https:\/\/pubeurope.com\/@no\/115692102533822686","error":""},"_links":{"self":[{"href":"https:\/\/www.europesays.com\/no\/wp-json\/wp\/v2\/posts\/108924","targetHints":{"allow":["GET"]}}],"collection":[{"href":"https:\/\/www.europesays.com\/no\/wp-json\/wp\/v2\/posts"}],"about":[{"href":"https:\/\/www.europesays.com\/no\/wp-json\/wp\/v2\/types\/post"}],"author":[{"embeddable":true,"href":"https:\/\/www.europesays.com\/no\/wp-json\/wp\/v2\/users\/2"}],"replies":[{"embeddable":true,"href":"https:\/\/www.europesays.com\/no\/wp-json\/wp\/v2\/comments?post=108924"}],"version-history":[{"count":0,"href":"https:\/\/www.europesays.com\/no\/wp-json\/wp\/v2\/posts\/108924\/revisions"}],"wp:featuredmedia":[{"embeddable":true,"href":"https:\/\/www.europesays.com\/no\/wp-json\/wp\/v2\/media\/108925"}],"wp:attachment":[{"href":"https:\/\/www.europesays.com\/no\/wp-json\/wp\/v2\/media?parent=108924"}],"wp:term":[{"taxonomy":"category","embeddable":true,"href":"https:\/\/www.europesays.com\/no\/wp-json\/wp\/v2\/categories?post=108924"},{"taxonomy":"post_tag","embeddable":true,"href":"https:\/\/www.europesays.com\/no\/wp-json\/wp\/v2\/tags?post=108924"}],"curies":[{"name":"wp","href":"https:\/\/api.w.org\/{rel}","templated":true}]}}