{"id":108938,"date":"2025-12-09T23:22:05","date_gmt":"2025-12-09T23:22:05","guid":{"rendered":"https:\/\/www.europesays.com\/no\/108938\/"},"modified":"2025-12-09T23:22:05","modified_gmt":"2025-12-09T23:22:05","slug":"nyheter-trafikk-bil-rygget-inn-i-hage-pa-askoy-80-ar-gammel-kvinne-sendt-til-haukeland-sykehus","status":"publish","type":"post","link":"https:\/\/www.europesays.com\/no\/108938\/","title":{"rendered":"Nyheter, Trafikk | Bil rygget inn i hage p\u00e5 Ask\u00f8y. 80 \u00e5r gammel kvinne sendt til Haukeland sykehus."},"content":{"rendered":"\n<p>Inne i bygget satt en mor og hennes to d\u00f8tre p\u00e5 16 og halvannet \u00e5r. De fikk med seg deler av det som skjedde.<\/p>\n<p>Ten\u00e5ringen sier til BA at det var hun som varslet n\u00f8detatene for \u00e5 f\u00e5 hjelp til kvinnen i 80-\u00e5rene, etter at hun hadde rygget inn i hagen deres.<\/p>\n<p>\u2013 Kunne endt mye verre<\/p>\n<p>16-\u00e5ringen forteller at de satt inne og pakket inn julegaver da de h\u00f8rte et smell fra hagen. Ut vinduet s\u00e5 de at bilen deres flyttet p\u00e5 seg.<\/p>\n<p>\u2013 S\u00e5 h\u00f8rte vi bare et hyl. Vi l\u00f8p ut i sokkene p\u00e5 grusen med mobilene v\u00e5re. Vi glemte \u00e5 ta p\u00e5 sko, og m\u00e5tte bare ringe med en gang.<\/p>\n<p>   <img decoding=\"async\" width=\"2048\" height=\"922\" fetchpriority=\"low\"  loading=\"lazy\"  src=\"https:\/\/www.europesays.com\/no\/wp-content\/uploads\/2025\/12\/Messenger_creation_09C401D3-1EFC-4DB3-98A3-9475D47ED55D1.jpg\" alt=\"\" class=\"brick-c-cFOWSL\" style=\"--brick-image-ratio: 2048 \/ 922;\"\/><\/p>\n<p>      Dette synet m\u00f8tte familien ute i hagen.<br \/>\n      Foto: Privat\n    <\/p>\n<p>Hun beskriver synet av bilen som satt bom fast i gjerdet deres. Mens BA snakker med henne er moren ute med politiet og bilberger som jobber med \u00e5 f\u00e5 bilen ut.<\/p>\n<p>\u2013 Men det er vanskelig. Den sitter helt fast, sier hun til BA.<\/p>\n<p>Bilen skal ha rygget inn i gjerdet til huset deres, f\u00f8r tilhengeren tok imot bilen og ble skvist inn i deres bil som sto parkert.<\/p>\n<p><b>\u2013 P\u00e5 en god m\u00e5te, for hvis ikke den hadde st\u00e5tt der, s\u00e5 hadde det kanskje endt mye verre, frykter hun. <\/b><\/p>\n<p>Kvinne i 80-\u00e5rene til sykehus<\/p>\n<p>Bak rattet satt en kvinne i 80-\u00e5rene, if\u00f8lge operasjonsleder Morten Rebnord i Vest politidistrikt. Hun ble fraktet med ambulanse til Haukeland sykehus kort tid etter ulykken, opplyser han.<\/p>\n<p>Dermed har ikke politiet f\u00e5tt avh\u00f8rt kvinnen, og har ikke mulighet til \u00e5 uttale seg om hva som for\u00e5rsaket ulykken, sier Rebnord til BA.<\/p>\n<p>Men han bekrefter at en kvinne i 80-\u00e5rene kj\u00f8rte inn i et gjerde og krasjet i en parkert bil og tilhenger. Hun var alene i bilen, if\u00f8lge politiet.<\/p>\n<p>Politiet har opplyst at de vil f\u00f8lge opp saken videre.<\/p>\n<p>   <img decoding=\"async\" width=\"2048\" height=\"922\" fetchpriority=\"low\"  loading=\"lazy\"  src=\"https:\/\/www.europesays.com\/no\/wp-content\/uploads\/2025\/12\/bil+sladdet.jpg\" alt=\"\" class=\"brick-c-cFOWSL\" style=\"--brick-image-ratio: 2048 \/ 922;\"\/><\/p>\n<p>      Bilen som sto parkert stoppet bilen som kom i full fart, if\u00f8lge naboen.<br \/>\n      Foto: Privat\n    <\/p>\n<p>Innledningsvis meldte politiet om lite skader, f\u00f8r Rebnord ga en kontrabeskjed om at det var store materielle skader p\u00e5 ulykkesbilen. Det samme viser bilder BA har f\u00e5tt tilsendt.<\/p>\n<p>Bilen til familien fikk derimot mindre skader, if\u00f8lge ten\u00e5ringen i huset.<\/p>\n<p><b>\u2013 D\u00f8ren har f\u00e5tt noen bulker og jeg tror det ene hjulet er punktert. Men det var hengeren som fikk de st\u00f8rste skadene.<\/b><\/p>\n<p>  <a href=\"https:\/\/www.ba.no\/5-8-3250209\" class=\"related-teaser has-image default-story-teaser article--c-eRUmMG article--c-eRUmMG-jKCPdD-design-default\" rel=\"nofollow noopener\" target=\"_blank\"><\/p>\n<p>    <img decoding=\"async\" loading=\"lazy\"  src=\"https:\/\/www.europesays.com\/no\/wp-content\/uploads\/2025\/12\/Bil.jpg\" alt=\"\" class=\"brick-c-cFOWSL\" style=\"\"\/><\/p>\n<p>\n            Les ogs\u00e5<\/p>\n<p>              Da en mannlig bilist tok feil avkj\u00f8ring i \u00c5sane, gikk det galt\n        <\/p>\n<p>  <\/a><\/p>\n","protected":false},"excerpt":{"rendered":"Inne i bygget satt en mor og hennes to d\u00f8tre p\u00e5 16 og halvannet \u00e5r. De fikk med&hellip;\n","protected":false},"author":2,"featured_media":108939,"comment_status":"","ping_status":"","sticky":false,"template":"","format":"standard","meta":{"footnotes":""},"categories":[10],"tags":[36,2271,847,20,21,24,25,15,22,23,13,30,28,29,14,16,468,1510,26,27,224],"class_list":{"0":"post-108938","1":"post","2":"type-post","3":"status-publish","4":"format-standard","5":"has-post-thumbnail","7":"category-norge","8":"tag-art","9":"tag-askoy","10":"tag-brannvesenet","11":"tag-breaking-news","12":"tag-breakingnews","13":"tag-featured-news","14":"tag-featurednews","15":"tag-headlines","16":"tag-latest-news","17":"tag-latestnews","18":"tag-news","19":"tag-no","20":"tag-norge","21":"tag-norway","22":"tag-nyheter","23":"tag-overskrifter","24":"tag-politiet","25":"tag-story","26":"tag-top-stories","27":"tag-topstories","28":"tag-trafikk"},"share_on_mastodon":{"url":"https:\/\/pubeurope.com\/@no\/115692185644954750","error":""},"_links":{"self":[{"href":"https:\/\/www.europesays.com\/no\/wp-json\/wp\/v2\/posts\/108938","targetHints":{"allow":["GET"]}}],"collection":[{"href":"https:\/\/www.europesays.com\/no\/wp-json\/wp\/v2\/posts"}],"about":[{"href":"https:\/\/www.europesays.com\/no\/wp-json\/wp\/v2\/types\/post"}],"author":[{"embeddable":true,"href":"https:\/\/www.europesays.com\/no\/wp-json\/wp\/v2\/users\/2"}],"replies":[{"embeddable":true,"href":"https:\/\/www.europesays.com\/no\/wp-json\/wp\/v2\/comments?post=108938"}],"version-history":[{"count":0,"href":"https:\/\/www.europesays.com\/no\/wp-json\/wp\/v2\/posts\/108938\/revisions"}],"wp:featuredmedia":[{"embeddable":true,"href":"https:\/\/www.europesays.com\/no\/wp-json\/wp\/v2\/media\/108939"}],"wp:attachment":[{"href":"https:\/\/www.europesays.com\/no\/wp-json\/wp\/v2\/media?parent=108938"}],"wp:term":[{"taxonomy":"category","embeddable":true,"href":"https:\/\/www.europesays.com\/no\/wp-json\/wp\/v2\/categories?post=108938"},{"taxonomy":"post_tag","embeddable":true,"href":"https:\/\/www.europesays.com\/no\/wp-json\/wp\/v2\/tags?post=108938"}],"curies":[{"name":"wp","href":"https:\/\/api.w.org\/{rel}","templated":true}]}}