{"id":108942,"date":"2025-12-09T23:24:46","date_gmt":"2025-12-09T23:24:46","guid":{"rendered":"https:\/\/www.europesays.com\/no\/108942\/"},"modified":"2025-12-09T23:24:46","modified_gmt":"2025-12-09T23:24:46","slug":"ekstremsportutover-bjorn-magne-bryn-er-dod","status":"publish","type":"post","link":"https:\/\/www.europesays.com\/no\/108942\/","title":{"rendered":"Ekstremsportut\u00f8ver Bj\u00f8rn Magne Bryn er d\u00f8d"},"content":{"rendered":"<p><strong>Ekstremsportut\u00f8veren og forretningsmannen Bj\u00f8rn Magne Bryn fra Voss d\u00f8de l\u00f8rdag 6. desember, melder <a href=\"https:\/\/www.avisa-hordaland.no\/bjorn-magne-bryn-er-dod\/s\/5-132-1031039\" rel=\"nofollow noopener\" target=\"_blank\">Avisa Hordaland<\/a>. Bryn ble 48 \u00e5r gammel.<\/strong><\/p>\n<p>Bryn var en av landets mest erfarne fallskjermhoppere og basehoppere. I 2022 opplyste han til Avisa Hordaland at han hadde gjennomf\u00f8rt rundt 7500 fallskjermhopp og 300 basehopp. Han var ogs\u00e5 involvert i flere IT-selskaper og drev sitt eget firma, Bryn Consulting.<\/p>\n<p>Han hadde en sentral rolle som langrennstrener i Kina, der han sammen med tre andre nordmenn ledet arbeidet med \u00e5 plukke ut og utvikle kinesiske langrennsut\u00f8vere frem mot vinter-OL i Beijing i 2022.<\/p>\n<p>Bryn hadde de siste \u00e5rene bodd vekselvis p\u00e5 Lillehammer og p\u00e5 Voss. Han etterlater seg en datter og en s\u00f8nn.<\/p>\n","protected":false},"excerpt":{"rendered":"Ekstremsportut\u00f8veren og forretningsmannen Bj\u00f8rn Magne Bryn fra Voss d\u00f8de l\u00f8rdag 6. desember, melder Avisa Hordaland. Bryn ble 48&hellip;\n","protected":false},"author":2,"featured_media":108943,"comment_status":"","ping_status":"","sticky":false,"template":"","format":"standard","meta":{"footnotes":""},"categories":[59],"tags":[13478,576,13479,30,28,29,83,82],"class_list":{"0":"post-108942","1":"post","2":"type-post","3":"status-publish","4":"format-standard","5":"has-post-thumbnail","7":"category-sport","8":"tag-bjorn-magne-bryn","9":"tag-dodsfall","10":"tag-ekstremsport","11":"tag-no","12":"tag-norge","13":"tag-norway","14":"tag-sport","15":"tag-sports"},"share_on_mastodon":{"url":"https:\/\/pubeurope.com\/@no\/115692192586880462","error":""},"_links":{"self":[{"href":"https:\/\/www.europesays.com\/no\/wp-json\/wp\/v2\/posts\/108942","targetHints":{"allow":["GET"]}}],"collection":[{"href":"https:\/\/www.europesays.com\/no\/wp-json\/wp\/v2\/posts"}],"about":[{"href":"https:\/\/www.europesays.com\/no\/wp-json\/wp\/v2\/types\/post"}],"author":[{"embeddable":true,"href":"https:\/\/www.europesays.com\/no\/wp-json\/wp\/v2\/users\/2"}],"replies":[{"embeddable":true,"href":"https:\/\/www.europesays.com\/no\/wp-json\/wp\/v2\/comments?post=108942"}],"version-history":[{"count":0,"href":"https:\/\/www.europesays.com\/no\/wp-json\/wp\/v2\/posts\/108942\/revisions"}],"wp:featuredmedia":[{"embeddable":true,"href":"https:\/\/www.europesays.com\/no\/wp-json\/wp\/v2\/media\/108943"}],"wp:attachment":[{"href":"https:\/\/www.europesays.com\/no\/wp-json\/wp\/v2\/media?parent=108942"}],"wp:term":[{"taxonomy":"category","embeddable":true,"href":"https:\/\/www.europesays.com\/no\/wp-json\/wp\/v2\/categories?post=108942"},{"taxonomy":"post_tag","embeddable":true,"href":"https:\/\/www.europesays.com\/no\/wp-json\/wp\/v2\/tags?post=108942"}],"curies":[{"name":"wp","href":"https:\/\/api.w.org\/{rel}","templated":true}]}}