{"id":108966,"date":"2025-12-10T01:09:20","date_gmt":"2025-12-10T01:09:20","guid":{"rendered":"https:\/\/www.europesays.com\/no\/108966\/"},"modified":"2025-12-10T01:09:20","modified_gmt":"2025-12-10T01:09:20","slug":"krim-helse-vg-siktede-etter-storo-skytingen-ivaretas-fortsatt-av-helse","status":"publish","type":"post","link":"https:\/\/www.europesays.com\/no\/108966\/","title":{"rendered":"Krim, Helse | VG: Siktede etter Storo-skytingen ivaretas fortsatt av helse"},"content":{"rendered":"\n<p>Det melder <a href=\"https:\/\/www.vg.no\/nyheter\/i\/Pd3nw7\/storo-skytingen-siktede-ivaretas-fortsatt-av-helse\" rel=\"Follow nofollow noopener\" target=\"_blank\">VG.<\/a><\/p>\n<p>\u2013 Jeg har snakket med ham, og det er ikke s\u00e5 mye jeg kan si. Han ivaretas av helse og s\u00e5 vurderes helsetilstanden hans fortl\u00f8pende, sier Kai Vaag til avisen.<\/p>\n<p>Vaag er forsvareren til den 19 \u00e5r gamle mannen som mandag avfyrte et skudd inne p\u00e5 Storo Storsenter.<\/p>\n<p>19-\u00e5ringen er siktet for grove trusler med skytev\u00e5pen.<\/p>\n<p>Ingen ble skadet som f\u00f8lge av hendelsen.<\/p>\n<p><b>LES MER OM HENDELSEN:<\/b><\/p>\n<p>  <a href=\"https:\/\/www.ao.no\/5-128-1211425\" class=\"related-teaser has-image default-story-teaser article--c-eRUmMG article--c-eRUmMG-jKCPdD-design-default\" wp_automatic_readability=\"1\" rel=\"nofollow noopener\" target=\"_blank\"><\/p>\n<p>    <img decoding=\"async\" loading=\"lazy\"  src=\"https:\/\/www.europesays.com\/no\/wp-content\/uploads\/2025\/12\/photo+-+2025-12-08T114805.036.jpg\" alt=\"\" class=\"brick-c-cFOWSL\" style=\"\"\/><\/p>\n<p>\n            Les ogs\u00e5<\/p>\n<p>  Skj\u00f8t med hagle i taket p\u00e5 Storo Storsenter<\/p>\n<p>  <\/a><\/p>\n<p>  <a href=\"https:\/\/www.ao.no\/5-128-1211471\" class=\"related-teaser has-image default-story-teaser article--c-eRUmMG article--c-eRUmMG-jKCPdD-design-default\" wp_automatic_readability=\"1\" rel=\"nofollow noopener\" target=\"_blank\"><\/p>\n<p>    For abonnenter<\/p>\n<p>    <img decoding=\"async\" loading=\"lazy\"  src=\"https:\/\/www.europesays.com\/no\/wp-content\/uploads\/2025\/12\/52286c8b-6fb7-4842-ac6d-d9648caf0112_1_1.jpg\" alt=\"\" class=\"brick-c-cFOWSL\" style=\"\"\/><\/p>\n<p>\n            Les ogs\u00e5<\/p>\n<p>  Havnet midt i dramaet: \u2013 Folk fikk panikk<\/p>\n<p>  <\/a><\/p>\n","protected":false},"excerpt":{"rendered":"Det melder VG. \u2013 Jeg har snakket med ham, og det er ikke s\u00e5 mye jeg kan si.&hellip;\n","protected":false},"author":2,"featured_media":108758,"comment_status":"","ping_status":"","sticky":false,"template":"","format":"standard","meta":{"footnotes":""},"categories":[10],"tags":[36,20,21,24,25,15,736,983,22,23,13,30,28,29,14,16,314,10024,1510,26,27],"class_list":{"0":"post-108966","1":"post","2":"type-post","3":"status-publish","4":"format-standard","5":"has-post-thumbnail","7":"category-norge","8":"tag-art","9":"tag-breaking-news","10":"tag-breakingnews","11":"tag-featured-news","12":"tag-featurednews","13":"tag-headlines","14":"tag-helse","15":"tag-krim","16":"tag-latest-news","17":"tag-latestnews","18":"tag-news","19":"tag-no","20":"tag-norge","21":"tag-norway","22":"tag-nyheter","23":"tag-overskrifter","24":"tag-skyting","25":"tag-storo","26":"tag-story","27":"tag-top-stories","28":"tag-topstories"},"share_on_mastodon":{"url":"https:\/\/pubeurope.com\/@no\/115692605624704731","error":""},"_links":{"self":[{"href":"https:\/\/www.europesays.com\/no\/wp-json\/wp\/v2\/posts\/108966","targetHints":{"allow":["GET"]}}],"collection":[{"href":"https:\/\/www.europesays.com\/no\/wp-json\/wp\/v2\/posts"}],"about":[{"href":"https:\/\/www.europesays.com\/no\/wp-json\/wp\/v2\/types\/post"}],"author":[{"embeddable":true,"href":"https:\/\/www.europesays.com\/no\/wp-json\/wp\/v2\/users\/2"}],"replies":[{"embeddable":true,"href":"https:\/\/www.europesays.com\/no\/wp-json\/wp\/v2\/comments?post=108966"}],"version-history":[{"count":0,"href":"https:\/\/www.europesays.com\/no\/wp-json\/wp\/v2\/posts\/108966\/revisions"}],"wp:featuredmedia":[{"embeddable":true,"href":"https:\/\/www.europesays.com\/no\/wp-json\/wp\/v2\/media\/108758"}],"wp:attachment":[{"href":"https:\/\/www.europesays.com\/no\/wp-json\/wp\/v2\/media?parent=108966"}],"wp:term":[{"taxonomy":"category","embeddable":true,"href":"https:\/\/www.europesays.com\/no\/wp-json\/wp\/v2\/categories?post=108966"},{"taxonomy":"post_tag","embeddable":true,"href":"https:\/\/www.europesays.com\/no\/wp-json\/wp\/v2\/tags?post=108966"}],"curies":[{"name":"wp","href":"https:\/\/api.w.org\/{rel}","templated":true}]}}