{"id":108970,"date":"2025-12-10T01:33:14","date_gmt":"2025-12-10T01:33:14","guid":{"rendered":"https:\/\/www.europesays.com\/no\/108970\/"},"modified":"2025-12-10T01:33:14","modified_gmt":"2025-12-10T01:33:14","slug":"frida-karlsson-langrenn-frida-karlsson-viser-fram-svindyrt-luksuskjop","status":"publish","type":"post","link":"https:\/\/www.europesays.com\/no\/108970\/","title":{"rendered":"Frida karlsson, Langrenn | Frida Karlsson viser fram svindyrt luksuskj\u00f8p"},"content":{"rendered":"\n<p>\u00abEn investering for fremtiden\u00bb, beskriver Frida Karlsson til Expressen.<\/p>\n<p>Hun snakker om sin nye rulleskim\u00f8lle, som st\u00e5r plassert i garasjen i \u00d6stersund.<\/p>\n<p>Det kostbare innkj\u00f8pet har hun gjort i forkant av OL i Milano og Cortina i februar. Der vil hun v\u00e6re medaljekandidat p\u00e5 flere distanser.<\/p>\n<p>Hun forklarer at hun brukte rulleskim\u00f8lla mye gjennom skadeperioden i fjor og at hun generelt har benyttet seg mye av investeringen.<\/p>\n<p><b>Les ogs\u00e5: <a href=\"https:\/\/www.nettavisen.no\/sport\/john-arne-riise-langer-ut-etter-liverpool-sjokket-respektlost\/s\/5-95-2770157\" rel=\"Follow nofollow noopener\" target=\"_blank\">Langer ut etter Liverpool-sjokket: \u2013 Respektl\u00f8st<\/a><\/b><\/p>\n<p>Flere ut\u00f8vere gj\u00f8r det samme<\/p>\n<p>P\u00e5 sp\u00f8rsm\u00e5l om prislappen p\u00e5 over en halv million norske kroner sved i lommeboken, svarer hun f\u00f8lgende:<\/p>\n<p>\u2013 Nei, jeg synes dette er en investering og jeg h\u00e5per det skal hjelpe meg i min satsing, da svir det ikke s\u00e5 mye.<\/p>\n<p>Karlsson er ikke den eneste av de fremste vintersportsut\u00f8verne som har investert i en rulleskim\u00f8lle. Ogs\u00e5 Johannes H\u00f8sflot Kl\u00e6bo har en lignende hjemme i Trondheim.<\/p>\n<p>Det har ogs\u00e5 den tidligere skiskytteren Johannes Thingnes B\u00f8.<\/p>\n<p><b>Les ogs\u00e5: <a href=\"https:\/\/www.nettavisen.no\/sport\/spillere-fra-storklubber-og-eks-klubbtopp-varetektsfengslet-i-tyrkisk-gamblingsak\/s\/5-95-2770481\" rel=\"Follow nofollow noopener\" target=\"_blank\">Fenerbah\u00e7e-spiller varetektsfengslet i tyrkisk gamblingsak<\/a><\/b><\/p>\n<p>\u2013 En luksus<\/p>\n<p>Karlssons svindyre investering har skapt reaksjoner ogs\u00e5 i Norge.<\/p>\n<p>\u2013 Det sender et tydelig signal til konkurrentene, har Petter Northug uttalt til <a href=\"https:\/\/www.tv2.no\/sport\/northug-hyller-frida-karlsson-bor-frykte-henne\/17840348\/?\" rel=\"Follow nofollow noopener\" target=\"_blank\">TV 2. <\/a><\/p>\n<p>\u2013 Frida gj\u00f8r en veldig god jobb, uavhengig om hun har den m\u00f8llen eller ikke, sier Tiril Udnes Weng til samme kanal.<\/p>\n<p>Hun forteller at de norske ut\u00f8verne har tilgang til samme type rulleskim\u00f8lle og at denne st\u00e5r p\u00e5 Olympiatoppen.<\/p>\n<p>\u2013 Men det er klart det er jo en forskjell p\u00e5 \u00e5 m\u00e5tte kj\u00f8re dit og \u00e5 ha det hjemme hos seg selv. Det er jo en luksus \u00e5 ha i hverdagen, sier hun.<\/p>\n","protected":false},"excerpt":{"rendered":"\u00abEn investering for fremtiden\u00bb, beskriver Frida Karlsson til Expressen. Hun snakker om sin nye rulleskim\u00f8lle, som st\u00e5r plassert&hellip;\n","protected":false},"author":2,"featured_media":108971,"comment_status":"","ping_status":"","sticky":false,"template":"","format":"standard","meta":{"footnotes":""},"categories":[59],"tags":[30,28,29,83,82],"class_list":{"0":"post-108970","1":"post","2":"type-post","3":"status-publish","4":"format-standard","5":"has-post-thumbnail","7":"category-sport","8":"tag-no","9":"tag-norge","10":"tag-norway","11":"tag-sport","12":"tag-sports"},"share_on_mastodon":{"url":"https:\/\/pubeurope.com\/@no\/115692699875410876","error":""},"_links":{"self":[{"href":"https:\/\/www.europesays.com\/no\/wp-json\/wp\/v2\/posts\/108970","targetHints":{"allow":["GET"]}}],"collection":[{"href":"https:\/\/www.europesays.com\/no\/wp-json\/wp\/v2\/posts"}],"about":[{"href":"https:\/\/www.europesays.com\/no\/wp-json\/wp\/v2\/types\/post"}],"author":[{"embeddable":true,"href":"https:\/\/www.europesays.com\/no\/wp-json\/wp\/v2\/users\/2"}],"replies":[{"embeddable":true,"href":"https:\/\/www.europesays.com\/no\/wp-json\/wp\/v2\/comments?post=108970"}],"version-history":[{"count":0,"href":"https:\/\/www.europesays.com\/no\/wp-json\/wp\/v2\/posts\/108970\/revisions"}],"wp:featuredmedia":[{"embeddable":true,"href":"https:\/\/www.europesays.com\/no\/wp-json\/wp\/v2\/media\/108971"}],"wp:attachment":[{"href":"https:\/\/www.europesays.com\/no\/wp-json\/wp\/v2\/media?parent=108970"}],"wp:term":[{"taxonomy":"category","embeddable":true,"href":"https:\/\/www.europesays.com\/no\/wp-json\/wp\/v2\/categories?post=108970"},{"taxonomy":"post_tag","embeddable":true,"href":"https:\/\/www.europesays.com\/no\/wp-json\/wp\/v2\/tags?post=108970"}],"curies":[{"name":"wp","href":"https:\/\/api.w.org\/{rel}","templated":true}]}}