{"id":108976,"date":"2025-12-10T01:59:11","date_gmt":"2025-12-10T01:59:11","guid":{"rendered":"https:\/\/www.europesays.com\/no\/108976\/"},"modified":"2025-12-10T01:59:11","modified_gmt":"2025-12-10T01:59:11","slug":"brann-naeroysund-brann-i-gjenvinningsstasjon-slokking-utover-natta","status":"publish","type":"post","link":"https:\/\/www.europesays.com\/no\/108976\/","title":{"rendered":"Brann, N\u00e6r\u00f8ysund | Brann i gjenvinningsstasjon: \u2013 Slokking utover natta"},"content":{"rendered":"\n<p><b>N\u00c6R\u00d8YSUND: <\/b>Brannvesenet rykket sent tirsdag kveld ut etter melding om brann i en gjenvinningsstasjon i N\u00e6r\u00f8ysund.<\/p>\n<p>Klokka 23.20 fikk 110-sentralen i Midt-Norge melding om hendelsen. En forbipasserende i bil observerte flammer p\u00e5 avstand og kj\u00f8rte n\u00e6rmere for \u00e5 unders\u00f8ke. Vedkommende oppdaget deretter at det brant fra en s\u00f8ppelhall i betong.<\/p>\n<p>\u2013 Det var full fyr da brannvesenet kom til stedet, opplyser vaktleder Eskil R\u00f8kke ved 110-sentralen til NA.<\/p>\n<p>R\u00f8kke forteller at brannmannskapene ikke har sett noen personer eller noe som tilsier at det skal v\u00e6re folk inne i eller rundt den brennende hallen.<\/p>\n<p>\u2013 Vi har ikke sett folk, ikke sett noe som tilsier at det skal v\u00e6re folk der, sier han.<\/p>\n<p>Politiets innsatsleder Arnstein Grunnan bekrefter det.<\/p>\n<p>\u2013 Det var ikke folk i den delen av anlegget da brannen br\u00f8t ut, sier han til NA.<\/p>\n<p>\u2013 Hva befinner seg i anlegget der det brenner?<\/p>\n<p>\u2013 Restavfall, svarer politibetjenten.<\/p>\n<p>Det lokale brannvesenet er p\u00e5 stedet med tre biler og har startet slokking.<\/p>\n<p>   <img decoding=\"async\" width=\"4032\" height=\"3024\" fetchpriority=\"low\"  loading=\"lazy\"  src=\"https:\/\/www.europesays.com\/no\/wp-content\/uploads\/2025\/12\/1765331951_239_photo+%281%29.jpg\" alt=\"\" class=\"brick-c-cFOWSL\" style=\"--brick-image-ratio: 4032 \/ 3024;\"\/><\/p>\n<p>      RASKT P\u00c5 PLASS: Lokalt brannvesen var raskt p\u00e5 plass for \u00e5 starte slokkingsarbeidet.<br \/>\n      Foto: Eystein Fiskum Hansvik\n    <\/p>\n<p>110-sentralen har mottatt videostream fra innringeren, og har dermed kunnet f\u00f8lge brannen helt fra starten av.<\/p>\n<p>Arbeidet med \u00e5 f\u00e5 kontroll over brannen p\u00e5g\u00e5r. Innsatsen er forel\u00f8pig fokusert p\u00e5 utvendig slokking.<\/p>\n<p>\u2013 Utfordringa er \u00e5 komme til \u2013 det avhenger av hvor dypt brannen sitter, forklarer R\u00f8kke.<\/p>\n<p>En tankbil er n\u00e5 p\u00e5 plass, og det er tilstrekkelig med vann tilgjengelig.<\/p>\n<p>\u2013 Vi har nok vann. S\u00e5 f\u00e5r vi se om det eventuelt blir bruk av skum, sier vaktlederen.<\/p>\n<p>Politiet i Tr\u00f8ndelag meldte om hendelsen klokka 23.41. Grunnan opplyser at det ikke er spredningsfare, og at ingen er meldt \u00e5 ha pustet inn r\u00f8yk.<\/p>\n<p>\u2013 Det er en god del r\u00f8ykutvikling, men det utgj\u00f8r ingen risiko for folk som bor i n\u00e6romr\u00e5det, sier politibetjent Arnstein Grunnan.<\/p>\n<p>I en oppdatering klokka 00.46, opplyser operasjonsleder Bj\u00f8rnar Gaasvik at politiet gj\u00f8r unders\u00f8kelser p\u00e5 stedet.<\/p>\n<p>\u2013 \u00c5rsaken til brannen er forel\u00f8pig ukjent. Brannvesenet opplyser at de kommer til \u00e5 jobbe med slokking utover natta.<\/p>\n","protected":false},"excerpt":{"rendered":"N\u00c6R\u00d8YSUND: Brannvesenet rykket sent tirsdag kveld ut etter melding om brann i en gjenvinningsstasjon i N\u00e6r\u00f8ysund. Klokka 23.20&hellip;\n","protected":false},"author":2,"featured_media":108977,"comment_status":"","ping_status":"","sticky":false,"template":"","format":"standard","meta":{"footnotes":""},"categories":[10],"tags":[36,367,847,20,21,24,25,15,22,23,7863,13,30,28,29,14,16,468,1510,26,27],"class_list":{"0":"post-108976","1":"post","2":"type-post","3":"status-publish","4":"format-standard","5":"has-post-thumbnail","7":"category-norge","8":"tag-art","9":"tag-brann","10":"tag-brannvesenet","11":"tag-breaking-news","12":"tag-breakingnews","13":"tag-featured-news","14":"tag-featurednews","15":"tag-headlines","16":"tag-latest-news","17":"tag-latestnews","18":"tag-naeroysund","19":"tag-news","20":"tag-no","21":"tag-norge","22":"tag-norway","23":"tag-nyheter","24":"tag-overskrifter","25":"tag-politiet","26":"tag-story","27":"tag-top-stories","28":"tag-topstories"},"share_on_mastodon":{"url":"https:\/\/pubeurope.com\/@no\/115692802311756635","error":""},"_links":{"self":[{"href":"https:\/\/www.europesays.com\/no\/wp-json\/wp\/v2\/posts\/108976","targetHints":{"allow":["GET"]}}],"collection":[{"href":"https:\/\/www.europesays.com\/no\/wp-json\/wp\/v2\/posts"}],"about":[{"href":"https:\/\/www.europesays.com\/no\/wp-json\/wp\/v2\/types\/post"}],"author":[{"embeddable":true,"href":"https:\/\/www.europesays.com\/no\/wp-json\/wp\/v2\/users\/2"}],"replies":[{"embeddable":true,"href":"https:\/\/www.europesays.com\/no\/wp-json\/wp\/v2\/comments?post=108976"}],"version-history":[{"count":0,"href":"https:\/\/www.europesays.com\/no\/wp-json\/wp\/v2\/posts\/108976\/revisions"}],"wp:featuredmedia":[{"embeddable":true,"href":"https:\/\/www.europesays.com\/no\/wp-json\/wp\/v2\/media\/108977"}],"wp:attachment":[{"href":"https:\/\/www.europesays.com\/no\/wp-json\/wp\/v2\/media?parent=108976"}],"wp:term":[{"taxonomy":"category","embeddable":true,"href":"https:\/\/www.europesays.com\/no\/wp-json\/wp\/v2\/categories?post=108976"},{"taxonomy":"post_tag","embeddable":true,"href":"https:\/\/www.europesays.com\/no\/wp-json\/wp\/v2\/tags?post=108976"}],"curies":[{"name":"wp","href":"https:\/\/api.w.org\/{rel}","templated":true}]}}