{"id":108981,"date":"2025-12-10T02:13:08","date_gmt":"2025-12-10T02:13:08","guid":{"rendered":"https:\/\/www.europesays.com\/no\/108981\/"},"modified":"2025-12-10T02:13:08","modified_gmt":"2025-12-10T02:13:08","slug":"melding-om-brann-i-gjenvinningsstasjon-adressa-no","status":"publish","type":"post","link":"https:\/\/www.europesays.com\/no\/108981\/","title":{"rendered":"Melding om brann i gjenvinningsstasjon &#8211; adressa.no"},"content":{"rendered":"<ol>\n<li><a href=\"https:\/\/news.google.com\/rss\/articles\/CBMiiwFBVV95cUxNWVdsR0tOZVA1VWV5RnBfLUFUTnlsN0RGVmV5N3E0WlI5N1doUXZRdW8xWWJGSUZCaWs0UWZ0a19nTHI3Tkwza1Zyd0JIS0c1Y2w0eU5jcGVWbGk0QkRTb1R0T19SM182elVRNTNDMmRQWGZ0X1ROWFZBSDAxWnFJZjc1SHAySzNjWTdF?oc=5\" target=\"_blank\" rel=\"nofollow noopener\">Melding om brann i gjenvinningsstasjon<\/a>&nbsp;&nbsp;adressa.no<\/li>\n<li><a href=\"https:\/\/news.google.com\/rss\/articles\/CBMikgFBVV95cUxPMzJoSlh0TUw1SXRSbl9nU0VlOTR3TzVXT1kxUzdmTEpEM1lvZzd3cUhQQUx1Z0JndW9JOXVvRWRjdW1oeGhHVkdZem1rZnp4TEJsRkRScTh5T3hvckVhR2JINDc2dk5sWHM3Nl81OGJOdjFQaEV4aGk4UWIxdGxGdWJ1U1BFTno2ckNFOGxIU1JzQQ?oc=5\" target=\"_blank\" rel=\"nofollow noopener\">Fikk telefon midt p\u00e5 natta: &#8211; Jeg m\u00e5tte bare m\u00f8te opp<\/a>&nbsp;&nbsp;adressa.no<\/li>\n<li><a href=\"https:\/\/news.google.com\/rss\/articles\/CBMikwFBVV95cUxPR0t0ZXlyRFNnMWZ4dG9hVTFORnlqREk1SU9LelM0YVRtVl9XNEZkTF9wVGxHcERMbFdiR3dLUDVEMW12WEF3NWlCUFlpbjZLcG1nakJkMjR0azNzOGJReU9aOUVBTENHb25Obk1DS0hHYk1KNmlBRjJWcDUzUlVLaUsxTW11THVrSDJ4bU5tY0VicmM?oc=5\" target=\"_blank\" rel=\"nofollow noopener\">Brann p\u00e5 gjenvinningsstasjon i N\u00e6r\u00f8ysund<\/a>&nbsp;&nbsp;Nettavisen<\/li>\n<li><a href=\"https:\/\/news.google.com\/rss\/articles\/CBMihgFBVV95cUxPUGNNWFdobkRKbDJDdms2bTJwYzFScUZHTk1vN0l0aVMzd0ljT2NURzRoTTdGLTViVG8xeHVweWxhNndoT3ptV29aMW82VWwyOGhUQ2JHLXhxV2s5X1pOYXRtX3FDVlVFYjNORi1DUWxGSkpTQi1mZkJ0ZlpSbHRudlFoUmlLZw?oc=5\" target=\"_blank\" rel=\"nofollow noopener\">Full fyr i gjenvinningsstasjon i N\u00e6r\u00f8ysund<\/a>&nbsp;&nbsp;Ytringen<\/li>\n<li><a href=\"https:\/\/news.google.com\/rss\/articles\/CBMimAFBVV95cUxQQVc1azhkVG5seml4U1JlNDZlUzA1YlZYNGlLaW83M1JWdDdCNVAxNFBYVjVWWGY5UGZoc3lwZ0JDNlhPT25uZlNyUlZOcjVKS2FUaVE4eHVTOXNHc3l1cHRLbE1McUJRWVVtZWFubUszSW04NWRZVDhTUzNnclRCbk1mRTNxSkN0emJ4MkZKQ1lzekNERGhOVw?oc=5\" target=\"_blank\" rel=\"nofollow noopener\">(+) Brann p\u00e5 gjenvinningsstasjon i N\u00e6r\u00f8ysund<\/a>&nbsp;&nbsp;folkebladet.no<\/li>\n<\/ol>\n","protected":false},"excerpt":{"rendered":"Melding om brann i gjenvinningsstasjon&nbsp;&nbsp;adressa.no Fikk telefon midt p\u00e5 natta: &#8211; Jeg m\u00e5tte bare m\u00f8te opp&nbsp;&nbsp;adressa.no Brann p\u00e5&hellip;\n","protected":false},"author":2,"featured_media":108982,"comment_status":"","ping_status":"","sticky":false,"template":"","format":"standard","meta":{"footnotes":""},"categories":[10],"tags":[847,20,21,24,25,15,22,23,10660,13,30,28,29,14,16,1049,26,27,4376],"class_list":{"0":"post-108981","1":"post","2":"type-post","3":"status-publish","4":"format-standard","5":"has-post-thumbnail","7":"category-norge","8":"tag-brannvesenet","9":"tag-breaking-news","10":"tag-breakingnews","11":"tag-featured-news","12":"tag-featurednews","13":"tag-headlines","14":"tag-latest-news","15":"tag-latestnews","16":"tag-midt-norge-110-sentral","17":"tag-news","18":"tag-no","19":"tag-norge","20":"tag-norway","21":"tag-nyheter","22":"tag-overskrifter","23":"tag-soppel","24":"tag-top-stories","25":"tag-topstories","26":"tag-trondelag-politidistrikt"},"share_on_mastodon":{"url":"https:\/\/pubeurope.com\/@no\/115692857022136185","error":""},"_links":{"self":[{"href":"https:\/\/www.europesays.com\/no\/wp-json\/wp\/v2\/posts\/108981","targetHints":{"allow":["GET"]}}],"collection":[{"href":"https:\/\/www.europesays.com\/no\/wp-json\/wp\/v2\/posts"}],"about":[{"href":"https:\/\/www.europesays.com\/no\/wp-json\/wp\/v2\/types\/post"}],"author":[{"embeddable":true,"href":"https:\/\/www.europesays.com\/no\/wp-json\/wp\/v2\/users\/2"}],"replies":[{"embeddable":true,"href":"https:\/\/www.europesays.com\/no\/wp-json\/wp\/v2\/comments?post=108981"}],"version-history":[{"count":0,"href":"https:\/\/www.europesays.com\/no\/wp-json\/wp\/v2\/posts\/108981\/revisions"}],"wp:featuredmedia":[{"embeddable":true,"href":"https:\/\/www.europesays.com\/no\/wp-json\/wp\/v2\/media\/108982"}],"wp:attachment":[{"href":"https:\/\/www.europesays.com\/no\/wp-json\/wp\/v2\/media?parent=108981"}],"wp:term":[{"taxonomy":"category","embeddable":true,"href":"https:\/\/www.europesays.com\/no\/wp-json\/wp\/v2\/categories?post=108981"},{"taxonomy":"post_tag","embeddable":true,"href":"https:\/\/www.europesays.com\/no\/wp-json\/wp\/v2\/tags?post=108981"}],"curies":[{"name":"wp","href":"https:\/\/api.w.org\/{rel}","templated":true}]}}