{"id":109001,"date":"2025-12-10T04:14:09","date_gmt":"2025-12-10T04:14:09","guid":{"rendered":"https:\/\/www.europesays.com\/no\/109001\/"},"modified":"2025-12-10T04:14:09","modified_gmt":"2025-12-10T04:14:09","slug":"militaerlege-tiltalt-for-a-filme-pasienter-i-det-skjulte","status":"publish","type":"post","link":"https:\/\/www.europesays.com\/no\/109001\/","title":{"rendered":"Milit\u00e6rlege tiltalt for \u00e5 filme pasienter i det skjulte"},"content":{"rendered":"\n<p class=\"_lead_o9xde_2 _lead_xtcu6_50 layout-component text-serif-m layout-normal text-serif-l layout-component layout-wide layout-padded _wide_17hqh_1 layout-padded\">44 kvinner skal v\u00e6re utsatt for den ulovlige filmingen, if\u00f8lge p\u00e5talemyndigheten.<\/p>\n<p><img alt=\"Milit\u00e6rlege Blaine McGraw st\u00e5r tiltalt for \u00e5 filme pasienter. Foto:  Bell County Sheriffkontor\" class=\"_image_qp4xg_65 layout-component layout-wide\" data-fullscreen- data-track-element-type=\"Article image fullscreen\" data-track-name=\"ImageFullscreen\" fetchpriority=\"high\" decoding=\"sync\" loading=\"eager\" height=\"507\" itemprop=\"image\"  src=\"https:\/\/www.europesays.com\/no\/wp-content\/uploads\/2025\/12\/43d217b7-d842-4631-a85a-aaf1179cf82d\"  style=\"object-position:0% 0%\" width=\"560\"\/>Milit\u00e6rlege Blaine McGraw st\u00e5r tiltalt for \u00e5 filme pasienter. Foto:  Bell County Sheriffkontor<\/p>\n<ul aria-hidden=\"true\" class=\"_images_ntbth_112\">\n<li><a class=\"_link_ntbth_117\" href=\"https:\/\/www.vg.no\/forfatter\/isak-loeve-pilskog-loe\" style=\"z-index:1\" title=\"Isak L\u00f8ve Pilskog Loe\" rel=\"nofollow noopener\" target=\"_blank\"><img alt=\"Bilde av Isak L\u00f8ve Pilskog Loe\" class=\"_image_ntbth_93\" fetchpriority=\"low\" loading=\"lazy\" decoding=\"async\" itemprop=\"image\"  src=\"https:\/\/www.europesays.com\/no\/wp-content\/uploads\/2025\/12\/1765340049_599_8b0354e3-bf53-460c-9c1c-790321a0c923\"  width=\"480\"\/><\/a><\/li>\n<\/ul>\n<p> Oppdatert onsdag 10. desember kl. 04:21     <\/p>\n<p class=\"_paragraph_o9xde_4 _paragraph_xtcu6_10 layout-component text-serif-m layout-normal text-serif-m layout-padded\">En amerikansk milit\u00e6rlege er tiltalt for \u00e5 ha filmet kvinnelige pasienter i det skjulte under gynekologiske unders\u00f8kelser.<\/p>\n<p class=\"_paragraph_o9xde_4 _paragraph_xtcu6_10 layout-component text-serif-m layout-normal text-serif-m layout-padded\">Dr. Blaine McGraw, som tjenestegjorde ved Fort Hood-basen i Texas, er siktet for ulovlig filming, us\u00f8mmelig opptreden som offiser og flere andre lovbrudd, melder <a href=\"https:\/\/www.nbcnews.com\/news\/us-news\/army-gynecologist-criminally-charged-allegations-secretly-filmed-patie-rcna247354\" class=\"_link_o9xde_39\" rel=\"nofollow noopener\" target=\"_blank\">NBC News<\/a>. <\/p>\n<p class=\"_paragraph_o9xde_4 _paragraph_xtcu6_10 layout-component text-serif-m layout-normal text-serif-m layout-padded\">If\u00f8lge tiltalen skal 44 kvinner v\u00e6re rammet. De fleste opptakene skal ha blitt gjort under unders\u00f8kelser ved Carl R. Darnall Army Medical Center mellom januar og desember i \u00e5r. \u00c9n kvinne ble filmet i et privat hjem n\u00e6r basen og var ikke pasient hos McGraw, skriver nyhetskanalen.<\/p>\n<p class=\"_paragraph_o9xde_4 _paragraph_xtcu6_10 layout-component text-serif-m layout-normal text-serif-m layout-padded\">Legen har sittet i varetekt siden forrige uke etter \u00e5 ha brutt tjenestebetingelser satt av sine overordnede, if\u00f8lge NBC News.<\/p>\n<p class=\"_paragraph_o9xde_4 _paragraph_xtcu6_10 layout-component text-serif-m layout-normal text-serif-m layout-padded\">Etterforskningen startet i oktober, da en pasient varslet Fort Hood-ledelsen. H\u00e6ren har s\u00e5 langt identifisert minst 30 kvinner som skal ha blitt fotografert eller filmet.<\/p>\n<p class=\"_paragraph_o9xde_4 _paragraph_xtcu6_10 layout-component text-serif-m layout-normal text-serif-m layout-padded\">McGraws forsvarer, Daniel Conway, sier legen samarbeider med etterforskerne.<\/p>\n<p class=\"_paragraph_o9xde_4 _paragraph_xtcu6_10 layout-component text-serif-m layout-normal text-serif-m layout-padded\">\u2013 Vi fortsetter \u00e5 samarbeide, samtidig som vi fastholder at ingen ber\u00f8ring uten medisinsk grunn fant sted, sier han til NBC News.<\/p>\n<p class=\"_paragraph_o9xde_4 _paragraph_xtcu6_10 layout-component text-serif-m layout-normal text-serif-m layout-padded\">F\u00f8r McGraw kom til Fort Hood, jobbet han ved et milit\u00e6rt medisinsk senter p\u00e5 Hawaii fra 2019 til 2023.<\/p>\n","protected":false},"excerpt":{"rendered":"44 kvinner skal v\u00e6re utsatt for den ulovlige filmingen, if\u00f8lge p\u00e5talemyndigheten. Milit\u00e6rlege Blaine McGraw st\u00e5r tiltalt for \u00e5&hellip;\n","protected":false},"author":2,"featured_media":109002,"comment_status":"","ping_status":"","sticky":false,"template":"","format":"standard","meta":{"footnotes":""},"categories":[12],"tags":[20,21,24,25,15,22,23,13,30,28,29,14,16,26,27,50,42,43,44,45],"class_list":{"0":"post-109001","1":"post","2":"type-post","3":"status-publish","4":"format-standard","5":"has-post-thumbnail","7":"category-verden","8":"tag-breaking-news","9":"tag-breakingnews","10":"tag-featured-news","11":"tag-featurednews","12":"tag-headlines","13":"tag-latest-news","14":"tag-latestnews","15":"tag-news","16":"tag-no","17":"tag-norge","18":"tag-norway","19":"tag-nyheter","20":"tag-overskrifter","21":"tag-top-stories","22":"tag-topstories","23":"tag-usa","24":"tag-verden","25":"tag-world","26":"tag-world-news","27":"tag-worldnews"},"share_on_mastodon":{"url":"https:\/\/pubeurope.com\/@no\/115693333149310745","error":""},"_links":{"self":[{"href":"https:\/\/www.europesays.com\/no\/wp-json\/wp\/v2\/posts\/109001","targetHints":{"allow":["GET"]}}],"collection":[{"href":"https:\/\/www.europesays.com\/no\/wp-json\/wp\/v2\/posts"}],"about":[{"href":"https:\/\/www.europesays.com\/no\/wp-json\/wp\/v2\/types\/post"}],"author":[{"embeddable":true,"href":"https:\/\/www.europesays.com\/no\/wp-json\/wp\/v2\/users\/2"}],"replies":[{"embeddable":true,"href":"https:\/\/www.europesays.com\/no\/wp-json\/wp\/v2\/comments?post=109001"}],"version-history":[{"count":0,"href":"https:\/\/www.europesays.com\/no\/wp-json\/wp\/v2\/posts\/109001\/revisions"}],"wp:featuredmedia":[{"embeddable":true,"href":"https:\/\/www.europesays.com\/no\/wp-json\/wp\/v2\/media\/109002"}],"wp:attachment":[{"href":"https:\/\/www.europesays.com\/no\/wp-json\/wp\/v2\/media?parent=109001"}],"wp:term":[{"taxonomy":"category","embeddable":true,"href":"https:\/\/www.europesays.com\/no\/wp-json\/wp\/v2\/categories?post=109001"},{"taxonomy":"post_tag","embeddable":true,"href":"https:\/\/www.europesays.com\/no\/wp-json\/wp\/v2\/tags?post=109001"}],"curies":[{"name":"wp","href":"https:\/\/api.w.org\/{rel}","templated":true}]}}