{"id":109018,"date":"2025-12-10T05:42:17","date_gmt":"2025-12-10T05:42:17","guid":{"rendered":"https:\/\/www.europesays.com\/no\/109018\/"},"modified":"2025-12-10T05:42:17","modified_gmt":"2025-12-10T05:42:17","slug":"erling-braut-haaland-om-kjaeresten","status":"publish","type":"post","link":"https:\/\/www.europesays.com\/no\/109018\/","title":{"rendered":"Erling Braut Haaland om kj\u00e6resten:"},"content":{"rendered":"<p>Gary Lineker \u00e5pner podkastepisoden med et glimt i \u00f8yet:<\/p>\n<p>\u2013 Vi har scoret over 1000 m\u00e5l totalt til sammen, men slik som du holder p\u00e5 n\u00e5r vi vel 1500, sier han f\u00f8r gjengen bryter ut i latter.<\/p>\n<p>I den splitter nye episoden av\u00a0<a href=\"https:\/\/linktr.ee\/therestisfootball\" rel=\"nofollow noopener\" target=\"_blank\">The Rest Is Football<\/a>\u00a0tar Erling Braut Haaland plass sammen med Lineker og Alan Shearer.\u00a0<\/p>\n<p>Trioen byr p\u00e5 en samtale som spenner fra hverdagsliv og humor til rekordpress, fotballfilosofi og VM.<\/p>\n<p>Underveis r\u00f8per han ogs\u00e5 en liten scene fra helgen hjemme i sofaen med kj\u00e6resten Isabel Haugseng Johansen.<\/p>\n<p>Mer om den lenger nede i saken.<\/p>\n<p>        <img class=\"image__img lazyload\" itemprop=\"image\" title=\"Foto: Skjermbilde \/ X - @RestIsFootball\" alt=\"EKSKLUSIVT: Erling Braut Haaland snakker om l\u00f8st og fast sammen med Alan Shearer og Gary Lineker. Foto: Skjermbilde \/ X - @RestIsFootball\" width=\"675\" height=\"351\" bad-src=\"https:\/\/www.europesays.com\/no\/wp-content\/uploads\/2025\/12\/18369154.webp\" fetchpriority=\"auto\" \/><\/p>\n<p>      EKSKLUSIVT: Erling Braut Haaland snakker om l\u00f8st og fast sammen med Alan Shearer og Gary Lineker.<br \/>\n         Foto: Skjermbilde \/ X &#8211; @RestIsFootball<\/p>\n<p>\u2013 Hadde v\u00e6rt skikkelig respektl\u00f8st<\/p>\n<p>Rundt bordet sitter tre notoriske m\u00e5lscorere, og samtalen dreier raskt inn p\u00e5 ulike spissfrustrasjoner.\u00a0<\/p>\n<p>Da \u00e5pner Shearer for et tema alle tre kjenner godt:<\/p>\n<p data-lab-italic=\"italic\" class=\"italic m-italic\">\u2013 N\u00e5r Pep tar deg av n\u00e5r du har scoret to m\u00e5l. Hvor j\u00e6vlig irriterende er ikke det? Fortell sannheten om hva du f\u00f8ler, sp\u00f8r han.<\/p>\n<p>Haaland svarer at det ofte handler om dagsform, men legger ikke skjul p\u00e5 at lysten p\u00e5 flere scoringer er sterkt til stede.<\/p>\n<p>\u2013 Jeg skal v\u00e6re \u00e6rlig. Da jeg hadde scoret fem m\u00e5l mot Leipzig ville jeg selvsagt ha den sjette ogs\u00e5, sier nordmannen med et bredt smil.<\/p>\n<p>        <img class=\"image__img lazyload\" itemprop=\"image\" title=\"Foto: Dave Thompson \/ AP \/ NTB\" alt=\"KJ\u00c6RLIG: Erling Braut Haaland f\u00e5r en god klem av sin l\u00e6remester Pep Guardiola. J\u00e6rbuen roser spanjolen opp i skyene i intervjuet. Foto: Dave Thompson \/ AP \/ NTB\" width=\"675\" height=\"412\" bad-src=\"https:\/\/www.europesays.com\/no\/wp-content\/uploads\/2025\/12\/18369271.webp\" fetchpriority=\"auto\" \/><\/p>\n<p>      KJ\u00c6RLIG: Erling Braut Haaland f\u00e5r en god klem av sin l\u00e6remester Pep Guardiola. J\u00e6rbuen roser spanjolen opp i skyene i intervjuet.<br \/>\n         Foto: Dave Thompson \/ AP \/ NTB<\/p>\n<p>Deretter blir tonen mer alvorlig.\u00a0<\/p>\n<p>J\u00e6rbuen forklarer at irritasjon i slike situasjoner kan sl\u00e5 uheldig ut for lagkameraten som kommer inn.<\/p>\n<p>\u2013 Det hadde v\u00e6rt skikkelig respektl\u00f8st mot den som byttes inn om jeg var forbanna. Det er det siste jeg vil v\u00e6re, forklarer mannen som ogs\u00e5 denne sesongen har b\u00f8ttet inn m\u00e5l b\u00e5de i City og p\u00e5 landslaget.<\/p>\n<p>Klar beskjed fra kj\u00e6resten<\/p>\n<p>Etter praten om scoringer og innbytter frustrasjon glir samtalen over i livet utenfor banen.\u00a0<\/p>\n<p>Shearer er nysgjerrig p\u00e5 hva Haaland gj\u00f8r n\u00e5r han faktisk har fri.<\/p>\n<p data-lab-italic=\"italic\" class=\"italic m-italic\">\u2013 N\u00e5r du ikke spiller selv, sitter du og ser p\u00e5 fotball og studerer det? sp\u00f8r han.<\/p>\n<p>        <img class=\"image__img lazyload\" itemprop=\"image\" title=\"Foto: Danny Lawson \/ Pa Photos \/ NTB\" alt=\"LEGENDE: Alan Shearer er tidenes mestscorende i Premier League. N\u00e5 kan den rekorden st\u00e5 for fall. Foto: Danny Lawson \/ Pa Photos \/ NTB\" width=\"675\" height=\"379\" bad-src=\"https:\/\/www.europesays.com\/no\/wp-content\/uploads\/2025\/12\/18016958.webp\" fetchpriority=\"auto\" \/><\/p>\n<p>      LEGENDE: Alan Shearer er tidenes mestscorende i Premier League. N\u00e5 kan den rekorden st\u00e5 for fall.<br \/>\n         Foto: Danny Lawson \/ Pa Photos \/ NTB<\/p>\n<p>Haaland ler f\u00f8r han forteller om en fersk kveld hjemme i sofaen.\u00a0<\/p>\n<p>Bare dager etter Fulham-kampen sjekket han \u2013 som vanlig \u2013 om det gikk noen kamper han kunne f\u00e5 med seg.<\/p>\n<p>\u2013 Jeg er jo fotballfan. I g\u00e5r spiste jeg middag, og da sjekket jeg om det var noen kamper som ble spilt. Det var United mot West Ham da, s\u00e5 jeg tenkte at den kan jeg sette p\u00e5, sier han.<\/p>\n<p>Den ideen falt ikke helt i smak hos kj\u00e6resten Isabel Haugseng Johansen.<\/p>\n<p class=\"bold m-bold\" data-lab-font_weight=\"bold\">\u2013 Hun sa at hun er s\u00e5 lei av fotball. Vi ser p\u00e5 det hele tiden. Da sa jeg \u00abJa, men det er derfor vi sitter her\u00bb.<\/p>\n<p>Guardiola-siden overrasket<\/p>\n<p>Fra hverdagsliv g\u00e5r praten naturlig videre til mannen som kanskje p\u00e5virker Haaland mest i hverdagen: Pep Guardiola.\u00a0<\/p>\n<p>J\u00e6rbuen forteller at spanjolen var en viktig faktor da han valgte City, men at han samtidig hadde et r\u00e5d fra faren Alfie i bakhodet.<\/p>\n<p>\u2013 Jeg husker pappa sa, da jeg var rundt ti \u00e5r gammel, at jeg aldri burde dra til en klubb p\u00e5 grunn av treneren, mimrer han.<\/p>\n<p>Han peker p\u00e5 at ting kan snu ekstremt raskt i moderne fotball, og at en trener sjelden er en garanti for stabilitet.<\/p>\n<p>Samtidig legger han ikke skjul p\u00e5 hva han mener om Guardiola i dag.<\/p>\n<p>        <img class=\"image__img lazyload\" itemprop=\"image\" title=\"Foto: Joel Marklund \/ BILDBYR\u00c5N\" alt=\"GUARDIOLA: Overrasket Haaland. Foto: Joel Marklund \/ BILDBYR\u00c5N\" width=\"675\" height=\"412\" bad-src=\"https:\/\/www.europesays.com\/no\/wp-content\/uploads\/2025\/12\/18369290.webp\" fetchpriority=\"auto\" \/><\/p>\n<p>      GUARDIOLA: Overrasket Haaland.<br \/>\n         Foto: Joel Marklund \/ BILDBYR\u00c5N<\/p>\n<p>Haaland beskriver ham som \u00abintens\u00bb og \u00abet fotballgeni\u00bb, men trekker s\u00e6rlig frem \u00e9n ting som overrasket ham etter overgangen.<\/p>\n<p>\u2013 Folk snakker om geniet hele tiden. For meg var det arbeidsmoralen som overrasket meg mest. Han er den mest hardtarbeidende i klubben. Den f\u00f8rste som kommer og siste som forlater treningsanlegget, sier Haaland.<\/p>\n<p>Han forklarer at Guardiolas standard preger hele klubben.<\/p>\n<p>\u2013 Jeg tror det er nettopp det som har tatt ham s\u00e5 langt. Det harde arbeidet hans, kombinert med dedikasjonen, er utrolig motiverende. Det er en intens m\u00e5te \u00e5 jobbe med fotball p\u00e5, men for meg er det viktigste nettopp det daglige, m\u00e5lrettede arbeidet, forteller han. <\/p>\n<p>VM-frykt<\/p>\n<p>Etter hvert retter samtalen seg inn mot et tema Haaland selv bringer opp flere ganger: Norges VM-dr\u00f8m som ble virkelig 16. november mot Italia.\u00a0<\/p>\n<p>Bare \u00e5 snakke om mesterskapet f\u00e5r City-stjernen til \u00e5 smile bredt.<\/p>\n<p>Lineker og Shearer mener Norge kan bli farlige i VM med Haaland i spissen, men stiller et sp\u00f8rsm\u00e5l mange har lurt p\u00e5:<\/p>\n<p>        <img class=\"image__img lazyload\" itemprop=\"image\" title=\"Foto: Ben Whitley \/ Pa Photos \/ NTB\" alt=\"GARY LINEKER: Er full av beundring for den norske m\u00e5lmaskinen. Foto: Ben Whitley \/ Pa Photos \/ NTB\" width=\"675\" height=\"399\" bad-src=\"https:\/\/www.europesays.com\/no\/wp-content\/uploads\/2025\/12\/18369288.webp\" fetchpriority=\"auto\" \/><\/p>\n<p>      GARY LINEKER: Er full av beundring for den norske m\u00e5lmaskinen.<br \/>\n         Foto: Ben Whitley \/ Pa Photos \/ NTB<\/p>\n<p>\u2013 Var du noen gang redd for at du aldri skulle f\u00e5 denne muligheten?<\/p>\n<p class=\"bold m-bold\" data-lab-font_weight=\"bold\">\u2013 Ja. Det er vanskelig \u00e5 kvalifisere seg. N\u00e5r \u00e5rene g\u00e5r uten mesterskap tenker man \u00abHva er det som ikke funker?\u00bb, sier han.<\/p>\n<p>        <img class=\"image__img lazyload\" itemprop=\"image\" title=\"Foto: Lise \u00c5serud \/ NTB\" alt=\"B\u00c6REBJELKE: Erling Braut Haaland var helt avgj\u00f8rende med sine m\u00e5l for at Norge tok seg til VM. Foto: Lise \u00c5serud \/ NTB\" width=\"978\" height=\"551\" bad-src=\"https:\/\/www.europesays.com\/no\/wp-content\/uploads\/2025\/12\/18356775.webp\" fetchpriority=\"auto\" \/><\/p>\n<p>      B\u00c6REBJELKE: Erling Braut Haaland var helt avgj\u00f8rende med sine m\u00e5l for at Norge tok seg til VM.<br \/>\n         Foto: Lise \u00c5serud \/ NTB<\/p>\n<p>Sist gang Norge var i mesterskap, var Alfie en del av troppen og Erling ikke f\u00f8dt.\u00a0<\/p>\n<p>For Haaland har frav\u00e6ret v\u00e6rt merkbart gjennom hele oppveksten.<\/p>\n<p>\u2013 Jeg har levd hele livet uten at Norge har v\u00e6rt i mesterskap. Det er ogs\u00e5 en motivasjon. F\u00f8r VM-kvalifiseringen s\u00e5 jeg at vi trakk Italia og tenkte at det kan bli vanskelig. Mot Moldova var m\u00e5lforskjellen et viktig fokus, og da jeg s\u00e5 sulten i medspillernes \u00f8yne forstod jeg at \u00abN\u00e5 er vi der vi skal v\u00e6re\u00bb.<\/p>\n<p>Haaland avslutter med \u00e5 understreke hvor stort det er \u00e5 kvalifisere seg \u2013 og hvor mye ansvar som f\u00f8lger med.<\/p>\n<p>\u2013 Det er stort, men det er ogs\u00e5 mye ansvar. Jeg har f\u00f8lt p\u00e5 presset lenge, innr\u00f8mmer han.<\/p>\n<p class=\"bold m-bold\" data-lab-font_weight=\"bold\">Se eller lytt p\u00e5 <a href=\"https:\/\/linktr.ee\/therestisfootball\" rel=\"nofollow noopener\" target=\"_blank\">The Rest Is Football<\/a> der du<br \/>\nfinner dine podkaster.<\/p>\n","protected":false},"excerpt":{"rendered":"Gary Lineker \u00e5pner podkastepisoden med et glimt i \u00f8yet: \u2013 Vi har scoret over 1000 m\u00e5l totalt til&hellip;\n","protected":false},"author":2,"featured_media":109019,"comment_status":"","ping_status":"","sticky":false,"template":"","format":"standard","meta":{"footnotes":""},"categories":[59],"tags":[30,28,29,83,82],"class_list":{"0":"post-109018","1":"post","2":"type-post","3":"status-publish","4":"format-standard","5":"has-post-thumbnail","7":"category-sport","8":"tag-no","9":"tag-norge","10":"tag-norway","11":"tag-sport","12":"tag-sports"},"share_on_mastodon":{"url":"https:\/\/pubeurope.com\/@no\/115693678928732355","error":""},"_links":{"self":[{"href":"https:\/\/www.europesays.com\/no\/wp-json\/wp\/v2\/posts\/109018","targetHints":{"allow":["GET"]}}],"collection":[{"href":"https:\/\/www.europesays.com\/no\/wp-json\/wp\/v2\/posts"}],"about":[{"href":"https:\/\/www.europesays.com\/no\/wp-json\/wp\/v2\/types\/post"}],"author":[{"embeddable":true,"href":"https:\/\/www.europesays.com\/no\/wp-json\/wp\/v2\/users\/2"}],"replies":[{"embeddable":true,"href":"https:\/\/www.europesays.com\/no\/wp-json\/wp\/v2\/comments?post=109018"}],"version-history":[{"count":0,"href":"https:\/\/www.europesays.com\/no\/wp-json\/wp\/v2\/posts\/109018\/revisions"}],"wp:featuredmedia":[{"embeddable":true,"href":"https:\/\/www.europesays.com\/no\/wp-json\/wp\/v2\/media\/109019"}],"wp:attachment":[{"href":"https:\/\/www.europesays.com\/no\/wp-json\/wp\/v2\/media?parent=109018"}],"wp:term":[{"taxonomy":"category","embeddable":true,"href":"https:\/\/www.europesays.com\/no\/wp-json\/wp\/v2\/categories?post=109018"},{"taxonomy":"post_tag","embeddable":true,"href":"https:\/\/www.europesays.com\/no\/wp-json\/wp\/v2\/tags?post=109018"}],"curies":[{"name":"wp","href":"https:\/\/api.w.org\/{rel}","templated":true}]}}