{"id":109026,"date":"2025-12-10T05:58:33","date_gmt":"2025-12-10T05:58:33","guid":{"rendered":"https:\/\/www.europesays.com\/no\/109026\/"},"modified":"2025-12-10T05:58:33","modified_gmt":"2025-12-10T05:58:33","slug":"tilbake-i-start-en-viktig-signering-fvn-no","status":"publish","type":"post","link":"https:\/\/www.europesays.com\/no\/109026\/","title":{"rendered":"(+) Tilbake i Start: \u2013 En viktig signering &#8211; fvn.no"},"content":{"rendered":"<ol>\n<li><a href=\"https:\/\/news.google.com\/rss\/articles\/CBMigAFBVV95cUxNUjhWMmNsN0dYbFRRbGhIVDNPMmF5MUwxWUo5OGVUR3JkX3k5STNMTzVqN3hHcGp2OXNqVDBKRjEzd19fNXI1Y1FnNVRkclZ4dllVS0gzRzdyNFB4VVJoV1JOM05sZnhLa3Uxdm80SEZyUzlCaVRRVXpld1J1WE03eQ?oc=5\" target=\"_blank\" rel=\"nofollow noopener\">(+) Tilbake i Start: \u2013 En viktig signering<\/a>&nbsp;&nbsp;fvn.no<\/li>\n<li><a href=\"https:\/\/news.google.com\/rss\/articles\/CBMie0FVX3lxTE5hSHpQN0pkanAxbUZNX0kyVENrTzAzQ3JFbllpZzhEcEJ3MXdHa1FFZzVpVHluWFdpdk9YaEpTWUZMZXYtdE1BdW40VnFrdGVaRENLeldGM0xXSmJ5b19WemtDLWtSS1NVZEhaWjl2U2s4ZjkwbVJCLU5mZw?oc=5\" target=\"_blank\" rel=\"nofollow noopener\">Nyheter, Fetsund | Dette fikk kontroll\u00f8rene til \u00e5 se r\u00f8dt<\/a>&nbsp;&nbsp;Romerikes Blad<\/li>\n<li><a href=\"https:\/\/news.google.com\/rss\/articles\/CBMif0FVX3lxTE5ILU9Ub2VIS2JRWGRqVmlQZ0ZJeHd0VTZRRnJtQkFlRjJsOFlqazJhWFlhclNrWXZjS2t0Q01LUjd1WUFodjFGTUc2SlRPTndvVHN1VlZpYm9odUZhUkJ2N1pLa09QRVhmMnRhOWlxcER1TzZMbHhBTHJTRDRZUnM?oc=5\" target=\"_blank\" rel=\"nofollow noopener\">T\u00f8nnessen blir Start-spiller igjen<\/a>&nbsp;&nbsp;NRK<\/li>\n<li><a href=\"https:\/\/news.google.com\/rss\/articles\/CBMimAFBVV95cUxQVEdGNkZQbS1iV29SOXk4ak82NGNxdFBnUDI5YXhwUS1Ja1VJNk93ZVp6OG5PYzF5alFDb0dxX3NiWTNXd0VZWjh4RHVGaDBoTlZVOGhfU2NkVkxHaE9OV2kwcS1uVU5lYUhjLUJNeHpGNDFSNllnR0hXVnZ2cXVId1JJVnh2aVAtNHVvRkVHOHl2QVFqNlY1TQ?oc=5\" target=\"_blank\" rel=\"nofollow noopener\">Kristoffer T\u00f8nnessen takker for seg i LSK: &#8211; En helt fantastisk reise \/ Lillestr\u00f8m<\/a>&nbsp;&nbsp;lsk.no<\/li>\n<li><a href=\"https:\/\/news.google.com\/rss\/articles\/CBMipwFBVV95cUxPc0l5T01LSFBKemRCUzhBbGtRNW5RZmwwemFzT2hrMnpLM0NUUmhCSVlQVE5nWElueGJEeUh1enFod1N2VExjbmlKOXhoWC0zUWNQM2VfYzhDUUhKYV95MGRxbDRic251ekVEdVZvLXR4WDF5Q0ZTRFBGS0ZrUkV3Y0lsMHZkVS1LZ0VrU2dXU3p4RTBMMUxNVmhNakhkeGZlTk9lcTJJMA?oc=5\" target=\"_blank\" rel=\"nofollow noopener\">Lokal spiller vender tilbake<\/a>&nbsp;&nbsp;TV2.no<\/li>\n<\/ol>\n","protected":false},"excerpt":{"rendered":"(+) Tilbake i Start: \u2013 En viktig signering&nbsp;&nbsp;fvn.no Nyheter, Fetsund | Dette fikk kontroll\u00f8rene til \u00e5 se r\u00f8dt&nbsp;&nbsp;Romerikes&hellip;\n","protected":false},"author":2,"featured_media":109027,"comment_status":"","ping_status":"","sticky":false,"template":"","format":"standard","meta":{"footnotes":""},"categories":[59],"tags":[30,28,29,83,82],"class_list":{"0":"post-109026","1":"post","2":"type-post","3":"status-publish","4":"format-standard","5":"has-post-thumbnail","7":"category-sport","8":"tag-no","9":"tag-norge","10":"tag-norway","11":"tag-sport","12":"tag-sports"},"share_on_mastodon":{"url":"https:\/\/pubeurope.com\/@no\/115693741858824691","error":""},"_links":{"self":[{"href":"https:\/\/www.europesays.com\/no\/wp-json\/wp\/v2\/posts\/109026","targetHints":{"allow":["GET"]}}],"collection":[{"href":"https:\/\/www.europesays.com\/no\/wp-json\/wp\/v2\/posts"}],"about":[{"href":"https:\/\/www.europesays.com\/no\/wp-json\/wp\/v2\/types\/post"}],"author":[{"embeddable":true,"href":"https:\/\/www.europesays.com\/no\/wp-json\/wp\/v2\/users\/2"}],"replies":[{"embeddable":true,"href":"https:\/\/www.europesays.com\/no\/wp-json\/wp\/v2\/comments?post=109026"}],"version-history":[{"count":0,"href":"https:\/\/www.europesays.com\/no\/wp-json\/wp\/v2\/posts\/109026\/revisions"}],"wp:featuredmedia":[{"embeddable":true,"href":"https:\/\/www.europesays.com\/no\/wp-json\/wp\/v2\/media\/109027"}],"wp:attachment":[{"href":"https:\/\/www.europesays.com\/no\/wp-json\/wp\/v2\/media?parent=109026"}],"wp:term":[{"taxonomy":"category","embeddable":true,"href":"https:\/\/www.europesays.com\/no\/wp-json\/wp\/v2\/categories?post=109026"},{"taxonomy":"post_tag","embeddable":true,"href":"https:\/\/www.europesays.com\/no\/wp-json\/wp\/v2\/tags?post=109026"}],"curies":[{"name":"wp","href":"https:\/\/api.w.org\/{rel}","templated":true}]}}