{"id":109032,"date":"2025-12-10T06:14:13","date_gmt":"2025-12-10T06:14:13","guid":{"rendered":"https:\/\/www.europesays.com\/no\/109032\/"},"modified":"2025-12-10T06:14:13","modified_gmt":"2025-12-10T06:14:13","slug":"rettssaken-mot-hoiby-koster-millioner","status":"publish","type":"post","link":"https:\/\/www.europesays.com\/no\/109032\/","title":{"rendered":"Rettssaken mot H\u00f8iby koster millioner"},"content":{"rendered":"\n<ul class=\"_list_o9xde_3 _list_64s2r_85 _unordered_o9xde_106 text-sans-m\">\n<li class=\"_item_o9xde_30\">Saken mot Marius Borg H\u00f8iby koster millioner. <\/li>\n<li class=\"_item_o9xde_30\">Tall fra Oslo tingrett viser at hans n\u00e5v\u00e6rende forsvarere har f\u00e5tt utbetalt over 1,4 milloner kroner. <\/li>\n<li class=\"_item_o9xde_30\">Bistandsadvokatene i saken har til sammen f\u00e5tt utbetalt i overkant av 1,3 millioner kroner, viser tall VG har f\u00e5tt innsyn i. <\/li>\n<\/ul>\n<p>Vis mer <\/p>\n<p class=\"_paragraph_o9xde_4 _paragraph_xtcu6_10 layout-component text-serif-m layout-normal text-serif-m layout-padded\">Da <a href=\"https:\/\/www.vg.no\/tag\/marius-borg-hoeiby?utm_source=vg-article&amp;utm_medium=auto-tagger&amp;utm_campaign=M7gRjm\" class=\"_link_o9xde_39\" rel=\"nofollow noopener\" target=\"_blank\">Marius Borg H\u00f8iby<\/a> ble p\u00e5grepet og siktet i august 2024, startet taksameteret i det som etter hvert ble straffesaken mot ham. <\/p>\n<p class=\"_paragraph_o9xde_4 _paragraph_xtcu6_10 layout-component text-serif-m layout-normal text-serif-m layout-padded\">VG har bedt Oslo tingrett om innsyninnsyntilgang til informasjon  i hva de offentlige oppnevnte forsvarerne og bistandsadvokatene har f\u00e5tt utbetaltutbetaltVG sine tall inkluderer merverdiavgift.  fram til i dag. <\/p>\n<p class=\"_paragraph_o9xde_4 _paragraph_xtcu6_10 layout-component text-serif-m layout-normal text-serif-m layout-padded\">VG har ogs\u00e5 kontaktet en rekke advokatkontor og spurt om hvor mange timer de har fakturert. <\/p>\n<p class=\"_paragraph_o9xde_4 _paragraph_xtcu6_10 layout-component text-serif-m layout-normal text-serif-m layout-padded\">Tallene viser at advokatene i saken allerede har f\u00e5tt utbetalt millioner, og inkluderer b\u00e5de arbeidet for forn\u00e6rmede som er med i tiltalen og henlagte forhold. <\/p>\n<p>Forsvarerne f\u00e5tt mest <\/p>\n<p class=\"_paragraph_o9xde_4 _paragraph_xtcu6_10 layout-component text-serif-m layout-normal text-serif-m layout-padded\">Forsvarer Ellen Holager Anden\u00e6s har if\u00f8lge Oslo tingrett f\u00e5tt utbetalt 905\u00a0706 kroner for sitt arbeid med straffesaken. <\/p>\n<p class=\"_paragraph_o9xde_4 _paragraph_xtcu6_10 layout-component text-serif-m layout-normal text-serif-m layout-padded\">Medforsvarer Petar Sekulic har f\u00e5tt utbetalt 516\u00a0138 kroner. <\/p>\n<p class=\"_paragraph_o9xde_4 _paragraph_xtcu6_10 layout-component text-serif-m layout-normal text-serif-m layout-padded\">De to forsvarerne \u00f8nsker ikke \u00e5 kommentere utbetalingen. <\/p>\n<p class=\"_paragraph_o9xde_4 _paragraph_xtcu6_10 layout-component text-serif-m layout-normal text-serif-m layout-padded\">Advokat \u00d8yvind Bratlien var H\u00f8ibys forsvarer fra 4. august i fjor da kronprinsessens s\u00f8nn ble <a href=\"https:\/\/www.vg.no\/nyheter\/i\/alJzQa\/marius-borg-hoeiby-siktet-for-vold\" data-track-element-type=\"Link\" data-track-id=\"link:alJzQa\" class=\"_link_o9xde_39\" rel=\"nofollow noopener\" target=\"_blank\">p\u00e5grepet<\/a> av politiet, til februar i \u00e5r. <\/p>\n<p class=\"_paragraph_o9xde_4 _paragraph_xtcu6_10 layout-component text-serif-m layout-normal text-serif-m layout-padded\">If\u00f8lge Oslo tingrett har Bratlien f\u00e5tt utbetalt 602\u00a0434 kroner for sitt arbeid med saken. VG har ikke lykkes i f\u00e5 kontakt med Bratlien. <\/p>\n<p><img decoding=\"async\" alt=\"Bilde av \u00d8yvind Bratlien\" class=\"_image_ygndg_42\" height=\"27\" itemprop=\"image\" loading=\"lazy\"  src=\"https:\/\/www.europesays.com\/no\/wp-content\/uploads\/2025\/12\/ce4794bf-2a7e-4728-a2b4-96be76ac6aea\"  width=\"40\"\/><strong class=\"_name_ygndg_51 title-serif-xs\">\u00d8yvind Bratlien<\/strong><\/p>\n<p class=\"_paragraph_o9xde_4 text-sans-m _description_ygndg_56\">Advokat<\/p>\n<p class=\"_paragraph_o9xde_4 _paragraph_xtcu6_10 layout-component text-serif-m layout-normal text-serif-m layout-padded\">Nestleder i Forsvarergruppen Petter Skogstad Grannes forteller at hovedregelen er at pengene  utbetales n\u00e5r saken er avsluttet. <\/p>\n<p class=\"_paragraph_o9xde_4 _paragraph_xtcu6_10 layout-component text-serif-m layout-normal text-serif-m layout-padded\">\u2013 Men det er \u00e5pning i sal\u00e6rforskriftensal\u00e6rforskriftenSal\u00e6r er honoraret for utf\u00f8rt arbeid for at forskudd kan utbetales hvis en sak er spesielt langvarig og tidkrevende. Her er det blant annet hensynet til at utgiftene til selskapet forsvareren driver eller er ansatt i (l\u00f8nn til ansatte, husleie osv.) fortsetter selv om saken ikke er avgjort, skriver Grannes i en e-post til VG. <\/p>\n<p>Dommeren bestemmer<\/p>\n<p class=\"_paragraph_o9xde_4 _paragraph_xtcu6_10 layout-component text-serif-m layout-normal text-serif-m layout-padded\">Han forklarer at dersom utbetalingene skjer p\u00e5 forskudd, skal det totale arbeidet og kostnadene  vurderes n\u00e5r saken er ferdig. <\/p>\n<p class=\"_paragraph_o9xde_4 _paragraph_xtcu6_10 layout-component text-serif-m layout-normal text-serif-m layout-padded\">Grannes uttaler seg p\u00e5 generelt grunnlag og ikke spesifikt om saken mot H\u00f8iby.  <\/p>\n<p class=\"_paragraph_o9xde_4 _paragraph_xtcu6_10 layout-component text-serif-m layout-normal text-serif-m layout-padded\">\u2013 Finner dommeren at det er utbetalt for mye i forskudd kan det kreves tilbakebetalt, fortsetter nestlederen i Forsvarergruppen <\/p>\n<p><img alt=\"TILTALT: Marius Borg H\u00f8iby (28)  Foto: Haakon Mosvold Larsen \/ NTB\" class=\"_image_qp4xg_65 layout-component layout-normal\" data-fullscreen- data-track-element-type=\"Article image fullscreen\" data-track-name=\"ImageFullscreen\" decoding=\"async\" loading=\"lazy\" height=\"1860\" itemprop=\"image\"  src=\"https:\/\/www.europesays.com\/no\/wp-content\/uploads\/2025\/12\/36d2c49e-5157-43e1-94d3-0b927a25820a\"  style=\"object-position:0% 0%\" width=\"2516\"\/>TILTALT: Marius Borg H\u00f8iby (28)  Foto: Haakon Mosvold Larsen \/ NTBOmfattende<\/p>\n<p class=\"_paragraph_o9xde_4 _paragraph_xtcu6_10 layout-component text-serif-m layout-normal text-serif-m layout-padded\">Etterforskningen mot Marius Borg H\u00f8iby har v\u00e6rt omfattende. Fra han ble p\u00e5grepet f\u00f8rste gang 4. august 2024 gikk det over ett \u00e5r f\u00f8r tiltale ble tatt ut den 18. august 2025.<\/p>\n<p class=\"_paragraph_o9xde_4 _paragraph_xtcu6_10 layout-component text-serif-m layout-normal text-serif-m layout-padded\">Forsvarerne til H\u00f8iby, Petar Sekulic og\u00a0<a href=\"https:\/\/www.vg.no\/tag\/ellen-holager-andenaes?utm_source=vg-article&amp;utm_medium=auto-tagger&amp;utm_campaign=6f7555f7-f314-44ae-98c6-cd6aedd350d0@preview\" class=\"_link_o9xde_39\" rel=\"nofollow noopener\" target=\"_blank\">Ellen Holager Anden\u00e6s<\/a>\u00a0har tidligere uttalt at deres klient tar tiltalen p\u00e5 st\u00f8rste alvor, men nekter straffskyld for de mest alvorlige punktene.<\/p>\n<p class=\"_paragraph_o9xde_4 _paragraph_xtcu6_10 layout-component text-serif-m layout-normal text-serif-m layout-padded\">Blant det han nekter straffskyld for er fire voldtekter, mishandling i n\u00e6re relasjoner og seksuelle krenkelser.<\/p>\n<p class=\"_paragraph_o9xde_4 _paragraph_xtcu6_10 layout-component text-serif-m layout-normal text-serif-m layout-padded\">Nestleder i Forsvarergruppen forteller at det i st\u00f8rre etterforskninger p\u00e5 generelt grunnlag vil v\u00e6re mange saksdokumenter. <\/p>\n<p class=\"_paragraph_o9xde_4 _paragraph_xtcu6_10 layout-component text-serif-m layout-normal text-serif-m layout-padded\">\u2013 Som n\u00f8dvendigvis m\u00e5 gjennom- og etterg\u00e5s for av forsvarerne for at de skal kunne yte et forsvarlig forsvar, skriver han i e-posten til VG. <\/p>\n<p class=\"_paragraph_o9xde_4 _paragraph_xtcu6_10 layout-component text-serif-m layout-normal text-serif-m layout-padded\">\u2013 Normalt vil man ogs\u00e5 m\u00e5tte unders\u00f8ke det som er av digitale enheter, videomateriale og annet som er innhentet under etterforskningen, fortsetter Grannes. <\/p>\n<p class=\"_paragraph_o9xde_4 _paragraph_xtcu6_10 layout-component text-serif-m layout-normal text-serif-m layout-padded\">Han forklarer at forsvarere ogs\u00e5 skal lete etter andre bevis som kan belyse saken p\u00e5 andre m\u00e5ter.<\/p>\n<p class=\"_paragraph_o9xde_4 _paragraph_xtcu6_10 layout-component text-serif-m layout-normal text-serif-m layout-padded\">\u2013 Gjerne alternative vitner eller annet som politiet ikke har sett eller som p\u00e5talemyndigheten ikke har innkalt, fortsetter han. <\/p>\n<p>Dette har bistandsadvokatene f\u00e5tt<\/p>\n<p class=\"_paragraph_o9xde_4 _paragraph_xtcu6_10 layout-component text-serif-m layout-normal text-serif-m layout-padded\">Bistandsadvokatene VG har oversikt over har til sammen f\u00e5tt utbetalt i overkant av 1,3 millioner kroner for saken. <\/p>\n<p class=\"_paragraph_o9xde_4 _paragraph_xtcu6_10 layout-component text-serif-m layout-normal text-serif-m layout-padded\">Av disse er det advokatene i Elden Advokatfirma som har f\u00e5tt utbetalt mest for arbeidet med sine tre klienter \u2013 som har blitt bist\u00e5tt av John Christian Elden og Heidi Reisvang.<\/p>\n<p class=\"_paragraph_o9xde_4 _paragraph_xtcu6_10 layout-component text-serif-m layout-normal text-serif-m layout-padded\">Firmaet har f\u00e5tt utbetalt 579\u00a0788 kroner s\u00e5 langt. De \u00f8nsker ikke \u00e5 kommentere denne saken.<\/p>\n<p class=\"_paragraph_o9xde_4 _paragraph_xtcu6_10 layout-component text-serif-m layout-normal text-serif-m layout-padded\">VG er kjent med at advokatfirmaet har f\u00e5tt utbetalt penger for arbeid med to av klientene.<\/p>\n<p class=\"_paragraph_o9xde_4 _paragraph_xtcu6_10 layout-component text-serif-m layout-normal text-serif-m layout-padded\">Regningene tingretten har utbetalt p\u00e5 den tredje forn\u00e6rmede kvinnen, har v\u00e6rt til en bistandsadvokat som representerte henne tidligere. <\/p>\n<p> <img decoding=\"async\" alt=\"Nora Viskjer\" class=\"_image_uv074_179\" src=\"https:\/\/www.europesays.com\/no\/wp-content\/uploads\/2025\/12\/1765347250_846_ea617ec8-607f-4948-824b-ac91a6d7fe70\" width=\"480\"\/>Preben S\u00f8rensen Olsen<\/p>\n<p class=\"text-sans-s\">Journalist<\/p>\n<p><img decoding=\"async\" alt=\"Preben S\u00f8rensen Olsen\" class=\"_image_uv074_179\" src=\"https:\/\/www.europesays.com\/no\/wp-content\/uploads\/2025\/12\/1765347250_505_64aa1fb4-b39a-43ab-9306-fd34402fdbb9\" width=\"480\"\/>Kontakt Preben S\u00f8rensen OlsenAnne Sofie Mengaaen \u00c5sgard<\/p>\n<p class=\"text-sans-s\">Journalist<\/p>\n<p><img decoding=\"async\" alt=\"Anne Sofie Mengaaen \u00c5sgard\" class=\"_image_uv074_179\" src=\"https:\/\/www.europesays.com\/no\/wp-content\/uploads\/2025\/12\/1765347251_235_f4862adf-5748-49cd-9b8a-e6d91de08b9f\" width=\"480\"\/>Kontakt Anne Sofie Mengaaen \u00c5sgard <\/p>\n<p class=\"_paragraph_o9xde_4 _paragraph_xtcu6_10 layout-component text-serif-m layout-normal text-serif-m layout-padded\">Det er ikke alle advokatene som har v\u00e6rt inne i saken som er med i VGs oversikt. <\/p>\n<p class=\"_paragraph_o9xde_4 _paragraph_xtcu6_10 layout-component text-serif-m layout-normal text-serif-m layout-padded\">Dette kan blant annet skyldes at de er oppnevnt av andre tingretter enn Oslo tingrett. <\/p>\n<p class=\"_paragraph_o9xde_4 _paragraph_xtcu6_10 layout-component text-serif-m layout-normal text-serif-m layout-padded\">I tillegg opplyser advokat Mette Yvonne Larsen til VG at hun nylig har sendt inn en regning til retten p\u00e5 140\u00a0000 kroner for arbeidet med sin klient.<\/p>\n<p><img alt=\"Mette Yvonne Larsen er bistandsadvokat for hun som i media kalles Frogner-kvinnen.   Foto: Lise \u00c5serud \/ NTB\" class=\"_image_qp4xg_65 layout-component layout-normal\" data-fullscreen- data-track-element-type=\"Article image fullscreen\" data-track-name=\"ImageFullscreen\" decoding=\"async\" loading=\"lazy\" height=\"2988\" itemprop=\"image\"  src=\"https:\/\/www.europesays.com\/no\/wp-content\/uploads\/2025\/12\/5025b8f4-8a8c-4394-85e4-13fbba5be5ad\"  style=\"object-position:0% 0%\" width=\"4009\"\/>Mette Yvonne Larsen er bistandsadvokat for hun som i media kalles Frogner-kvinnen.   Foto: Lise \u00c5serud \/ NTB<\/p>\n<p class=\"_paragraph_o9xde_4 _paragraph_xtcu6_10 layout-component text-serif-m layout-normal text-serif-m layout-padded\">\u2013 Jeg har jobbet veldig mye med saken, s\u00e6rlig i starten. Det er mange tusen dokumenter, og jeg har funnet det n\u00f8dvendig \u00e5 bist\u00e5 min klient i alle avh\u00f8r. Det er av grunner jeg ikke finner behov for \u00e5 g\u00e5 inn p\u00e5, sier hun til VG. <\/p>\n<p class=\"_paragraph_o9xde_4 _paragraph_xtcu6_10 layout-component text-serif-m layout-normal text-serif-m layout-padded\">Hun har bist\u00e5tt den forn\u00e6rmede Frogner-kvinnen i saken siden august i gjort. <\/p>\n<p class=\"_paragraph_o9xde_4 _paragraph_xtcu6_10 layout-component text-serif-m layout-normal text-serif-m layout-padded\">\u2013 De f\u00f8rste m\u00e5nedene var det enormt mange henvendelser fra pressen, minimum 20 per dag. Dette har jeg ikke fakturert tingretten utover noen f\u00e5 timer. I denne rollen som bistandsadvokat er jeg opptatt av \u00e5 holde timebruken nede, sier Larsen. <\/p>\n<p class=\"_paragraph_o9xde_4 _paragraph_xtcu6_10 layout-component text-serif-m layout-normal text-serif-m layout-padded\">Hege Salomon har f\u00e5tt utbetalt til sammen 25\u00a0956 kroner for sitt arbeid. Det fordeler seg p\u00e5 arbeidet med en klient i saken og for \u00e5 ha v\u00e6rt p\u00e5 et fengslingsm\u00f8te. <\/p>\n<p><img decoding=\"async\" alt=\"Bilde av Hege Salomon\" class=\"_image_ygndg_42\" height=\"27\" itemprop=\"image\" loading=\"lazy\"  src=\"https:\/\/www.europesays.com\/no\/wp-content\/uploads\/2025\/12\/c314c2cb-927e-4093-b8c1-025eff03a514\"  width=\"40\"\/><strong class=\"_name_ygndg_51 title-serif-xs\">Hege Salomon<\/strong><\/p>\n<p class=\"_paragraph_o9xde_4 text-sans-m _description_ygndg_56\">Bistandsadvokat<\/p>\n<p class=\"_paragraph_o9xde_4 _paragraph_xtcu6_10 layout-component text-serif-m layout-normal text-serif-m layout-padded\">Den siste klienten hun har i saken har hun ikke f\u00e5tt noen utbetalinger p\u00e5 enn\u00e5. Salomon \u00f8nsker ikke \u00e5 kommentere saken. <\/p>\n<p>Staten tar regningen <\/p>\n<p class=\"_paragraph_o9xde_4 _paragraph_xtcu6_10 layout-component text-serif-m layout-normal text-serif-m layout-padded\">Det er det offentlige som dekker utgiftene med straffesaken. Advokatene sender inn timelister til domstolen. <\/p>\n<p class=\"_paragraph_o9xde_4 _paragraph_xtcu6_10 layout-component text-serif-m layout-normal text-serif-m layout-padded\">\u2013 I norske straffesaker er det det offentlige som tar kostnaden med forsvarer for den som er tiltalt. Staten dikterer timeprisen til et niv\u00e5 vesentlig lavere enn normalniv\u00e5et for advokattjenester for \u00f8vrig og forbeholder seg retten til ogs\u00e5 \u00e5 diktere arbeidsomfanget, etter at arbeidet er utf\u00f8rt. forklarer Grannes. <\/p>\n<p class=\"_paragraph_o9xde_4 _paragraph_xtcu6_10 layout-component text-serif-m layout-normal text-serif-m layout-padded\">Man kan likevel bli d\u00f8mt til \u00e5 betale deler av sakskostnadenesakskostnadenede n\u00f8dvendige kostnadene til det offentlige i forbindelse med saken. Bel\u00f8pet blir i s\u00e5 fall tilpasset den tiltaltes \u00f8konomiske evne, slik at det skal kunne betales. <\/p>\n<p class=\"_paragraph_o9xde_4 _paragraph_xtcu6_10 layout-component text-serif-m layout-normal text-serif-m layout-padded\">\u2013 Tradisjonen i norske straffesaker er at dette bel\u00f8pet ikke baseres p\u00e5 en reell kalkyle av kostnadene, men settes oftest til et symbolsk bel\u00f8p, sier nestlederen for Forsvarergruppen. <\/p>\n<p><img alt=\"Marius advokater fakturerte over 800.000 kroner for saken der de fors\u00f8kte \u00e5 stoppe boken \u00abHvite striper, sorte f\u00e5r\u00bb. Fra venstre ser vi advokat Petar Sekulic, NRK-reporter Olav D\u00f8vik, NRK-vaktsjef Dennis Ravndal, advokat Ren\u00e9 Ibsen og advokat Elias Christensen.   Foto: Javad Parsa \/ NTB\" class=\"_image_qp4xg_65 layout-component layout-normal\" data-fullscreen- data-track-element-type=\"Article image fullscreen\" data-track-name=\"ImageFullscreen\" decoding=\"async\" loading=\"lazy\" height=\"5519\" itemprop=\"image\"  src=\"https:\/\/www.europesays.com\/no\/wp-content\/uploads\/2025\/12\/274203e8-d2d6-4143-844a-de25a8ce04ec\"  style=\"object-position:0% 0%\" width=\"8278\"\/>Marius advokater fakturerte over 800.000 kroner for saken der de fors\u00f8kte \u00e5 stoppe boken \u00abHvite striper, sorte f\u00e5r\u00bb. Fra venstre ser vi advokat Petar Sekulic, NRK-reporter Olav D\u00f8vik, NRK-vaktsjef Dennis Ravndal, advokat Ren\u00e9 Ibsen og advokat Elias Christensen.   Foto: Javad Parsa \/ NTBFaktura p\u00e5 800.000<\/p>\n<p class=\"_paragraph_o9xde_4 _paragraph_xtcu6_10 layout-component text-serif-m layout-normal text-serif-m layout-padded\">Tidligere i h\u00f8st gikk H\u00f8iby rettens vei for \u00e5 f\u00e5 <a href=\"https:\/\/www.vg.no\/rampelys\/i\/gwXxpa\/opplysninger-til-vg-hoeiby-bok-stanses-ikke\" data-track-element-type=\"Link\" data-track-id=\"link:gwXxpa\" class=\"_link_o9xde_39\" rel=\"nofollow noopener\" target=\"_blank\">stoppet boken<\/a> \u00abHvite striper, sorte f\u00e5r\u00bb. Ogs\u00e5 i den saken var det advokater ved Anden\u00e6s advokatkontor som representerte han. <\/p>\n<p class=\"_paragraph_o9xde_4 _paragraph_xtcu6_10 layout-component text-serif-m layout-normal text-serif-m layout-padded\">Dette er derimot en sivil saksivil sakEn sak mellom to private parter, i motsetning til en straffesak hvor partene best\u00e5r av p\u00e5talemyndigheten p\u00e5 den ene siden og tiltalte p\u00e5 den andre. , som betyr at det offentlige ikke tar regningen. <\/p>\n<p class=\"_paragraph_o9xde_4 _paragraph_xtcu6_10 layout-component text-serif-m layout-normal text-serif-m layout-padded\">VG har tidligere f\u00e5tt innsyn i sakskostnadene i saken. Advokatene Elias Christensen og Ren\u00e9 Ibsen, som representerte H\u00f8iby under bokrettssaken, sitt arbeid utgjorde 825\u00a0062 kroner. <\/p>\n<p class=\"_paragraph_o9xde_4 _paragraph_xtcu6_10 layout-component text-serif-m layout-normal text-serif-m layout-padded\">Rettssaken varte i \u00e9n dag. <\/p>\n<p class=\"_paragraph_o9xde_4 _paragraph_xtcu6_10 layout-component text-serif-m layout-normal text-serif-m layout-padded\">\u2013 Hva som er fakturert fra Advoktfirmaet Anden\u00e6s til H\u00f8iby er et forhold mellom advokatfirma og klienten som ikke blir n\u00e6rmere kommentert herfra, skriver Christensen og Ibsen i SMS til VG. <\/p>\n<p class=\"_paragraph_o9xde_4 _paragraph_xtcu6_10 layout-component text-serif-m layout-normal text-serif-m layout-padded\">Timesatsen til advokatene i den saken er p\u00e5 4300 kroner \u2013 i tillegg kommer merverdiavgift. <\/p>\n<p><img alt=\"Fra rettssaken der Marius Borg H\u00f8ibys advokater fors\u00f8kte \u00e5 stoppe boken \u00abHvite striper, sorte f\u00e5r\u00bb.   Foto: J\u00f8rgen Braastad \/ VG\" class=\"_image_qp4xg_65 layout-component layout-normal\" data-fullscreen- data-track-element-type=\"Article image fullscreen\" data-track-name=\"ImageFullscreen\" decoding=\"async\" loading=\"lazy\" height=\"5464\" itemprop=\"image\"  src=\"https:\/\/www.europesays.com\/no\/wp-content\/uploads\/2025\/12\/d65dbfa8-e9ee-4ae0-85b2-14c674dc9e55\"  style=\"object-position:0% 0%\" width=\"8192\"\/>Fra rettssaken der Marius Borg H\u00f8ibys advokater fors\u00f8kte \u00e5 stoppe boken \u00abHvite striper, sorte f\u00e5r\u00bb.   Foto: J\u00f8rgen Braastad \/ VGMormor betalte <\/p>\n<p class=\"_paragraph_o9xde_4 _paragraph_xtcu6_10 layout-component text-serif-m layout-normal text-serif-m layout-padded\">Fordi H\u00f8iby ikke fikk medhold i saken om \u00e5 f\u00e5 stoppet boken, m\u00e5tte han betale motpartens kostnader. <\/p>\n<p class=\"_paragraph_o9xde_4 _paragraph_xtcu6_10 layout-component text-serif-m layout-normal text-serif-m layout-padded\">Det var 460\u00a0000 kroner til Aschehoug AS og 70\u00a0500 til Den norske Forleggerforening. <a href=\"https:\/\/www.tv2.no\/nyheter\/hoibys-mormor-har-betalt-over-500000-etter-boktapet\/18296680\/?utm_source=sdrn%3Avg%3Aarticle%3ABxVOO9\" class=\"_link_o9xde_39\" rel=\"nofollow noopener\" target=\"_blank\">If\u00f8lge TV 2 <\/a>var det H\u00f8ibys mormor, Marit Tjessem som betalte disse pengene. <\/p>\n","protected":false},"excerpt":{"rendered":"Saken mot Marius Borg H\u00f8iby koster millioner. Tall fra Oslo tingrett viser at hans n\u00e5v\u00e6rende forsvarere har f\u00e5tt&hellip;\n","protected":false},"author":2,"featured_media":109033,"comment_status":"","ping_status":"","sticky":false,"template":"","format":"standard","meta":{"footnotes":""},"categories":[10],"tags":[13482,20,21,24,25,15,148,22,23,400,13,30,28,29,14,944,16,26,27],"class_list":{"0":"post-109032","1":"post","2":"type-post","3":"status-publish","4":"format-standard","5":"has-post-thumbnail","7":"category-norge","8":"tag-advokater","9":"tag-breaking-news","10":"tag-breakingnews","11":"tag-featured-news","12":"tag-featurednews","13":"tag-headlines","14":"tag-kriminalitet","15":"tag-latest-news","16":"tag-latestnews","17":"tag-marius-borg-hoiby","18":"tag-news","19":"tag-no","20":"tag-norge","21":"tag-norway","22":"tag-nyheter","23":"tag-oslo-tingrett","24":"tag-overskrifter","25":"tag-top-stories","26":"tag-topstories"},"share_on_mastodon":{"url":"https:\/\/pubeurope.com\/@no\/115693805063575286","error":""},"_links":{"self":[{"href":"https:\/\/www.europesays.com\/no\/wp-json\/wp\/v2\/posts\/109032","targetHints":{"allow":["GET"]}}],"collection":[{"href":"https:\/\/www.europesays.com\/no\/wp-json\/wp\/v2\/posts"}],"about":[{"href":"https:\/\/www.europesays.com\/no\/wp-json\/wp\/v2\/types\/post"}],"author":[{"embeddable":true,"href":"https:\/\/www.europesays.com\/no\/wp-json\/wp\/v2\/users\/2"}],"replies":[{"embeddable":true,"href":"https:\/\/www.europesays.com\/no\/wp-json\/wp\/v2\/comments?post=109032"}],"version-history":[{"count":0,"href":"https:\/\/www.europesays.com\/no\/wp-json\/wp\/v2\/posts\/109032\/revisions"}],"wp:featuredmedia":[{"embeddable":true,"href":"https:\/\/www.europesays.com\/no\/wp-json\/wp\/v2\/media\/109033"}],"wp:attachment":[{"href":"https:\/\/www.europesays.com\/no\/wp-json\/wp\/v2\/media?parent=109032"}],"wp:term":[{"taxonomy":"category","embeddable":true,"href":"https:\/\/www.europesays.com\/no\/wp-json\/wp\/v2\/categories?post=109032"},{"taxonomy":"post_tag","embeddable":true,"href":"https:\/\/www.europesays.com\/no\/wp-json\/wp\/v2\/tags?post=109032"}],"curies":[{"name":"wp","href":"https:\/\/api.w.org\/{rel}","templated":true}]}}