{"id":109035,"date":"2025-12-10T06:17:15","date_gmt":"2025-12-10T06:17:15","guid":{"rendered":"https:\/\/www.europesays.com\/no\/109035\/"},"modified":"2025-12-10T06:17:15","modified_gmt":"2025-12-10T06:17:15","slug":"david-eriksen-havnet-i-dramatisk-vaepnet-ran","status":"publish","type":"post","link":"https:\/\/www.europesays.com\/no\/109035\/","title":{"rendered":"David Eriksen havnet i dramatisk v\u00e6pnet ran"},"content":{"rendered":"<p class=\"kicker \" style=\"\">David Eriksen og Louise Angelica Riise<\/p>\n<p>  David Eriksen skal ha fors\u00f8kt \u00e5 stoppe tyvene.\u00a0<\/p>\n<p>\n    PISTOLRAN: Louise Angelica Riise og David Eriksen fotografert p\u00e5 TV 2s v\u00e5rlansering. N\u00e5 \u00e5pner David seg om det dramatiske ranet i Italia. Foto: Andreas Fadum \/ Se og H\u00f8r\n  <\/p>\n<p>TV-profil og komiker Martin Lepper\u00f8d (32) er for tiden aktuell med sin nye podkastserie\u00a0<a href=\"https:\/\/open.spotify.com\/show\/2tatHQFlpcj7mJqFihZkia\" rel=\"nofollow noopener\" target=\"_blank\">\u00abNesten hele jula med Lepper\u00f8d\u00bb<\/a>.<\/p>\n<p>I podkasten f\u00e5r Martin hver dag frem til jul bes\u00f8k av en eller flere gjester. \u00abLuke syv\u00bb har f\u00e5tt navnet \u00abAlle elsker Martin\u00bb &#8211; og det er David Eriksen (58) fra TV-serien \u00abAlle elsker David\u00bb som er blant gjestene i denne episoden.<\/p>\n<p>        <img loading=\"lazy\" decoding=\"async\" src=\"https:\/\/www.europesays.com\/no\/wp-content\/uploads\/2025\/12\/83954354.webp\" width=\"980\" height=\"559\" title=\"JULEKALENDER: Martin Lepper\u00f8d inviterer kjendiser til en prat i sin nye podkast-kalender. Foto: Skjermdump\" alt=\"\" class=\"\" style=\"--aspect-ratio-image: 1.75; \"\/><\/p>\n<p>\n        JULEKALENDER: Martin Lepper\u00f8d inviterer kjendiser til en prat i sin nye podkast-kalender. Foto: Skjermdump\n    <\/p>\n<p>I podkasten kommer de inn p\u00e5 klokkeranene i London, hvor tyver n\u00e5 bruker machete-kniver under ranene.\u00a0\u00a0<\/p>\n<p>    <a itemprop=\"url\" href=\"https:\/\/www.seher.no\/kjendis\/avslorer-diagnose\/83652780\" rel=\"nofollow noopener\" target=\"_blank\"><\/p>\n<p>        <img loading=\"lazy\" decoding=\"async\" src=\"https:\/\/www.europesays.com\/no\/wp-content\/uploads\/2025\/12\/83653724.webp\" width=\"980\" height=\"441\" title=\"Avsl\u00f8rer diagnose\" alt=\"\" class=\"lazyload\" style=\"--aspect-ratio-image: 2.22; \"\/><\/p>\n<p>        Avsl\u00f8rer diagnose <\/p>\n<p>    <\/a><\/p>\n<p class=\"font-weight-bold m-font-weight-bold\" data-lab-font_weight=\"font-weight-bold\">Det er da David slipper bomben &#8211; for bare to m\u00e5neder siden skal han og samboer Louise Angelica Riise (35) ha havnet midt i et v\u00e6pnet ran i nabobutikken, under en ferietur til det italienske jetset-paradiset Portofino.<\/p>\n<p>        SENTRALEN, OSLO: Det var duket til r\u00f8d l\u00f8per p\u00e5 Sentralen i Oslo i forbindelse med TV 2s lansering av v\u00e5rprogrammet for 2026. Influenser Nora Haukland dukket opp p\u00e5 krykker. Video: Nora Skavhaug\/R\u00f8d L\u00f8per. Reporter: Thea Hope\/R\u00f8d L\u00f8per<\/p>\n<p>I podkasten forklarer David at han h\u00f8rte br\u00e5k og gikk ut p\u00e5 gaten fra klokkebutikken han befant seg i.<\/p>\n<p>Den popul\u00e6re manageren trodde f\u00f8rst at noen hadde ramlet p\u00e5 gaten, men skal raskt ha skj\u00f8nt at det var et ran. Og da han s\u00e5 en mann komme mot ham p\u00e5 gaten, skal han ha bestemt seg for \u00e5 gripe inn.\u00a0<\/p>\n<p>        <img loading=\"lazy\" decoding=\"async\" src=\"https:\/\/www.europesays.com\/no\/wp-content\/uploads\/2025\/12\/83954452.webp\" width=\"686\" height=\"453\" title=\"SKUMMEL HENDELSE: Portofino har en smal handlegate langs sj\u00f8en, og det var trolig her ranet inntraff. Foto: NTB\" alt=\"\" class=\"\" style=\"--aspect-ratio-image: 1.51; \"\/><\/p>\n<p>\n        SKUMMEL HENDELSE: Portofino har en smal handlegate langs sj\u00f8en, og det var trolig her ranet inntraff. Foto: NTB\n    <\/p>\n<p>&#8211; Han kommer veldig, veldig fort og jeg fors\u00f8ker \u00e5 dytte han, s\u00e5 han mister balansen, forteller David.\u00a0<\/p>\n<p>Da TV-stjernen h\u00f8rte at Louise ropte \u00abDAVID!\u00bb bak seg, skal han ha sett at den andre tyven presset seg ut gjennom d\u00f8ren til nabobutikken.<\/p>\n<p>    <a itemprop=\"url\" href=\"https:\/\/www.seher.no\/kjendis\/folk-elsket-a-hate-ham\/83714930\" rel=\"nofollow noopener\" target=\"_blank\"><\/p>\n<p>        <img loading=\"lazy\" decoding=\"async\" src=\"https:\/\/www.europesays.com\/no\/wp-content\/uploads\/2025\/12\/1765347432_604_83716953.webp\" width=\"147\" height=\"100\" title=\"- Folk elsket \u00e5 hate ham\" alt=\"\" class=\"lazyload\" style=\"--aspect-ratio-image: 1.47; \"\/><\/p>\n<p>        &#8211; Folk elsket \u00e5 hate ham<\/p>\n<p>    <\/a><\/p>\n<p>David forklarer at han p\u00e5 dette tidspunket bestemte seg for \u00e5 la den siste tyven passere uten \u00e5 bryte inn. Han skal nemlig ha hatt en pistol, og David la da merke til at ogs\u00e5 den f\u00f8rste tyven han fors\u00f8kte \u00e5 stoppe bar en pistol.\u00a0<\/p>\n<p>        <img loading=\"lazy\" decoding=\"async\" src=\"https:\/\/www.europesays.com\/no\/wp-content\/uploads\/2025\/12\/83954355.webp\" width=\"686\" height=\"501\" title=\"DRAMATIKK: I podkasten til Martin Lepper\u00f8d \u00e5pner David opp om dramet i Italia. Til h\u00f8yre sitter s\u00f8nnen Lucas. Foto: Skjermdump fra \u00abNestenhelejulamedlepper\u00f8d\u00bb \/ Spotify\" alt=\"\" class=\"\" style=\"--aspect-ratio-image: 1.37; \"\/><\/p>\n<p>\n        DRAMATIKK: I podkasten til Martin Lepper\u00f8d \u00e5pner David opp om dramet i Italia. Til h\u00f8yre sitter s\u00f8nnen Lucas. Foto: Skjermdump fra \u00abNestenhelejulamedlepper\u00f8d\u00bb \/ Spotify\n    <\/p>\n<p>&#8211; Han hadde ogs\u00e5 mye st\u00f8rre \u00abg\u00f8nner\u00bb, men det s\u00e5 ikke jeg da han passerte, hevder David i podkasten til Martin Lepper\u00f8d.\u00a0<\/p>\n<p>David forteller videre at Louise skal ha tent p\u00e5 alle plugger etter fors\u00f8ket hans p\u00e5 \u00e5 stoppe tyvene.<\/p>\n<p>        <img loading=\"lazy\" decoding=\"async\" src=\"https:\/\/www.europesays.com\/no\/wp-content\/uploads\/2025\/12\/83954528.webp\" width=\"579\" height=\"527\" title=\"MANGE KJENDISER: Portofino er kjent for \u00e5 tiltrekke seg stjerner og kjendiser fra hele verden. Her ser vi Sting og Trudie Styler. Foto: NTB\" alt=\"\" class=\"\" style=\"--aspect-ratio-image: 1.10; \"\/><\/p>\n<p>\n        MANGE KJENDISER: Portofino er kjent for \u00e5 tiltrekke seg stjerner og kjendiser fra hele verden. Her ser vi Sting og Trudie Styler. Foto: NTB\n    <\/p>\n<p>        <img loading=\"lazy\" decoding=\"async\" src=\"https:\/\/www.europesays.com\/no\/wp-content\/uploads\/2025\/12\/83954538.webp\" width=\"579\" height=\"794\" title=\"BARBENT: Kim Kardashian og familien elsker Portofino. Her er Kim avbildet barbent i gatene. Foto: NTB\" alt=\"\" class=\"\" style=\"--aspect-ratio-image: 0.73; \"\/><\/p>\n<p>\n        BARBENT: Kim Kardashian og familien elsker Portofino. Her er Kim avbildet barbent i gatene. Foto: NTB\n    <\/p>\n<p>Overraskelsestur med samboeren\t<\/p>\n<p>Turen til Portofino var en overraskelsestur til samboeren Louise Angelica i forbindelse med en bursdagsfeiring, men det ble trolig alt annet enn avslappende hvilepuls etter dramaet.\u00a0<\/p>\n<p>    <a itemprop=\"url\" href=\"https:\/\/www.seher.no\/kjendis\/na-er-det-avslort\/83959894\" rel=\"nofollow noopener\" target=\"_blank\"><\/p>\n<p>        <img loading=\"lazy\" decoding=\"async\" src=\"https:\/\/www.europesays.com\/no\/wp-content\/uploads\/2025\/12\/83959910.webp\" width=\"147\" height=\"98\" title=\"N\u00e5 er det avsl\u00f8rt\" alt=\"\" class=\"lazyload\" style=\"--aspect-ratio-image: 1.50; \"\/><\/p>\n<p>        N\u00e5 er det avsl\u00f8rt<\/p>\n<p>    <\/a><\/p>\n<p>Davids s\u00f8nn Lucas Zedine Eriksen\u00a0(22)\u00a0er ogs\u00e5 med som gjest i podkasten, og han er sjokkert over at faren ikke har fortalt om\u00a0det\u00a0alvorlige dramaet tidligere.\u00a0<\/p>\n<p class=\"font-weight-bold m-font-weight-bold\" data-lab-font_weight=\"font-weight-bold\">&#8211; Er det n\u00e5 jeg finner ut at faren min holdt p\u00e5 \u00e5 d\u00e6ve? utbryter Lucas i podkasten.<\/p>\n<p>        R\u00d8PER: David Eriksen avsl\u00f8rer ukjent historie fra fortiden i \u00abAlle elsker David\u00bb. Reporter: Thea Hope. Video: Kine Falch \/ TV 2<\/p>\n<p>Debuterer i \u00abVokteren\u00bb\t<\/p>\n<p class=\"font-weight-normal m-font-weight-normal\" data-lab-font_weight=\"font-weight-normal\">Nylig ble det avsl\u00f8rt at Louise blir \u00e5 se p\u00e5 norske TV-skjermer til v\u00e5ren. Davids samboer er med i den nye sesongen av det popul\u00e6re TV 2-programmet \u00abVokteren\u00bb, som har premiere allerede 1. januar.\u00a0<\/p>\n<p class=\"font-weight-normal m-font-weight-normal\" data-lab-font_weight=\"font-weight-normal\">P\u00e5 sin Instagram-konto forteller Louise at hun har g\u00e5tt mange runder med seg selv i forkant av deltakelsen, men at hun n\u00e5 er klar!<\/p>\n<p class=\"italic m-italic\" data-lab-italic=\"italic\">PSe og H\u00f8r hart v\u00e6rt i kontakt med David Eriksen som bekrefter hendelsen.<\/p>\n","protected":false},"excerpt":{"rendered":"David Eriksen og Louise Angelica Riise David Eriksen skal ha fors\u00f8kt \u00e5 stoppe tyvene.\u00a0 PISTOLRAN: Louise Angelica Riise&hellip;\n","protected":false},"author":2,"featured_media":109036,"comment_status":"","ping_status":"","sticky":false,"template":"","format":"standard","meta":{"footnotes":""},"categories":[58],"tags":[8438,3252,4104,71,479,3251,13483,5231,30,28,29,72],"class_list":{"0":"post-109035","1":"post","2":"type-post","3":"status-publish","4":"format-standard","5":"has-post-thumbnail","7":"category-underholdning","8":"tag-alle-elsker-david","9":"tag-david-eriksen","10":"tag-eksklusivt","11":"tag-entertainment","12":"tag-kjendis","13":"tag-louise-angelica-riise","14":"tag-lucas-zedine-eriksen","15":"tag-martin-lepperod","16":"tag-no","17":"tag-norge","18":"tag-norway","19":"tag-underholdning"},"share_on_mastodon":{"url":"https:\/\/pubeurope.com\/@no\/115693816912412405","error":""},"_links":{"self":[{"href":"https:\/\/www.europesays.com\/no\/wp-json\/wp\/v2\/posts\/109035","targetHints":{"allow":["GET"]}}],"collection":[{"href":"https:\/\/www.europesays.com\/no\/wp-json\/wp\/v2\/posts"}],"about":[{"href":"https:\/\/www.europesays.com\/no\/wp-json\/wp\/v2\/types\/post"}],"author":[{"embeddable":true,"href":"https:\/\/www.europesays.com\/no\/wp-json\/wp\/v2\/users\/2"}],"replies":[{"embeddable":true,"href":"https:\/\/www.europesays.com\/no\/wp-json\/wp\/v2\/comments?post=109035"}],"version-history":[{"count":0,"href":"https:\/\/www.europesays.com\/no\/wp-json\/wp\/v2\/posts\/109035\/revisions"}],"wp:featuredmedia":[{"embeddable":true,"href":"https:\/\/www.europesays.com\/no\/wp-json\/wp\/v2\/media\/109036"}],"wp:attachment":[{"href":"https:\/\/www.europesays.com\/no\/wp-json\/wp\/v2\/media?parent=109035"}],"wp:term":[{"taxonomy":"category","embeddable":true,"href":"https:\/\/www.europesays.com\/no\/wp-json\/wp\/v2\/categories?post=109035"},{"taxonomy":"post_tag","embeddable":true,"href":"https:\/\/www.europesays.com\/no\/wp-json\/wp\/v2\/tags?post=109035"}],"curies":[{"name":"wp","href":"https:\/\/api.w.org\/{rel}","templated":true}]}}