{"id":109039,"date":"2025-12-10T06:24:18","date_gmt":"2025-12-10T06:24:18","guid":{"rendered":"https:\/\/www.europesays.com\/no\/109039\/"},"modified":"2025-12-10T06:24:18","modified_gmt":"2025-12-10T06:24:18","slug":"sydney-sweeney-avviser-rykter-om-kosmetiske-inngrep-2","status":"publish","type":"post","link":"https:\/\/www.europesays.com\/no\/109039\/","title":{"rendered":"Sydney Sweeney avviser rykter om kosmetiske inngrep:"},"content":{"rendered":"<p class=\"kicker \" style=\"\">Sydney Sweeney:\u00a0<\/p>\n<p>  Skuespilleren avviser alle rykter om kosmetiske inngrep, og har en klar beskjed til kritikerne.<\/p>\n<p>\n    SL\u00c5R TILBAKE: Sydney Sweeney har sett seg lei av ryktene. Foto: Evan Agostini \/ Invision \/ AP \/ NTB\n  <\/p>\n<p>Skuespiller Sydney Sweeney (28) har f\u00e5tt nok av flere \u00e5r med spekulasjoner rundt utseendet hennes.\u00a0<\/p>\n<p>    <a itemprop=\"url\" href=\"https:\/\/www.seher.no\/kjendis\/slik-ser-hun-ikke-ut-lenger\/83774118\" rel=\"nofollow noopener\" target=\"_blank\"><\/p>\n<p>        <img loading=\"lazy\" decoding=\"async\" src=\"https:\/\/www.europesays.com\/no\/wp-content\/uploads\/2025\/12\/83774493.webp\" width=\"147\" height=\"98\" title=\"Slik ser hun ikke ut lenger\" alt=\"\" class=\"lazyload\" style=\"--aspect-ratio-image: 1.50; \"\/><\/p>\n<p>        Slik ser hun ikke ut lenger<\/p>\n<p>    <\/a><\/p>\n<p>I et nytt intervju med <a href=\"https:\/\/www.allure.com\/video\/watch\/truth-serum-amanda-seyfried-and-sydney-sweeney-spill-secrets-after-sipping-the-truth-serum\" rel=\"nofollow noopener\" target=\"_blank\">Allure<\/a>, sammen med \u00abThe Housemaid\u00bb-kollega Amanda Seyfried (40), avviser \u00abEuphoria\u00bb-stjerna alle rykter om kosmetiske inngrep.<\/p>\n<p class=\"font-weight-bold m-font-weight-bold\" data-lab-font_weight=\"font-weight-bold\">&#8211; La oss avkrefte dem alle. Jeg mener, jeg har aldri gjort noe. Jeg er s\u00e5 redd for n\u00e5ler, du aner ikke, sier Sweeney.<\/p>\n<p>        NY FL\u00d8RT?: Superstjerna Sydney Sweeneys \u00abintime\u00bb \u00f8yeblikk under en Kygo-konsert i Las Vegas har f\u00e5tt kommentarfeltet til \u00e5 koke. Video: Page Six\/ Instagram\/ @kygo\/ @palmtreebeachclub\/ TikTok\/ Sanne Holt\/ R\u00f8d L\u00f8per<\/p>\n<p>28-\u00e5ringen, som startet skuespillerkarrieren som barn, har en klar beskjed til folk p\u00e5 sosiale medier som sammenligner barndomsbilder av henne med nyere bilder.<\/p>\n<p>&#8211; Du kan ikke sammenligne et bilde av meg da jeg var tolv \u00e5r med et bilde av meg som 26-\u00e5ring med profesjonell sminke og lyssetting. Selvf\u00f8lgelig kommer jeg til \u00e5 se annerledes ut. Alle p\u00e5 sosiale medier er gale, fortsetter hun.\u00a0<\/p>\n<p>        <img loading=\"lazy\" decoding=\"async\" src=\"https:\/\/www.europesays.com\/no\/wp-content\/uploads\/2025\/12\/83953536.webp\" width=\"686\" height=\"522\" title=\"KOLLEGAER: Amanda Seyfried og Sydney Sweeney spiller begge i den kommende filmen \u00abThe Housemaid\u00bb. Foto: Evan Agostini \/ Invision \/ AP \/ NTB\" alt=\"\" class=\"\" style=\"--aspect-ratio-image: 1.31; \"\/><\/p>\n<p>\n        KOLLEGAER: Amanda Seyfried og Sydney Sweeney spiller begge i den kommende filmen \u00abThe Housemaid\u00bb. Foto: Evan Agostini \/ Invision \/ AP \/ NTB\n    <\/p>\n<p>Sweeney avsluttet med en siste bemerkning til de som spekulerer i at hun har gjort flere inngrep.<\/p>\n<p class=\"font-weight-bold m-font-weight-bold\" data-lab-font_weight=\"font-weight-bold\">&#8211; Hvis jeg hadde gjort det, ville ansiktet mitt v\u00e6rt jevnt, p\u00e5peker hun.<\/p>\n<p>    <a itemprop=\"url\" href=\"https:\/\/www.seher.no\/kjendis\/klinte-til-foran-kameraene\/83821979\" rel=\"nofollow noopener\" target=\"_blank\"><\/p>\n<p>        <img loading=\"lazy\" decoding=\"async\" src=\"https:\/\/www.europesays.com\/no\/wp-content\/uploads\/2025\/12\/83818400.webp\" width=\"147\" height=\"98\" title=\"Klinte til foran kameraene\" alt=\"\" class=\"lazyload\" style=\"--aspect-ratio-image: 1.50; \"\/><\/p>\n<p>        Klinte til foran kameraene<\/p>\n<p>    <\/a><\/p>\n<p>Videre forklarer hun at det ene \u00f8yet hennes \u00ab\u00e5pner seg litt mer enn det andre\u00bb p\u00e5 grunn av en wakeboard-ulykke i barndommen. If\u00f8lge henne m\u00e5tte hun sy hele 19 sting.<\/p>\n<p>        <img loading=\"lazy\" decoding=\"async\" src=\"https:\/\/www.europesays.com\/no\/wp-content\/uploads\/2025\/12\/83953562.webp\" width=\"686\" height=\"467\" title=\"F\u00d8R: Mange husker kanskje Sydney Sweeney fra sine yngre dager. Her er hun avbildet i 2018 uten sine velkjente, blonde lokker. Foto: Matt Baron \/ REX \/ NTB\" alt=\"\" class=\"\" style=\"--aspect-ratio-image: 1.47; \"\/><\/p>\n<p>\n        F\u00d8R: Mange husker kanskje Sydney Sweeney fra sine yngre dager. Her er hun avbildet i 2018 uten sine velkjente, blonde lokker. Foto: Matt Baron \/ REX \/ NTB\n    <\/p>\n<p>Dette er langt fra f\u00f8rste gangen Sweeney adresserer presset rundt utseendet sitt.\u00a0<\/p>\n<p>    <a itemprop=\"url\" href=\"https:\/\/www.seher.no\/kjendis\/nytt-steg-med-kjaeresten\/83931676\" rel=\"nofollow noopener\" target=\"_blank\"><\/p>\n<p>        <img loading=\"lazy\" decoding=\"async\" src=\"https:\/\/www.europesays.com\/no\/wp-content\/uploads\/2025\/12\/1765347858_861_83931737.webp\" width=\"147\" height=\"100\" title=\"Nytt steg med kj\u00e6resten\" alt=\"\" class=\"lazyload\" style=\"--aspect-ratio-image: 1.47; \"\/><\/p>\n<p>        Nytt steg med kj\u00e6resten<\/p>\n<p>    <\/a><\/p>\n<p>I et intervju med Variety tidligere i h\u00f8st fortalte hun at hun allerede som ten\u00e5ring fikk beskjed om \u00e5 fikse ansiktet sitt for \u00e5 lykkes.\u00a0<\/p>\n<p>&#8211; Jeg har veldig sterke \u00f8yenbrynsmuskler. Og noen sa til meg at jeg m\u00e5tte fikse ansiktet mitt, ellers ville jeg ikke klare det. Da jeg var 16 fikk jeg h\u00f8re at jeg burde f\u00e5 botox, sa hun til magasinet.\u00a0<\/p>\n","protected":false},"excerpt":{"rendered":"Sydney Sweeney:\u00a0 Skuespilleren avviser alle rykter om kosmetiske inngrep, og har en klar beskjed til kritikerne. SL\u00c5R TILBAKE:&hellip;\n","protected":false},"author":2,"featured_media":109040,"comment_status":"","ping_status":"","sticky":false,"template":"","format":"standard","meta":{"footnotes":""},"categories":[58],"tags":[4982,71,13364,479,2543,30,28,29,2602,3049,72],"class_list":{"0":"post-109039","1":"post","2":"type-post","3":"status-publish","4":"format-standard","5":"has-post-thumbnail","7":"category-underholdning","8":"tag-apner-opp","9":"tag-entertainment","10":"tag-inngrep","11":"tag-kjendis","12":"tag-kjendisdesken","13":"tag-no","14":"tag-norge","15":"tag-norway","16":"tag-rykter","17":"tag-sydney-sweeney","18":"tag-underholdning"},"share_on_mastodon":{"url":"https:\/\/pubeurope.com\/@no\/115693844488154428","error":""},"_links":{"self":[{"href":"https:\/\/www.europesays.com\/no\/wp-json\/wp\/v2\/posts\/109039","targetHints":{"allow":["GET"]}}],"collection":[{"href":"https:\/\/www.europesays.com\/no\/wp-json\/wp\/v2\/posts"}],"about":[{"href":"https:\/\/www.europesays.com\/no\/wp-json\/wp\/v2\/types\/post"}],"author":[{"embeddable":true,"href":"https:\/\/www.europesays.com\/no\/wp-json\/wp\/v2\/users\/2"}],"replies":[{"embeddable":true,"href":"https:\/\/www.europesays.com\/no\/wp-json\/wp\/v2\/comments?post=109039"}],"version-history":[{"count":0,"href":"https:\/\/www.europesays.com\/no\/wp-json\/wp\/v2\/posts\/109039\/revisions"}],"wp:featuredmedia":[{"embeddable":true,"href":"https:\/\/www.europesays.com\/no\/wp-json\/wp\/v2\/media\/109040"}],"wp:attachment":[{"href":"https:\/\/www.europesays.com\/no\/wp-json\/wp\/v2\/media?parent=109039"}],"wp:term":[{"taxonomy":"category","embeddable":true,"href":"https:\/\/www.europesays.com\/no\/wp-json\/wp\/v2\/categories?post=109039"},{"taxonomy":"post_tag","embeddable":true,"href":"https:\/\/www.europesays.com\/no\/wp-json\/wp\/v2\/tags?post=109039"}],"curies":[{"name":"wp","href":"https:\/\/api.w.org\/{rel}","templated":true}]}}