{"id":109041,"date":"2025-12-10T06:28:12","date_gmt":"2025-12-10T06:28:12","guid":{"rendered":"https:\/\/www.europesays.com\/no\/109041\/"},"modified":"2025-12-10T06:28:12","modified_gmt":"2025-12-10T06:28:12","slug":"fredsprisvinneren-deltar-ikke-pa-prisutdelingen","status":"publish","type":"post","link":"https:\/\/www.europesays.com\/no\/109041\/","title":{"rendered":"Fredsprisvinneren deltar ikke p\u00e5 prisutdelingen"},"content":{"rendered":"\n<p class=\"_lead_o9xde_2 _lead_xtcu6_50 layout-component text-serif-m layout-normal text-serif-l layout-component layout-wide layout-padded _wide_17hqh_1 layout-padded\">Maria Corina Machado er ikke i Norge.<\/p>\n<p><img alt=\" Foto: Ariana Cubillos \/ AP \/ NTB\" class=\"_image_qp4xg_65 layout-component layout-wide\" data-fullscreen- data-track-element-type=\"Article image fullscreen\" data-track-name=\"ImageFullscreen\" fetchpriority=\"high\" decoding=\"sync\" loading=\"eager\" height=\"4067\" itemprop=\"image\"  src=\"https:\/\/www.europesays.com\/no\/wp-content\/uploads\/2025\/12\/970b59bc-77e8-4662-b19f-1dc5fb303391\"  style=\"object-position:0% 0%\" width=\"6100\"\/> Foto: Ariana Cubillos \/ AP \/ NTB<\/p>\n<ul aria-hidden=\"true\" class=\"_images_ntbth_112\">\n<li><a class=\"_link_ntbth_117\" href=\"https:\/\/www.vg.no\/forfatter\/nora-kvernmo-rindal\" style=\"z-index:2\" title=\"Nora Kvernmo Rindal\" rel=\"nofollow noopener\" target=\"_blank\"><img alt=\"Bilde av Nora Kvernmo Rindal\" class=\"_image_ntbth_93\" fetchpriority=\"low\" loading=\"lazy\" decoding=\"async\" itemprop=\"image\"  src=\"https:\/\/www.europesays.com\/no\/wp-content\/uploads\/2025\/12\/1765348089_295_e9a8dfd1-f394-4db6-b4c7-25003539a55e\"  width=\"480\"\/><\/a><\/li>\n<li><a class=\"_link_ntbth_117\" href=\"https:\/\/www.vg.no\/forfatter\/bendik-hansen\" style=\"z-index:1\" title=\"Bendik Hansen\" rel=\"nofollow noopener\" target=\"_blank\"><img alt=\"Bilde av Bendik Hansen\" class=\"_image_ntbth_93\" fetchpriority=\"low\" loading=\"lazy\" decoding=\"async\" itemprop=\"image\"  src=\"https:\/\/www.europesays.com\/no\/wp-content\/uploads\/2025\/12\/1765348089_128_236bc5a3-2236-4046-b957-81f29d024aa6\"  width=\"480\"\/><\/a><\/li>\n<\/ul>\n<p> Oppdatert onsdag 10. desember kl. 07:26     <\/p>\n<p class=\"_paragraph_o9xde_4 _paragraph_xtcu6_10 layout-component text-serif-m layout-normal text-serif-m layout-padded\">Det sier sjefen til Nobelinstituttet. Kristian Berg Harpviken, til <a href=\"https:\/\/www.nrk.no\/nyheter\/fredsprisvinner-maria-corina-machado-deltar-ikke-pa-prisutdelingen-1.17686312\" class=\"_link_o9xde_39\" rel=\"nofollow noopener\" target=\"_blank\">NRK<\/a>.<\/p>\n<p class=\"_paragraph_o9xde_4 _paragraph_xtcu6_10 layout-component text-serif-m layout-normal text-serif-m layout-padded\">VG har fors\u00f8kt \u00e5 komme i kontakt med Harpviken og instituttets kommunikasjonssjef Erik Aasheim, forel\u00f8pig uten hell. Det har heller ikke lykkes VG \u00e5 komme i kontakt med leder av den norske Nobelkomiteen J\u00f8rgen Frydnes.<\/p>\n<p class=\"_paragraph_o9xde_4 _paragraph_xtcu6_10 layout-component text-serif-m layout-normal text-serif-m layout-padded\"><a href=\"https:\/\/www.vg.no\/i\/q6nmgO\" data-track-element-type=\"Link\" data-track-id=\"link:q6nmgO\" class=\"_link_o9xde_39\" rel=\"nofollow noopener\" target=\"_blank\">Senest tirsdag<\/a> ble en pressekonferanse med <a href=\"https:\/\/www.vg.no\/tag\/maria-corina-machado?utm_source=vg-article&amp;utm_medium=auto-tagger&amp;utm_campaign=n1gVxo\" class=\"_link_o9xde_39\" rel=\"nofollow noopener\" target=\"_blank\">Maria Corina Machado<\/a> utsatt.<\/p>\n<p class=\"_paragraph_o9xde_4 _paragraph_xtcu6_10 layout-component text-serif-m layout-normal text-serif-m layout-padded\">Da var det uklart om hun i det hele tatt hadde kommet seg til Norge. N\u00e5 bekrefter alts\u00e5 Nobelinstituttet at det ikke er tilfellet.<\/p>\n<p class=\"_paragraph_o9xde_4 _paragraph_xtcu6_10 layout-component text-serif-m layout-normal text-serif-m layout-padded\">\u2013 Vi vet ikke n\u00e5r eller hvordan hun kommer til Oslo, sa Erik Aasheim, kommunikasjonssjef ved Nobelinstituttet, til VG tirsdag.<\/p>\n<p>Opposisjonsleder<\/p>\n<p class=\"_paragraph_o9xde_4 _paragraph_xtcu6_10 layout-component text-serif-m layout-normal text-serif-m layout-padded\">Machado lever i skjul i Venezuela p\u00e5 grunn av frykt for regimet. Hun er leder for opposisjonen mot president Nicol\u00e1s Maduro, men ble nektet \u00e5 stille som presidentkandidat i 2024.<\/p>\n<p class=\"_paragraph_o9xde_4 _paragraph_xtcu6_10 layout-component text-serif-m layout-normal text-serif-m layout-padded\">Hun har verken hatt pass eller rettigheter til \u00e5 fly p\u00e5 mange \u00e5r.<\/p>\n<p class=\"_paragraph_o9xde_4 _paragraph_xtcu6_10 layout-component text-serif-m layout-normal text-serif-m layout-padded\">Derfor har det v\u00e6rt knyttet <a href=\"https:\/\/www.vg.no\/i\/Gx1BQ9\" data-track-element-type=\"Link\" data-track-id=\"link:Gx1BQ9\" class=\"_link_o9xde_39\" rel=\"nofollow noopener\" target=\"_blank\">stor spenning<\/a> til hvordan hun skulle komme seg til Norge.<\/p>\n<p class=\"_paragraph_o9xde_4 _paragraph_xtcu6_10 layout-component text-serif-m layout-normal text-serif-m layout-padded\">Det er fortsatt usikkert hvor hun befinner seg.<\/p>\n<p>Datteren vil ta imot prisen<\/p>\n<p class=\"_paragraph_o9xde_4 _paragraph_xtcu6_10 layout-component text-serif-m layout-normal text-serif-m layout-padded\">Machados mor, datter og to s\u00f8nner skal delta p\u00e5 utdelingen i Oslo.<\/p>\n<p class=\"_paragraph_o9xde_4 _paragraph_xtcu6_10 layout-component text-serif-m layout-normal text-serif-m layout-padded\">Da de ankom Oslo i tirsdag, visste ikke de hvor hun befant seg.<\/p>\n<p class=\"_paragraph_o9xde_4 _paragraph_xtcu6_10 layout-component text-serif-m layout-normal text-serif-m layout-padded\">\u2013 Jeg ber til Gud at hun kommer i dag, sa Machados mor, Corina Parisca de Machado til <a href=\"https:\/\/www.dagbladet.no\/nyheter\/pressekonferansen-utsatt\/83957874\" class=\"_link_o9xde_39\" rel=\"nofollow noopener\" target=\"_blank\">Dagbladet.<\/a><\/p>\n<p class=\"_paragraph_o9xde_4 _paragraph_xtcu6_10 layout-component text-serif-m layout-normal text-serif-m layout-padded\"><strong class=\"_strong_o9xde_25\">Det er hun som vil ta imot prisen, opplyser Harpviken til NRK. Hun kommer ogs\u00e5 til \u00e5 holde en tale som moren har skrevet.<\/strong><\/p>\n<p class=\"_paragraph_o9xde_4 _paragraph_xtcu6_10 layout-component text-serif-m layout-normal text-serif-m layout-padded\">Det antydes fra flere hold at hun har f\u00e5tt hjelp fra USA til \u00e5 bli smuglet ut av landet, via Puerto Rico, og deretter kommet seg til Europa, forklarer UiO-professor Benedicte Bull til\u00a0<a href=\"https:\/\/www.nrk.no\/norge\/nobelinstituttet_-pressekonferansen-med-fredsprisvinner-maria-corina-machado-utsatt-1.17684878\" class=\"_link_o9xde_39\" rel=\"nofollow noopener\" target=\"_blank\">NRK tirsdag.<\/a><\/p>\n<p>    <img decoding=\"async\" alt=\"Tips oss illustrasjon\" src=\"https:\/\/www.europesays.com\/no\/wp-content\/uploads\/2025\/10\/pssst-small.webp.webp\"\/>    <\/p>\n<p class=\"title-serif-s\">Har du tips?<\/p>\n<p class=\"text-sans-m\">Send oss informasjon, bilder eller video.<\/p>\n<p>  <a href=\"https:\/\/www.vg.no\/tips-oss\" rel=\"nofollow noopener\" target=\"_blank\"> Tips oss <\/a>      <\/p>\n","protected":false},"excerpt":{"rendered":"Maria Corina Machado er ikke i Norge. Foto: Ariana Cubillos \/ AP \/ NTB Oppdatert onsdag 10. desember&hellip;\n","protected":false},"author":2,"featured_media":109042,"comment_status":"","ping_status":"","sticky":false,"template":"","format":"standard","meta":{"footnotes":""},"categories":[10],"tags":[31,20,21,24,25,15,22,23,8707,13,30,1125,28,29,14,16,26,27],"class_list":{"0":"post-109041","1":"post","2":"type-post","3":"status-publish","4":"format-standard","5":"has-post-thumbnail","7":"category-norge","8":"tag-breaking","9":"tag-breaking-news","10":"tag-breakingnews","11":"tag-featured-news","12":"tag-featurednews","13":"tag-headlines","14":"tag-latest-news","15":"tag-latestnews","16":"tag-maria-corina-machado","17":"tag-news","18":"tag-no","19":"tag-nobels-fredspris","20":"tag-norge","21":"tag-norway","22":"tag-nyheter","23":"tag-overskrifter","24":"tag-top-stories","25":"tag-topstories"},"share_on_mastodon":{"url":"https:\/\/pubeurope.com\/@no\/115693860189840919","error":""},"_links":{"self":[{"href":"https:\/\/www.europesays.com\/no\/wp-json\/wp\/v2\/posts\/109041","targetHints":{"allow":["GET"]}}],"collection":[{"href":"https:\/\/www.europesays.com\/no\/wp-json\/wp\/v2\/posts"}],"about":[{"href":"https:\/\/www.europesays.com\/no\/wp-json\/wp\/v2\/types\/post"}],"author":[{"embeddable":true,"href":"https:\/\/www.europesays.com\/no\/wp-json\/wp\/v2\/users\/2"}],"replies":[{"embeddable":true,"href":"https:\/\/www.europesays.com\/no\/wp-json\/wp\/v2\/comments?post=109041"}],"version-history":[{"count":0,"href":"https:\/\/www.europesays.com\/no\/wp-json\/wp\/v2\/posts\/109041\/revisions"}],"wp:featuredmedia":[{"embeddable":true,"href":"https:\/\/www.europesays.com\/no\/wp-json\/wp\/v2\/media\/109042"}],"wp:attachment":[{"href":"https:\/\/www.europesays.com\/no\/wp-json\/wp\/v2\/media?parent=109041"}],"wp:term":[{"taxonomy":"category","embeddable":true,"href":"https:\/\/www.europesays.com\/no\/wp-json\/wp\/v2\/categories?post=109041"},{"taxonomy":"post_tag","embeddable":true,"href":"https:\/\/www.europesays.com\/no\/wp-json\/wp\/v2\/tags?post=109041"}],"curies":[{"name":"wp","href":"https:\/\/api.w.org\/{rel}","templated":true}]}}