{"id":109047,"date":"2025-12-10T06:35:14","date_gmt":"2025-12-10T06:35:14","guid":{"rendered":"https:\/\/www.europesays.com\/no\/109047\/"},"modified":"2025-12-10T06:35:14","modified_gmt":"2025-12-10T06:35:14","slug":"hoyre-politisk-ledelse-hoyre-velg-de-beste-ikke-de-riktige","status":"publish","type":"post","link":"https:\/\/www.europesays.com\/no\/109047\/","title":{"rendered":"H\u00f8yre, Politisk ledelse | H\u00f8yre: Velg de beste, ikke de riktige"},"content":{"rendered":"\n<p>Jeg mener dette p\u00e5 ingen m\u00e5te er et problem i seg selv.<\/p>\n<p><b>Problemet oppst\u00e5r f\u00f8rst n\u00e5r geografisk representasjon blir viktigere enn kompetanse.<\/b><\/p>\n<p>Alt tyder n\u00e5 p\u00e5 at Ine Eriksen S\u00f8reide overtar som partileder i H\u00f8yre. Med seg i ledertrioen f\u00e5r hun, if\u00f8lge kilder, Ola Svenneby og Henrik Asheim.<\/p>\n<p><b>Les ogs\u00e5 Erik Stephansen: <a href=\"https:\/\/www.nettavisen.no\/norsk-debatt\/hoyre-skal-styres-av-ei-skilt-og-singel-kvinne-og-to-homofile-menn\/s\/5-95-2767831\" rel=\"Follow nofollow noopener\" target=\"_blank\">Skal ledes av \u00absingel kvinne og to homofile menn\u00bb<\/a><\/b><\/p>\n<p>Kritiske r\u00f8ster<\/p>\n<p><a href=\"https:\/\/www.nettavisen.no\/nyheter\/hoyre-ordforer-om-ledelsesvalg-vi-blir-aldri-a-akseptere-tre-fra-oslo\/s\/5-95-2767407\" rel=\"Follow nofollow noopener\" target=\"_blank\">Kritikken har ikke latt vente p\u00e5 seg<\/a>, og flere kritiske r\u00f8ster vil komme n\u00e5r ledelsen formelt velges:<\/p>\n<p>Alle tre kommer fra Oslo-omr\u00e5det.<\/p>\n<p><b>Men det viktigste m\u00e5 v\u00e6re kandidatenes kvalifikasjoner. Ikke hvor de kommer fra.<\/b><\/p>\n<p>Hensikten med demokrati som styringsform er \u00e5 fors\u00f8ke \u00e5 sikre b\u00e5de gode beslutninger og representasjon av befolkningens meninger. Det samme gjelder partidemokratiet.<\/p>\n<p><b>Men dersom representasjon gj\u00f8res til et overordnet kriterium for lederskap, risikerer man \u00e5 velge d\u00e5rligere ledere \u2013 ikke bedre.<\/b><\/p>\n<p><b>Les ogs\u00e5: <a rel=\"Follow nofollow noopener\" href=\"https:\/\/www.nettavisen.no\/nyheter\/intern-hoyre-krangel-vi-ma-lare-av-ap-sine-feil\/s\/5-95-2768407\" target=\"_blank\">Heftig intern H\u00f8yre-krangel avsl\u00f8rt<\/a><\/b><\/p>\n<p>En gullstandard over alle andre hensyn<\/p>\n<p>Representasjon forst\u00e5s ofte som at de beste beslutningene tas n\u00e5r ledelsen speiler samfunnet, og best\u00e5r av b\u00e5de kvinner og menn, unge og eldre, ulike bakgrunner og ogs\u00e5 ulike landsdeler.<\/p>\n<p>Slik representasjon kan bidra til st\u00f8rre mangfold av ideer, erfaringer og perspektiver. Den kan ogs\u00e5 skape st\u00f8rre legitimitet og tillit enn om ledelsen fremst\u00e5r som en homogen gruppe.<\/p>\n<p>De fleste er enige i at mangfold har noe for seg, b\u00e5de internt i beslutningsprosesser og eksternt i m\u00f8te med velgerne.<\/p>\n<p><b>Problemet oppst\u00e5r f\u00f8rst n\u00e5r representasjon l\u00f8ftes til \u00e5 bli det viktigste kriteriet: <\/b>en gullstandard over alle andre hensyn. Da risikerer man at kvalifikasjoner, erfaring og dyktighet tillegges for liten vekt.<\/p>\n<p><b>Les ogs\u00e5: <a href=\"https:\/\/www.nettavisen.no\/norsk-debatt\/skjebnetid-i-norsk-politikk\/o\/5-95-2767866\" rel=\"Follow nofollow noopener\" target=\"_blank\">Dei store investeringane skjer i nabolaget til dei som sit i partileiinga<\/a><\/b><\/p>\n<p>Jakten p\u00e5 det ene kan svekke det andre<\/p>\n<p>Det finnes nemlig ikke noe \u00e9n-til-\u00e9n-forhold mellom representasjon og kvaliteten p\u00e5 beslutningene som tas. I noen tilfeller kan jakten p\u00e5 representasjon svekke resultatene, dersom de best kvalifiserte blir forbig\u00e5tt fordi de har feil kj\u00f8nn, alder, bakgrunn eller i denne sammenheng: geografisk tilh\u00f8righet.<\/p>\n<p><b>Fokuset p\u00e5 alder, kj\u00f8nn og bosted b\u00f8r ikke v\u00e6re det f\u00f8rste man ser p\u00e5 n\u00e5r viktige lederverv skal besettes.<\/b><\/p>\n<p>   <img decoding=\"async\" width=\"1117\" height=\"628\" fetchpriority=\"low\"  loading=\"lazy\"  src=\"https:\/\/www.europesays.com\/no\/wp-content\/uploads\/2025\/12\/Glenn-Rudi+Skj%C3%B8nberg.jpg\" alt=\"\" class=\"brick-c-cFOWSL\" style=\"--brick-image-ratio: 1117 \/ 628;\"\/><\/p>\n<p>      Glenn-Rudi Skj\u00f8nberg.<br \/>\n      Foto: Privat\n    <\/p>\n<p>Hvis H\u00f8yre skulle velge bort den best kvalifiserte nestlederkandidaten av hensyn til geografi, kan det p\u00e5 lengre sikt svekke b\u00e5de partiets troverdighet og evne til \u00e5 beholde politisk talent.<\/p>\n<p>I videre forstand vil det ogs\u00e5 kunne redusere partiets kapasitet til \u00e5 gj\u00f8re gode analyser, ta strategisk kloke valg og tiltrekke seg velgere.<\/p>\n<p><b>Les ogs\u00e5: <a rel=\"Follow nofollow noopener\" href=\"https:\/\/www.nettavisen.no\/norsk-debatt\/mdg-skryter-i-sosiale-medier-ikke-lenger-holdbart\/o\/5-95-2759942\" target=\"_blank\">Klimapartiet har oversolgt seieren sin<\/a><\/b><\/p>\n<p>Flere kabaler som m\u00e5 g\u00e5 opp<\/p>\n<p>For H\u00f8yres del er det flere kabaler som skal g\u00e5 opp enn kj\u00f8nn og geografi alene. Rollen som leder av utenrikskomiteen st\u00e5r ogs\u00e5 ved et veiskille, hvor bergenser og tidligere nestlederkandidat Peter Fr\u00f8lich <a href=\"https:\/\/www.nettavisen.no\/nyheter\/peter-frolich-vil-ikke-bli-ny-nestleder-i-hoyre\/s\/5-95-2766567\" rel=\"Follow nofollow noopener\" target=\"_blank\">har flagget sitt kandidatur<\/a>.<\/p>\n<p>Ola Svenneby kom ikke inn p\u00e5 Stortinget ved valget. \u00c5 gj\u00f8re ham til nestleder vil v\u00e6re en langsiktig strategi for \u00e5 holde partiets st\u00f8rste talent i politikken og bygge ham videre som lederskikkelse.<\/p>\n<p>Partiet ser ogs\u00e5 ut til \u00e5 \u00f8nske Henrik Asheim med videre i ledelsen, trolig p\u00e5 bakgrunn av erfaring og stabilitet. Dersom H\u00f8yre skulle velge \u00e5 skifte ham ut, b\u00f8r det handle om fornyelse eller at en annen kandidat er bedre kvalifisert \u2013 ikke om at han er fra Akershus.<\/p>\n<p>M\u00e5 velge de beste<\/p>\n<p>Kanskje kan \u00f8stlendinger i H\u00f8yres toppledelse ha like h\u00f8y legitimitet p\u00e5 Vestlandet og i Nord-Norge som lokale politikere, og sikre at disse regionenes stemmer blir h\u00f8rt uten selv \u00e5 v\u00e6re vestlendinger eller nordlendinger.<\/p>\n<p>Kanskje ivaretas behovet for representasjon godt nok gjennom H\u00f8yres stortingsgruppe, selv om de aller \u00f8verste vervene tilfaller \u00f8stlendinger.<\/p>\n<p>Et parti kan tape legitimitet p\u00e5 kort sikt ved \u00e5 overse representasjon.<\/p>\n<p><b>Partiet taper langt mer p\u00e5 lang sikt dersom det slutter \u00e5 velge sine beste folk.<\/b><\/p>\n","protected":false},"excerpt":{"rendered":"Jeg mener dette p\u00e5 ingen m\u00e5te er et problem i seg selv. Problemet oppst\u00e5r f\u00f8rst n\u00e5r geografisk representasjon&hellip;\n","protected":false},"author":2,"featured_media":109048,"comment_status":"","ping_status":"","sticky":false,"template":"","format":"standard","meta":{"footnotes":""},"categories":[10],"tags":[20,21,24,25,15,22,23,13,30,28,29,14,16,26,27],"class_list":{"0":"post-109047","1":"post","2":"type-post","3":"status-publish","4":"format-standard","5":"has-post-thumbnail","7":"category-norge","8":"tag-breaking-news","9":"tag-breakingnews","10":"tag-featured-news","11":"tag-featurednews","12":"tag-headlines","13":"tag-latest-news","14":"tag-latestnews","15":"tag-news","16":"tag-no","17":"tag-norge","18":"tag-norway","19":"tag-nyheter","20":"tag-overskrifter","21":"tag-top-stories","22":"tag-topstories"},"share_on_mastodon":{"url":"https:\/\/pubeurope.com\/@no\/115693887641372758","error":""},"_links":{"self":[{"href":"https:\/\/www.europesays.com\/no\/wp-json\/wp\/v2\/posts\/109047","targetHints":{"allow":["GET"]}}],"collection":[{"href":"https:\/\/www.europesays.com\/no\/wp-json\/wp\/v2\/posts"}],"about":[{"href":"https:\/\/www.europesays.com\/no\/wp-json\/wp\/v2\/types\/post"}],"author":[{"embeddable":true,"href":"https:\/\/www.europesays.com\/no\/wp-json\/wp\/v2\/users\/2"}],"replies":[{"embeddable":true,"href":"https:\/\/www.europesays.com\/no\/wp-json\/wp\/v2\/comments?post=109047"}],"version-history":[{"count":0,"href":"https:\/\/www.europesays.com\/no\/wp-json\/wp\/v2\/posts\/109047\/revisions"}],"wp:featuredmedia":[{"embeddable":true,"href":"https:\/\/www.europesays.com\/no\/wp-json\/wp\/v2\/media\/109048"}],"wp:attachment":[{"href":"https:\/\/www.europesays.com\/no\/wp-json\/wp\/v2\/media?parent=109047"}],"wp:term":[{"taxonomy":"category","embeddable":true,"href":"https:\/\/www.europesays.com\/no\/wp-json\/wp\/v2\/categories?post=109047"},{"taxonomy":"post_tag","embeddable":true,"href":"https:\/\/www.europesays.com\/no\/wp-json\/wp\/v2\/tags?post=109047"}],"curies":[{"name":"wp","href":"https:\/\/api.w.org\/{rel}","templated":true}]}}