{"id":109049,"date":"2025-12-10T06:37:10","date_gmt":"2025-12-10T06:37:10","guid":{"rendered":"https:\/\/www.europesays.com\/no\/109049\/"},"modified":"2025-12-10T06:37:10","modified_gmt":"2025-12-10T06:37:10","slug":"reagerer-pa-vm-stjernenes-roykevaner-veldig-fjernt","status":"publish","type":"post","link":"https:\/\/www.europesays.com\/no\/109049\/","title":{"rendered":"Reagerer p\u00e5 VM-stjernenes r\u00f8ykevaner: \u2013 Veldig fjernt"},"content":{"rendered":"\n<p class=\"_lead_o9xde_2 _lead_xtcu6_50 layout-component text-serif-m layout-normal text-serif-l layout-component layout-wide layout-padded _wide_17hqh_1 layout-padded\">Flere av de montenegrinske h\u00e5ndballspillerne tok seg en r\u00f8yk dagen f\u00f8r VM-kvartfinalen mot Norge.<\/p>\n<p><img alt=\"Henny Reistad og de norske h\u00e5ndballjentene tar avstand fra r\u00f8yk.  Foto: Beate Oma Dahle \/ NTB.\" class=\"_image_qp4xg_65 layout-component layout-wide\" data-fullscreen- data-track-element-type=\"Article image fullscreen\" data-track-name=\"ImageFullscreen\" fetchpriority=\"high\" decoding=\"sync\" loading=\"eager\" height=\"5760\" itemprop=\"image\"  src=\"https:\/\/www.europesays.com\/no\/wp-content\/uploads\/2025\/12\/1f731a7c-da47-4ed1-ba7f-9fd18f600dfa\"  style=\"object-position:0% 0%\" width=\"8640\"\/>Henny Reistad og de norske h\u00e5ndballjentene tar avstand fra r\u00f8yk.  Foto: Beate Oma Dahle \/ NTB.<\/p>\n<ul aria-hidden=\"true\" class=\"_images_ntbth_112\">\n<li><a class=\"_link_ntbth_117\" href=\"https:\/\/www.vg.no\/forfatter\/ntb\" style=\"z-index:1\" title=\"NTB\" rel=\"nofollow noopener\" target=\"_blank\"><img alt=\"Bilde av NTB\" class=\"_image_ntbth_93\" fetchpriority=\"low\" loading=\"lazy\" decoding=\"async\" itemprop=\"image\"  src=\"https:\/\/www.europesays.com\/no\/wp-content\/uploads\/2025\/12\/1765348630_141_c33980b0-5d07-4027-84a1-813f90a7c8d6\"  width=\"480\"\/><\/a><\/li>\n<\/ul>\n<p> Oppdatert onsdag 10. desember kl. 07:03     <\/p>\n<p class=\"_paragraph_o9xde_4 _paragraph_xtcu6_10 layout-component text-serif-m layout-normal text-serif-m layout-padded\">\u2013 Jeg er glad det ikke er noen av mine spillere! sier landslagssjef Ole Gustav Gjekstad til NTB.<\/p>\n<p class=\"_paragraph_o9xde_4 _paragraph_xtcu6_10 layout-component text-serif-m layout-normal text-serif-m layout-padded\">NTB har f\u00e5tt opplyst at flere spillere p\u00e5 Montenegro ble observert r\u00f8ykende utenfor spillerhotellet i Dortmund dagen f\u00f8r kamp, som endte med 32-23-seier til <a href=\"https:\/\/www.vg.no\/tag\/norge?utm_source=vg-article&amp;utm_medium=auto-tagger&amp;utm_campaign=k0aBrX\" class=\"_link_o9xde_39\" rel=\"nofollow noopener\" target=\"_blank\">Norge<\/a>.<\/p>\n<p class=\"_paragraph_o9xde_4 _paragraph_xtcu6_10 layout-component text-serif-m layout-normal text-serif-m layout-padded\">At spillere fra flere nasjoner kan ta seg en bl\u00e5s, er ikke noe nytt for de norske spillerne, men:<\/p>\n<p class=\"_paragraph_o9xde_4 _paragraph_xtcu6_10 layout-component text-serif-m layout-normal text-serif-m layout-padded\">\u2013 Det er veldig fjernt for oss at det skjer, sier Norges Malin Aune til NTB.<\/p>\n<p class=\"_paragraph_o9xde_4 _paragraph_xtcu6_10 layout-component text-serif-m layout-normal text-serif-m layout-padded\">\u2013 Vi kjenner flere av spillerne selv. Det er mange som har spilt med dem i klubb \u00f2g. Det er en litt annen kultur i det norske laget, sier Aune.<\/p>\n<p class=\"_paragraph_o9xde_4 _paragraph_xtcu6_10 layout-component text-serif-m layout-normal text-serif-m layout-padded\">Gjekstad er klar p\u00e5 sin holdning.<\/p>\n<p class=\"_paragraph_o9xde_4 _paragraph_xtcu6_10 layout-component text-serif-m layout-normal text-serif-m layout-padded\">\u2013 Vi vet at det er litt andre kulturer andre steder. Hvis du r\u00f8yker som idrettsut\u00f8ver i h\u00e5ndball, er jeg litt usikker p\u00e5 om du f\u00e5r straffen n\u00e5, antakelig straffen kommer senere, men den kommer.<\/p>\n<p class=\"_paragraph_o9xde_4 _paragraph_xtcu6_10 layout-component text-serif-m layout-normal text-serif-m layout-padded\">Det ble styr i EM i fjor da flere franske landslagsspillere ble avbildet mens de tok en r\u00f8yk. Kaptein Henny Reistad mener de kunne prestert bedre med en bedre livsstil.<\/p>\n<p class=\"_paragraph_o9xde_4 _paragraph_xtcu6_10 layout-component text-serif-m layout-normal text-serif-m layout-padded\">\u2013 Men for dem er det normalt, og da blir det bare litt kulturkrasj.<\/p>\n<p class=\"_paragraph_o9xde_4 _paragraph_xtcu6_10 layout-component text-serif-m layout-normal text-serif-m layout-padded\">Montenegro har r\u00f8ket ut av mesterskapet, og s\u00e5 langt har Norge valset gjennom VM med sju strake seirer. Fredag spilles semifinale i Rotterdam.<\/p>\n<p class=\"_paragraph_o9xde_4 _paragraph_xtcu6_10 layout-component text-serif-m layout-normal text-serif-m layout-padded\">Onsdag blir det avgjort om motstanderen blir vertsnasjon Nederland eller Ungarn.<\/p>\n","protected":false},"excerpt":{"rendered":"Flere av de montenegrinske h\u00e5ndballspillerne tok seg en r\u00f8yk dagen f\u00f8r VM-kvartfinalen mot Norge. Henny Reistad og de&hellip;\n","protected":false},"author":2,"featured_media":109050,"comment_status":"","ping_status":"","sticky":false,"template":"","format":"standard","meta":{"footnotes":""},"categories":[59],"tags":[105,30,28,29,83,82,1871],"class_list":{"0":"post-109049","1":"post","2":"type-post","3":"status-publish","4":"format-standard","5":"has-post-thumbnail","7":"category-sport","8":"tag-handball","9":"tag-no","10":"tag-norge","11":"tag-norway","12":"tag-sport","13":"tag-sports","14":"tag-vm"},"share_on_mastodon":{"url":"https:\/\/pubeurope.com\/@no\/115693895421234559","error":""},"_links":{"self":[{"href":"https:\/\/www.europesays.com\/no\/wp-json\/wp\/v2\/posts\/109049","targetHints":{"allow":["GET"]}}],"collection":[{"href":"https:\/\/www.europesays.com\/no\/wp-json\/wp\/v2\/posts"}],"about":[{"href":"https:\/\/www.europesays.com\/no\/wp-json\/wp\/v2\/types\/post"}],"author":[{"embeddable":true,"href":"https:\/\/www.europesays.com\/no\/wp-json\/wp\/v2\/users\/2"}],"replies":[{"embeddable":true,"href":"https:\/\/www.europesays.com\/no\/wp-json\/wp\/v2\/comments?post=109049"}],"version-history":[{"count":0,"href":"https:\/\/www.europesays.com\/no\/wp-json\/wp\/v2\/posts\/109049\/revisions"}],"wp:featuredmedia":[{"embeddable":true,"href":"https:\/\/www.europesays.com\/no\/wp-json\/wp\/v2\/media\/109050"}],"wp:attachment":[{"href":"https:\/\/www.europesays.com\/no\/wp-json\/wp\/v2\/media?parent=109049"}],"wp:term":[{"taxonomy":"category","embeddable":true,"href":"https:\/\/www.europesays.com\/no\/wp-json\/wp\/v2\/categories?post=109049"},{"taxonomy":"post_tag","embeddable":true,"href":"https:\/\/www.europesays.com\/no\/wp-json\/wp\/v2\/tags?post=109049"}],"curies":[{"name":"wp","href":"https:\/\/api.w.org\/{rel}","templated":true}]}}