{"id":109055,"date":"2025-12-10T06:42:16","date_gmt":"2025-12-10T06:42:16","guid":{"rendered":"https:\/\/www.europesays.com\/no\/109055\/"},"modified":"2025-12-10T06:42:16","modified_gmt":"2025-12-10T06:42:16","slug":"sor-norge-far-gronn-jul-uten-sno","status":"publish","type":"post","link":"https:\/\/www.europesays.com\/no\/109055\/","title":{"rendered":"S\u00f8r-Norge f\u00e5r gr\u00f8nn jul uten sn\u00f8"},"content":{"rendered":"<p>Blir det egentlig jul uten sn\u00f8?\u00a0<\/p>\n<p>Ja, det gj\u00f8r jo det. Men det er noe magisk med den hvite jula. Sn\u00f8dekte, metersh\u00f8ye grantr\u00e6r, julelys i gatene og julestjerner i vinduene &#8211; det er gjerne den klisjeen man ser for seg n\u00e5r tankene om jul f\u00f8rst begynner \u00e5 dukke opp.<\/p>\n<p>    <a itemprop=\"url\" href=\"https:\/\/www.dagbladet.no\/nyheter\/ko-for-posene-massivt-press\/83933964\" rel=\"nofollow noopener\" target=\"_blank\"><\/p>\n<p>        <img loading=\"lazy\" decoding=\"async\" src=\"https:\/\/www.europesays.com\/no\/wp-content\/uploads\/2025\/12\/83942495.webp\" width=\"147\" height=\"98\" title=\"K\u00f8 for posene: - Massivt press\" alt=\"\" class=\"lazyload\" style=\"--aspect-ratio-image: 1.50; \"\/><\/p>\n<p>        K\u00f8 for posene: &#8211; Massivt press<\/p>\n<p>    <\/a><\/p>\n<p>Er du blant dem som ser fram til en rolig julefeiring hvor du kanskje f\u00e5r tid til en tur ut p\u00e5 ski mellom julematen og julefilmen, har TV 2s v\u00e6rsjef Eli Kari Gjengedal imidlertid d\u00e5rlig nytt.\u00a0<\/p>\n<p>        NEW ZEALAND: Da reporter Jessica Tyson skulle ut \u00e5 spille inn en sending fyker plutselig en m\u00e5ke rett i ansiktet hennes. Video: Instagram\/@jessicatyson08. Reporter: Trond Markus Gravdal<\/p>\n<p>&#8211; De som har lyst p\u00e5 hvit jul m\u00e5 h\u00f8yt opp i fjellet og langt nord. S\u00e5nn 800 metes h\u00f8yde, for eksempel oppover til Hemsedal og Geilo. I S\u00f8r-Norge, spesielt i lavlandet, er det duket for en gr\u00f8nn jul, forteller hun til Dagbladet.<\/p>\n<p>        <img loading=\"lazy\" decoding=\"async\" src=\"https:\/\/www.europesays.com\/no\/wp-content\/uploads\/2025\/12\/83962313.webp\" width=\"686\" height=\"1023\" title=\"V\u00c6RSJEF: Eli Kari Gjengedal har lang erfaring med \u00e5 sp\u00e5 v\u00e6ret, b\u00e5de p\u00e5 godt og p\u00e5 vondt. Foto: Andreas Fadum \/ Se og H\u00f8r\" alt=\"\" class=\"\" style=\"--aspect-ratio-image: 0.67; \"\/><\/p>\n<p>\n        V\u00c6RSJEF: Eli Kari Gjengedal har lang erfaring med \u00e5 sp\u00e5 v\u00e6ret, b\u00e5de p\u00e5 godt og p\u00e5 vondt. Foto: Andreas Fadum \/ Se og H\u00f8r\n    <\/p>\n<p>Bor du i S\u00f8r-Norge og lengter etter \u00e5 spenne p\u00e5 deg skiene, har Gjengedal en klar anbefaling.<\/p>\n<p>&#8211; Er det ikke et s\u00e5nt inneski-anlegg p\u00e5 L\u00f8renskog? Jeg \u00f8nsker dere god tur dit, og s\u00e5 m\u00e5 jeg bare beklage, for jeg skulle s\u00e5 gjerne gitt dere sn\u00f8 og kulde, men det ser ikke s\u00e5nn ut akkurat n\u00e5.<\/p>\n<p>    <a itemprop=\"url\" href=\"https:\/\/www.dagbladet.no\/nyheter\/tsunamivarsel-etter-kraftig-jordskjelv\/83955846\" rel=\"nofollow noopener\" target=\"_blank\"><\/p>\n<p>        <img loading=\"lazy\" decoding=\"async\" src=\"https:\/\/www.europesays.com\/no\/wp-content\/uploads\/2025\/12\/83955853.webp\" width=\"980\" height=\"441\" title=\"Tsunamivarsel etter kraftig jordskjelv\" alt=\"\" class=\"lazyload\" style=\"--aspect-ratio-image: 2.22; \"\/><\/p>\n<p>        Tsunamivarsel etter kraftig jordskjelv<\/p>\n<p>    <\/a><\/p>\n<p>Det er et ordtak som lyder at det er ingenting som er s\u00e5 galt at det ikke er godt for noe, og det gjelder ogs\u00e5 den sn\u00f8-frie jula.<\/p>\n<p>&#8211; De som liker at det er bart og ikke glatte veier, de kan glede seg over den gr\u00f8nne jula i S\u00f8r-Norge. Det skal godt gj\u00f8res \u00e5 tryne p\u00e5 glattisen i S\u00f8r-Norge, s\u00e5 legevakta trenger ikke tenke p\u00e5 mange ankelbrudd i selve julehelga, for det blir ikke glatt i alle fall, understreker v\u00e6rsjefen.\u00a0<\/p>\n<p>        SKJULES FRA MAMMA: Solveig Kloppen r\u00f8per at hun f\u00e5r se Tiktok-videoene som s\u00f8nnen Albert legger ut av henne. Reporter: Sanne Holt. Video: Nora Skavhaug\/ R\u00f8d L\u00f8per\/ Tiktok\/ @albertkloppen<\/p>\n<p>Blir v\u00e5tt\t<\/p>\n<p>Heller ikke Julie Storsvik V\u00e5gane ved Meteorologisk institutt har troa p\u00e5 hvit jul i S\u00f8r-Norge. If\u00f8lge henne blir det en del v\u00e6r \u00e5 hanskes med f\u00f8r julehelga begynner.<\/p>\n<p>&#8211; Flere lavtrykk treffer oss denne og neste uke, og S\u00f8r-Norge blir mest utsatt, sier hun til Dagbladet.<\/p>\n<p>    <a itemprop=\"url\" href=\"https:\/\/www.dagbladet.no\/nyheter\/kan-utgjore-en-livsfare\/83956671\" rel=\"nofollow noopener\" target=\"_blank\"><\/p>\n<p>        <img loading=\"lazy\" decoding=\"async\" src=\"https:\/\/www.europesays.com\/no\/wp-content\/uploads\/2025\/12\/83956680.webp\" width=\"980\" height=\"441\" title=\"\u00abKan utgj\u00f8re en livsfare\u00bb\" alt=\"\" class=\"lazyload\" style=\"--aspect-ratio-image: 2.22; \"\/><\/p>\n<p>        \u00abKan utgj\u00f8re en livsfare\u00bb<\/p>\n<p>    <\/a><\/p>\n<p>Restene av stormen Bram treffer Norge i morgen. Den truer Storbritannia med store nedb\u00f8rsmengder og <a href=\"https:\/\/www.dagbladet.no\/nyheter\/kan-utgjore-en-livsfare\/83956671\" rel=\"nofollow noopener\" target=\"_blank\">vindkast p\u00e5 opptil 40 meter i sekundet<\/a>.<\/p>\n<p>&#8211; Det blir heldigvis mindre intenst hos oss enn det vi ser lenger vest i Europa. Storbritannia og Irland er hardest rammet. For v\u00e5r del ligger det an til en ganske v\u00e5t dag b\u00e5de onsdag og torsdag, spesielt p\u00e5 Vestlandet. Der kommer det mest nedb\u00f8r og en del vind, men ikke nok til at vi har sendt ut farevarsel, sier Storsvik V\u00e5gane.<\/p>\n<p>        GIFTIG: En familie hadde satt opp juletreet sitt, da en uventet og s\u00e6rdeles giftig gjest kom ut av treet. Video: Kameraone<\/p>\n<p>&#8211; Et lite h\u00e5p\t<\/p>\n<p>Med plussgrader, regn og gr\u00f8nt gress er det lite som gir julestemning i S\u00f8r-Norge n\u00e5. Men meteorologen har et lite h\u00e5p om bedring.<\/p>\n<p class=\"font-weight-bold m-font-weight-bold\" data-lab-font_weight=\"font-weight-bold\">&#8211; Det ligger an til at det kan bli t\u00f8rrere og kj\u00f8ligere mot julaften, spesielt i \u00f8stlige omr\u00e5der, sier hun.<\/p>\n<p>Meteorologen forteller at det er mange lavtrykk som treffer S\u00f8r-Norge i dagene framover. De vil prege v\u00e6ret b\u00e5de denne og neste uke. Hvordan julev\u00e6ret blir, kan avhenge av hvordan de siste lavtrykkene beveger seg.<\/p>\n<p>        <img loading=\"lazy\" decoding=\"async\" src=\"https:\/\/www.europesays.com\/no\/wp-content\/uploads\/2025\/12\/83958723.webp\" width=\"980\" height=\"559\" title=\"H\u00c5P: If\u00f8lge meteorologen er det n\u00e5 muligheter for at det kan bli t\u00f8rrere og kj\u00f8ligere inn mot julaften, spesielt i \u00f8stlige omr\u00e5der. Illustrasjonsfoto: Gorm Kallestad \/ NTB\" alt=\"\" class=\"\" style=\"--aspect-ratio-image: 1.75; \"\/><\/p>\n<p>\n        H\u00c5P: If\u00f8lge meteorologen er det n\u00e5 muligheter for at det kan bli t\u00f8rrere og kj\u00f8ligere inn mot julaften, spesielt i \u00f8stlige omr\u00e5der. Illustrasjonsfoto: Gorm Kallestad \/ NTB\n    <\/p>\n<p>&#8211; For Vestlandet er sjansen for en t\u00f8rr og kj\u00f8lig julaften liten slik det ser ut n\u00e5. P\u00e5 \u00d8stlandet er sjansen litt st\u00f8rre, sier hun.<\/p>\n<p>    <a itemprop=\"url\" href=\"https:\/\/www.dagbladet.no\/nyheter\/kan-snu-bratt\/83952483\" rel=\"nofollow noopener\" target=\"_blank\"><\/p>\n<p>        <img loading=\"lazy\" decoding=\"async\" src=\"https:\/\/www.europesays.com\/no\/wp-content\/uploads\/2025\/12\/83954680.webp\" width=\"980\" height=\"441\" title=\"Kan snu br\u00e5tt\" alt=\"\" class=\"lazyload\" style=\"--aspect-ratio-image: 2.22; \"\/><\/p>\n<p>        Kan snu br\u00e5tt<\/p>\n<p>    <\/a><\/p>\n<p>&#8211; Det blir v\u00e5te uker b\u00e5de denne og neste uke, men det er et h\u00e5p om at lavtrykksaktiviteten roer seg litt inn mot julaften. Det er i hvert fall en sjanse for det, utdyper hun.<\/p>\n","protected":false},"excerpt":{"rendered":"Blir det egentlig jul uten sn\u00f8?\u00a0 Ja, det gj\u00f8r jo det. Men det er noe magisk med den&hellip;\n","protected":false},"author":2,"featured_media":109056,"comment_status":"","ping_status":"","sticky":false,"template":"","format":"standard","meta":{"footnotes":""},"categories":[10],"tags":[20,21,6954,24,25,15,2539,22,23,13,30,28,29,14,16,26,27,553],"class_list":{"0":"post-109055","1":"post","2":"type-post","3":"status-publish","4":"format-standard","5":"has-post-thumbnail","7":"category-norge","8":"tag-breaking-news","9":"tag-breakingnews","10":"tag-eli-kari-gjengedal","11":"tag-featured-news","12":"tag-featurednews","13":"tag-headlines","14":"tag-innenriks","15":"tag-latest-news","16":"tag-latestnews","17":"tag-news","18":"tag-no","19":"tag-norge","20":"tag-norway","21":"tag-nyheter","22":"tag-overskrifter","23":"tag-top-stories","24":"tag-topstories","25":"tag-vaer"},"share_on_mastodon":{"url":"https:\/\/pubeurope.com\/@no\/115693915085179172","error":""},"_links":{"self":[{"href":"https:\/\/www.europesays.com\/no\/wp-json\/wp\/v2\/posts\/109055","targetHints":{"allow":["GET"]}}],"collection":[{"href":"https:\/\/www.europesays.com\/no\/wp-json\/wp\/v2\/posts"}],"about":[{"href":"https:\/\/www.europesays.com\/no\/wp-json\/wp\/v2\/types\/post"}],"author":[{"embeddable":true,"href":"https:\/\/www.europesays.com\/no\/wp-json\/wp\/v2\/users\/2"}],"replies":[{"embeddable":true,"href":"https:\/\/www.europesays.com\/no\/wp-json\/wp\/v2\/comments?post=109055"}],"version-history":[{"count":0,"href":"https:\/\/www.europesays.com\/no\/wp-json\/wp\/v2\/posts\/109055\/revisions"}],"wp:featuredmedia":[{"embeddable":true,"href":"https:\/\/www.europesays.com\/no\/wp-json\/wp\/v2\/media\/109056"}],"wp:attachment":[{"href":"https:\/\/www.europesays.com\/no\/wp-json\/wp\/v2\/media?parent=109055"}],"wp:term":[{"taxonomy":"category","embeddable":true,"href":"https:\/\/www.europesays.com\/no\/wp-json\/wp\/v2\/categories?post=109055"},{"taxonomy":"post_tag","embeddable":true,"href":"https:\/\/www.europesays.com\/no\/wp-json\/wp\/v2\/tags?post=109055"}],"curies":[{"name":"wp","href":"https:\/\/api.w.org\/{rel}","templated":true}]}}