{"id":109058,"date":"2025-12-10T06:49:12","date_gmt":"2025-12-10T06:49:12","guid":{"rendered":"https:\/\/www.europesays.com\/no\/109058\/"},"modified":"2025-12-10T06:49:12","modified_gmt":"2025-12-10T06:49:12","slug":"telia-har-it-problemer-rammer-nettsider-og-tv-tjenester-nrk-norge-oversikt-over-nyheter-fra-ulike-deler-av-landet","status":"publish","type":"post","link":"https:\/\/www.europesays.com\/no\/109058\/","title":{"rendered":"Telia har IT-problemer \u2013 rammer nettsider og TV-tjenester \u2013 NRK Norge \u2013 Oversikt over nyheter fra ulike deler av landet"},"content":{"rendered":"<p>\u2013 TV-tjenesten v\u00e5r er n\u00e5 tilbake igjen. Vi beklager s\u00e5 mye for ulempen det medf\u00f8rte for ber\u00f8rte kunder, sa Ellen C. Scheen, kommunikasjonssjef i Telia til NTB, da det var sju minutter igjen av h\u00e5ndballkampen.<\/p>\n<p>Tirsdag kveld har det v\u00e6rt problemer med flere av Telias tjenester, inkludert TV-tilbudet.<\/p>\n<p><strong>Samtidig spilte de norske h\u00e5ndballkvinnene kvartfinalekamp i VM Montenegro. Frustrerte seere p\u00e5 b\u00e5de X og i NRK sin innboks fortalte om tr\u00f8bbel med \u00e5 f\u00f8lge kampen. <\/strong><\/p>\n<p><img decoding=\"async\"   src=\"data:image\/gif;base64,R0lGODlhAQABAIAAAAAAAP\/\/\/yH5BAEAAAAALAAAAAABAAEAAAIBRAA7\" loading=\"eager\" alt=\"Feilmelding p\u00e5 Telia sine nettsider\" title=\"Foto: Skjermbilde\"\/><\/p>\n<p>Foto: Skjermbilde<\/p>\n<p>Det var IT-problemer som for\u00e5rsaket tr\u00f8bbelet, som rammet b\u00e5de nettsider, sentralbordl\u00f8sningen til enkelte bedriftskunder og deler av TV-tjenesten, if\u00f8lge Telias kommunikasjonssjef.<\/p>\n<p>Fikk du ikke med deg kampen? Les om den her: <\/p>\n<p>Ogs\u00e5 tr\u00f8bbel i Sverige<\/p>\n<p>Ogs\u00e5 i Sverige har Telia hatt store tekniske problemer. Det skriver <a href=\"https:\/\/www.svt.se\/nyheter\/inrikes\/it-strul-pa-tisdagen-coop-och-telia-paverkade\" ec-id=\"https:\/\/www.svt.se\/nyheter\/inrikes\/it-strul-pa-tisdagen-coop-och-telia-paverkade\" ec-name=\"SVT\" rel=\"nofollow noopener\" target=\"_blank\">SVT<\/a>.<\/p>\n<p>Klokken 21.40 melder svenske medier at problemene er l\u00f8st.<\/p>\n<p><strong>I Sverige f\u00f8rte IT-tr\u00f8bbelet blant annet til at telefonlinjene til politi og sykehus i noen regioner var nede.<\/strong><\/p>\n<p>\u2013 Vi opplever tekniske problemer n\u00e5. Det g\u00e5r ikke an \u00e5 ringe 114 14, men n\u00f8dnummeret 112 er ikke p\u00e5virket, sa pressetalsperson Diana Qudhaib til Aftonbladet.<\/p>\n<p>I samtlige av Sveriges Coop-butikker var det verken mulig \u00e5 bruke kontaktl\u00f8s betaling eller betaling med telefonen. I noen tilfeller kunne man betale med \u00e5 sette kortet inn i maskinen.<\/p>\n<p>Publisert<\/p>\n<p>09.12.2025, kl. 20.50<\/p>\n<p>Oppdatert<\/p>\n<p>09.12.2025, kl. 23.33<\/p>\n","protected":false},"excerpt":{"rendered":"\u2013 TV-tjenesten v\u00e5r er n\u00e5 tilbake igjen. Vi beklager s\u00e5 mye for ulempen det medf\u00f8rte for ber\u00f8rte kunder,&hellip;\n","protected":false},"author":2,"featured_media":109059,"comment_status":"","ping_status":"","sticky":false,"template":"","format":"standard","meta":{"footnotes":""},"categories":[10],"tags":[20,21,24,25,15,22,23,13,30,28,29,14,16,26,27],"class_list":{"0":"post-109058","1":"post","2":"type-post","3":"status-publish","4":"format-standard","5":"has-post-thumbnail","7":"category-norge","8":"tag-breaking-news","9":"tag-breakingnews","10":"tag-featured-news","11":"tag-featurednews","12":"tag-headlines","13":"tag-latest-news","14":"tag-latestnews","15":"tag-news","16":"tag-no","17":"tag-norge","18":"tag-norway","19":"tag-nyheter","20":"tag-overskrifter","21":"tag-top-stories","22":"tag-topstories"},"share_on_mastodon":{"url":"https:\/\/pubeurope.com\/@no\/115693942447701089","error":""},"_links":{"self":[{"href":"https:\/\/www.europesays.com\/no\/wp-json\/wp\/v2\/posts\/109058","targetHints":{"allow":["GET"]}}],"collection":[{"href":"https:\/\/www.europesays.com\/no\/wp-json\/wp\/v2\/posts"}],"about":[{"href":"https:\/\/www.europesays.com\/no\/wp-json\/wp\/v2\/types\/post"}],"author":[{"embeddable":true,"href":"https:\/\/www.europesays.com\/no\/wp-json\/wp\/v2\/users\/2"}],"replies":[{"embeddable":true,"href":"https:\/\/www.europesays.com\/no\/wp-json\/wp\/v2\/comments?post=109058"}],"version-history":[{"count":0,"href":"https:\/\/www.europesays.com\/no\/wp-json\/wp\/v2\/posts\/109058\/revisions"}],"wp:featuredmedia":[{"embeddable":true,"href":"https:\/\/www.europesays.com\/no\/wp-json\/wp\/v2\/media\/109059"}],"wp:attachment":[{"href":"https:\/\/www.europesays.com\/no\/wp-json\/wp\/v2\/media?parent=109058"}],"wp:term":[{"taxonomy":"category","embeddable":true,"href":"https:\/\/www.europesays.com\/no\/wp-json\/wp\/v2\/categories?post=109058"},{"taxonomy":"post_tag","embeddable":true,"href":"https:\/\/www.europesays.com\/no\/wp-json\/wp\/v2\/tags?post=109058"}],"curies":[{"name":"wp","href":"https:\/\/api.w.org\/{rel}","templated":true}]}}