{"id":109064,"date":"2025-12-10T07:03:09","date_gmt":"2025-12-10T07:03:09","guid":{"rendered":"https:\/\/www.europesays.com\/no\/109064\/"},"modified":"2025-12-10T07:03:09","modified_gmt":"2025-12-10T07:03:09","slug":"norge-melding-dagbladet","status":"publish","type":"post","link":"https:\/\/www.europesays.com\/no\/109064\/","title":{"rendered":"Norge-melding &#8211; Dagbladet"},"content":{"rendered":"<ol>\n<li><a href=\"https:\/\/news.google.com\/rss\/articles\/CBMiZkFVX3lxTFBkRS1DV3JOMkQzcy1ySmVmM09lcUZEdU1OOVVrbWRKOUJZOTYxdExrYjgyLVJQNEFkT092YkM0UFp4NUVNaE1vV3FETXdfQ3BhNVhkSDNmeGZxN0NPVTBlWjZ6MnA0Zw?oc=5\" target=\"_blank\" rel=\"nofollow noopener\">Norge-melding<\/a>&nbsp;&nbsp;Dagbladet<\/li>\n<li><a href=\"https:\/\/news.google.com\/rss\/articles\/CBMisAFBVV95cUxNMWFjSkNoemx3YXhrU0tlUzNxUE1GZXBVZ2duMndFNlg0bl9qNXRreEt0X1l3bTg4UFBaeGV1aHNIXzFoVnBTRUk0SVZkblR3LUJDLTdSNlZOeVY2UUg3MUZzSFNGY3cyZ3kxOFJmNnpWeHRRcWJCZTlBM2dEc1pjWkpLNGZRVkZGMG5lanphQkFNNVp6d2gxZVlnS2xRdzhjT05lbzJfZ2NIb1RURlJQeQ?oc=5\" target=\"_blank\" rel=\"nofollow noopener\">Velferds-svindel blant somaliere i USA b\u00f8r v\u00e6re en l\u00e6repenge for Norge<\/a>&nbsp;&nbsp;Nettavisen<\/li>\n<li><a href=\"https:\/\/news.google.com\/rss\/articles\/CBMixAFBVV95cUxOczB0WWUzUUtqV2x2RXAyaEx2MnBsV01WQTByc2FwbTllYnhscDU2cnZHTlhzTldtNVY4OGFhR1dmUzEyUjVQVjRWUjZpNVNsR1pwMVVzeTdtektoSC1TeFFQRXJJUm5xUHpHVWlkSmpWRW84TFRabHAyTGtyY2NocDhfdVJ1MmhWdXNjRGZBd3JYN3RTVVJPZDJwM2EwX3pDZGNnMTV1OUtrblFrNE5HbUVDQ3JMVVZyZzlRWXA5SWZSVko2?oc=5\" target=\"_blank\" rel=\"nofollow noopener\">Sak om svindel og velferdsskandale i Minnesota vokser: \u2013 Som gift for USA<\/a>&nbsp;&nbsp;Finansavisen<\/li>\n<li><a href=\"https:\/\/news.google.com\/rss\/articles\/CBMimgFBVV95cUxPb0E3ZHlLQ1FOOHIybG5meFFPT2NPd1BOaWJ5eng3eWp6T21QM19IRFQyblZyYTVkNWxxSUVSc2dYNjQ2aXp4SF9JQ0pNaktFYTRFamhYR3pLckFRUEVjUkZUckRLQ1R3MUtqWTEybkpuRFBXaTJ3d2RYTHh4TWVQLThYcVBpTE85QUxEQ2J6aW04WThnUHYtRXZB?oc=5\" target=\"_blank\" rel=\"nofollow noopener\">Han snakker som en full rasist p\u00e5 bar<\/a>&nbsp;&nbsp;Aftenposten<\/li>\n<li><a href=\"https:\/\/news.google.com\/rss\/articles\/CBMimgFBVV95cUxPdUYtazFUTzA5anRmWkh2N0NBSVhmWmpWNzJaMzlkYmFwaTR5RHdzVkRkdUI0dU1CQy1yenRKcHhMUFdCVHVlSkhxbHd6NUpQTG9aaEw1TWhxTnZPeWU0Nmk2bFFzeWRHVGY0aEVQOUZsUS00akgwaDNMYWMzNXFra2s0U0NVZlBqa2V1bHdGTy1FZFJfZGJWd1hB?oc=5\" target=\"_blank\" rel=\"nofollow noopener\">Redd etter Trumps s\u00f8ppel-kommentar: \u2013 Dypt uverdig<\/a>&nbsp;&nbsp;TV2.no<\/li>\n<\/ol>\n","protected":false},"excerpt":{"rendered":"Norge-melding&nbsp;&nbsp;Dagbladet Velferds-svindel blant somaliere i USA b\u00f8r v\u00e6re en l\u00e6repenge for Norge&nbsp;&nbsp;Nettavisen Sak om svindel og velferdsskandale i&hellip;\n","protected":false},"author":2,"featured_media":109065,"comment_status":"","ping_status":"","sticky":false,"template":"","format":"standard","meta":{"footnotes":""},"categories":[12],"tags":[20,21,24,25,15,22,23,13,30,28,29,14,16,26,27,412,42,43,44,45],"class_list":{"0":"post-109064","1":"post","2":"type-post","3":"status-publish","4":"format-standard","5":"has-post-thumbnail","7":"category-verden","8":"tag-breaking-news","9":"tag-breakingnews","10":"tag-featured-news","11":"tag-featurednews","12":"tag-headlines","13":"tag-latest-news","14":"tag-latestnews","15":"tag-news","16":"tag-no","17":"tag-norge","18":"tag-norway","19":"tag-nyheter","20":"tag-overskrifter","21":"tag-top-stories","22":"tag-topstories","23":"tag-utenriks","24":"tag-verden","25":"tag-world","26":"tag-world-news","27":"tag-worldnews"},"share_on_mastodon":{"url":"https:\/\/pubeurope.com\/@no\/115693997458473510","error":""},"_links":{"self":[{"href":"https:\/\/www.europesays.com\/no\/wp-json\/wp\/v2\/posts\/109064","targetHints":{"allow":["GET"]}}],"collection":[{"href":"https:\/\/www.europesays.com\/no\/wp-json\/wp\/v2\/posts"}],"about":[{"href":"https:\/\/www.europesays.com\/no\/wp-json\/wp\/v2\/types\/post"}],"author":[{"embeddable":true,"href":"https:\/\/www.europesays.com\/no\/wp-json\/wp\/v2\/users\/2"}],"replies":[{"embeddable":true,"href":"https:\/\/www.europesays.com\/no\/wp-json\/wp\/v2\/comments?post=109064"}],"version-history":[{"count":0,"href":"https:\/\/www.europesays.com\/no\/wp-json\/wp\/v2\/posts\/109064\/revisions"}],"wp:featuredmedia":[{"embeddable":true,"href":"https:\/\/www.europesays.com\/no\/wp-json\/wp\/v2\/media\/109065"}],"wp:attachment":[{"href":"https:\/\/www.europesays.com\/no\/wp-json\/wp\/v2\/media?parent=109064"}],"wp:term":[{"taxonomy":"category","embeddable":true,"href":"https:\/\/www.europesays.com\/no\/wp-json\/wp\/v2\/categories?post=109064"},{"taxonomy":"post_tag","embeddable":true,"href":"https:\/\/www.europesays.com\/no\/wp-json\/wp\/v2\/tags?post=109064"}],"curies":[{"name":"wp","href":"https:\/\/api.w.org\/{rel}","templated":true}]}}