{"id":109070,"date":"2025-12-10T07:11:09","date_gmt":"2025-12-10T07:11:09","guid":{"rendered":"https:\/\/www.europesays.com\/no\/109070\/"},"modified":"2025-12-10T07:11:09","modified_gmt":"2025-12-10T07:11:09","slug":"brann-krodsherad-brann-pa-gard-apne-flammer","status":"publish","type":"post","link":"https:\/\/www.europesays.com\/no\/109070\/","title":{"rendered":"Brann, Kr\u00f8dsherad | Brann p\u00e5 g\u00e5rd: \u2013 \u00c5pne flammer"},"content":{"rendered":"\n<p><b>KR\u00d8DSHERAD: <\/b>N\u00f8detatene rykket onsdag morgen til Kr\u00f8derfjordveien i Kr\u00f8dsherad etter melding om en bygningsbrann s\u00f8r for Bjertnes.<\/p>\n<p>\u2013 Det blir meldt om \u00e5pne flammer fra bygget. Det skal ikke v\u00e6re personer i huset der det brenner. Det er flere bygninger p\u00e5 adressen, opplyste operasjonsleder Christian Fredrik Boer Prytz.<\/p>\n<p>If\u00f8lge brannvesenet skal det brenne i et boligbygg p\u00e5 en g\u00e5rd. De er framme p\u00e5 stedet og har startet med slukking.<\/p>\n<p>   <img decoding=\"async\" width=\"2048\" height=\"1536\" fetchpriority=\"low\"  loading=\"lazy\"  src=\"https:\/\/www.europesays.com\/no\/wp-content\/uploads\/2025\/12\/597182654_837686642517129_8079343159622305906_n.jpg\" alt=\"\" class=\"brick-c-cFOWSL\" style=\"--brick-image-ratio: 2048 \/ 1536;\"\/><\/p>\n<p>      Brann p\u00e5 g\u00e5rd Kr\u00f8dsherad<br \/>\n      Foto: Ronny Blekkan\n    <\/p>\n<p>Politibetjent p\u00e5 stedet, Christian S\u00f8rby, bekrefter overfor Bygdeposten at det ikke var personer i huset da det begynte \u00e5 brenne.<\/p>\n<p>Han opplyser videre at huset benyttes til utleie.<\/p>\n<p>Brann\u00e5rsaken er ukjent.<\/p>\n<p>Klokken 07.58 melder Eskil Hagen Olsen, operasjonsleder i S\u00f8r\u00f8st politidistrikt at det fortsatt ikke er kontroll p\u00e5 brannen.<\/p>\n","protected":false},"excerpt":{"rendered":"KR\u00d8DSHERAD: N\u00f8detatene rykket onsdag morgen til Kr\u00f8derfjordveien i Kr\u00f8dsherad etter melding om en bygningsbrann s\u00f8r for Bjertnes. \u2013&hellip;\n","protected":false},"author":2,"featured_media":109071,"comment_status":"","ping_status":"","sticky":false,"template":"","format":"standard","meta":{"footnotes":""},"categories":[10],"tags":[36,367,20,21,24,25,15,13484,5173,22,23,6087,13,30,28,29,14,16,1510,26,27],"class_list":{"0":"post-109070","1":"post","2":"type-post","3":"status-publish","4":"format-standard","5":"has-post-thumbnail","7":"category-norge","8":"tag-art","9":"tag-brann","10":"tag-breaking-news","11":"tag-breakingnews","12":"tag-featured-news","13":"tag-featurednews","14":"tag-headlines","15":"tag-kroderen","16":"tag-krodsherad","17":"tag-latest-news","18":"tag-latestnews","19":"tag-modum","20":"tag-news","21":"tag-no","22":"tag-norge","23":"tag-norway","24":"tag-nyheter","25":"tag-overskrifter","26":"tag-story","27":"tag-top-stories","28":"tag-topstories"},"share_on_mastodon":{"url":"https:\/\/pubeurope.com\/@no\/115694029129473529","error":""},"_links":{"self":[{"href":"https:\/\/www.europesays.com\/no\/wp-json\/wp\/v2\/posts\/109070","targetHints":{"allow":["GET"]}}],"collection":[{"href":"https:\/\/www.europesays.com\/no\/wp-json\/wp\/v2\/posts"}],"about":[{"href":"https:\/\/www.europesays.com\/no\/wp-json\/wp\/v2\/types\/post"}],"author":[{"embeddable":true,"href":"https:\/\/www.europesays.com\/no\/wp-json\/wp\/v2\/users\/2"}],"replies":[{"embeddable":true,"href":"https:\/\/www.europesays.com\/no\/wp-json\/wp\/v2\/comments?post=109070"}],"version-history":[{"count":0,"href":"https:\/\/www.europesays.com\/no\/wp-json\/wp\/v2\/posts\/109070\/revisions"}],"wp:featuredmedia":[{"embeddable":true,"href":"https:\/\/www.europesays.com\/no\/wp-json\/wp\/v2\/media\/109071"}],"wp:attachment":[{"href":"https:\/\/www.europesays.com\/no\/wp-json\/wp\/v2\/media?parent=109070"}],"wp:term":[{"taxonomy":"category","embeddable":true,"href":"https:\/\/www.europesays.com\/no\/wp-json\/wp\/v2\/categories?post=109070"},{"taxonomy":"post_tag","embeddable":true,"href":"https:\/\/www.europesays.com\/no\/wp-json\/wp\/v2\/tags?post=109070"}],"curies":[{"name":"wp","href":"https:\/\/api.w.org\/{rel}","templated":true}]}}