{"id":109085,"date":"2025-12-10T07:28:10","date_gmt":"2025-12-10T07:28:10","guid":{"rendered":"https:\/\/www.europesays.com\/no\/109085\/"},"modified":"2025-12-10T07:28:10","modified_gmt":"2025-12-10T07:28:10","slug":"rettssaken-mellom-blake-lively-og-justin-baldoni-er-utsatt","status":"publish","type":"post","link":"https:\/\/www.europesays.com\/no\/109085\/","title":{"rendered":"Rettssaken mellom Blake Lively og Justin Baldoni er utsatt"},"content":{"rendered":"\n<p class=\"_lead_o9xde_2 _lead_xtcu6_50 layout-component text-serif-m layout-normal text-serif-l layout-component layout-wide layout-padded _wide_17hqh_1 layout-padded\">Rettssaken som opprinnelig skulle starte i mars 2026 er n\u00e5 utsatt i to m\u00e5neder.<\/p>\n<p><img alt=\"\" class=\"_image_qp4xg_65 layout-component layout-wide\" data-fullscreen- data-track-element-type=\"Article image fullscreen\" data-track-name=\"ImageFullscreen\" fetchpriority=\"high\" decoding=\"sync\" loading=\"eager\" height=\"1668\" itemprop=\"image\"  src=\"https:\/\/www.europesays.com\/no\/wp-content\/uploads\/2025\/12\/16b5afa1-052f-4df0-b3b2-46c54d9fead6\"  style=\"object-position:50.96000000000001% 50%\" width=\"2500\"\/><\/p>\n<ul aria-hidden=\"true\" class=\"_images_ntbth_112\">\n<li><a class=\"_link_ntbth_117\" href=\"https:\/\/www.vg.no\/forfatter\/hannah-solstad-klepp\" style=\"z-index:1\" title=\"Hannah Solstad Klepp\" rel=\"nofollow noopener\" target=\"_blank\"><img alt=\"Bilde av Hannah Solstad Klepp\" class=\"_image_ntbth_93\" fetchpriority=\"low\" loading=\"lazy\" decoding=\"async\" itemprop=\"image\"  src=\"https:\/\/www.europesays.com\/no\/wp-content\/uploads\/2025\/12\/1765351689_47_f811f9c1-64f7-4c50-9133-b5735831a650\"  width=\"480\"\/><\/a><\/li>\n<\/ul>\n<p> Oppdatert onsdag 10. desember kl. 08:01     <\/p>\n<p class=\"_paragraph_o9xde_4 _paragraph_xtcu6_10 layout-component text-serif-m layout-normal text-serif-m layout-padded\">Dommer Lewis J. Liman kunngjorde utsettelsen under en h\u00f8ring tirsdag, if\u00f8lge\u00a0<a href=\"https:\/\/people.com\/blake-lively-justin-baldoni-trial-postponed-two-months-by-judge-11865097\" class=\"_link_o9xde_39\" rel=\"nofollow noopener\" target=\"_blank\">People<\/a>. Dommeren forklarte at han har to andre straffesaker som m\u00e5 prioriteres.<\/p>\n<p class=\"_paragraph_o9xde_4 _paragraph_xtcu6_10 layout-component text-serif-m layout-normal text-serif-m layout-padded\">Rettssaken som skulle starte 9. mars 2026 har n\u00e5 f\u00e5tt en ny dato: 18. mai 2026.<\/p>\n<p class=\"_paragraph_o9xde_4 _paragraph_xtcu6_10 layout-component text-serif-m layout-normal text-serif-m layout-padded\">B\u00e5de Lively (38) og Baldoni (41) forventes \u00e5 vitne under rettssaken i New York. Neste planlagte h\u00f8ring er 22. januar for muntlige argumenter om kortreist dom.<\/p>\n<p class=\"_paragraph_o9xde_4 _paragraph_xtcu6_10 layout-component text-serif-m layout-normal text-serif-m layout-padded\">Skuespillerne har v\u00e6rt i en bitter strid siden de spilte sammen i filmen \u00abIt Ends With Us\u00bb i 2024.<\/p>\n<p class=\"_paragraph_o9xde_4 _paragraph_xtcu6_10 layout-component text-serif-m layout-normal text-serif-m layout-padded\"><a href=\"https:\/\/www.vg.no\/i\/XjeBvB\" data-track-element-type=\"Link\" data-track-id=\"link:XjeBvB\" class=\"_link_o9xde_39\" rel=\"nofollow noopener\" target=\"_blank\">Blake Lively (38) saks\u00f8kte i desember 2024 Justin Baldoni (41)<\/a> for seksuell trakassering og for \u00e5 ha startet en svertekampanje mot henne. Hun krever over 160 millioner dollar i erstatning.<\/p>\n<p class=\"_paragraph_o9xde_4 _paragraph_xtcu6_10 layout-component text-serif-m layout-normal text-serif-m layout-padded\">Baldoni nekter for anklagene, og saks\u00f8kte tilbake Lively og hennes ektemann, Ryan Reynolds, for \u00e6rekrenkelse og utpressing. Han krever 400 millioner dollar i erstatning.<\/p>\n<p><img alt=\"Baldoni regisserte og spilte i filmen \u00abIt Ends With Us\u00bb.  Foto: Caitlin Ochs \/ Reuters \/ NTB\" class=\"_image_qp4xg_65 layout-component layout-normal\" data-fullscreen- data-track-element-type=\"Article image fullscreen\" data-track-name=\"ImageFullscreen\" decoding=\"async\" loading=\"lazy\" height=\"3648\" itemprop=\"image\"  src=\"https:\/\/www.europesays.com\/no\/wp-content\/uploads\/2025\/12\/44629db5-e065-4177-986f-7b65d814a2a6\"  style=\"object-position:39.72039473684211% 45.39473684210527%\" width=\"5472\"\/>Baldoni regisserte og spilte i filmen \u00abIt Ends With Us\u00bb.  Foto: Caitlin Ochs \/ Reuters \/ NTB<\/p>\n<p class=\"_paragraph_o9xde_4 _paragraph_xtcu6_10 layout-component text-serif-m layout-normal text-serif-m layout-padded\"><a href=\"https:\/\/www.vg.no\/i\/qP4j6w\" data-track-element-type=\"Link\" data-track-id=\"link:qP4j6w\" class=\"_link_o9xde_39\" rel=\"nofollow noopener\" target=\"_blank\">I juni avviste dommeren<\/a>, Lewis J. Liman, Baldonis mots\u00f8ksm\u00e5l, og konkluderte med at Baldoni ikke hadde bevis for at Livelys trusler var ulovlig utpressing, men heller \u00ablovlig hard forhandling\u00bb. Han fant heller ikke grunnlag for \u00e6rekrenkelse.<\/p>\n<p class=\"_paragraph_o9xde_4 _paragraph_xtcu6_10 layout-component text-serif-m layout-normal text-serif-m layout-padded\">\u2013 Som vi har sagt fra dag \u00e9n, var dette \u00ab400 millioner dollar\u00bb-s\u00f8ksm\u00e5let en bl\u00f8ff, og retten s\u00e5 rett gjennom det, sa Livelys advokater i en uttalelse da.<\/p>\n<p class=\"_paragraph_o9xde_4 _paragraph_xtcu6_10 layout-component text-serif-m layout-normal text-serif-m layout-padded\"><a href=\"https:\/\/www.vg.no\/i\/wgzbRo\" data-track-element-type=\"Link\" data-track-id=\"link:wgzbRo\" class=\"_link_o9xde_39\" rel=\"nofollow noopener\" target=\"_blank\">Lively trakk tidligere tilbake to av sine opprinnelige anklager<\/a> mot Baldoni om \u00abforsettlig p\u00e5f\u00f8ring av emosjonell lidelse\u00bb og \u00abuaktsom p\u00e5f\u00f8ring av emosjonell lidelse\u00bb.<\/p>\n<p>Les ogs\u00e5<\/p>\n","protected":false},"excerpt":{"rendered":"Rettssaken som opprinnelig skulle starte i mars 2026 er n\u00e5 utsatt i to m\u00e5neder. Oppdatert onsdag 10. desember&hellip;\n","protected":false},"author":2,"featured_media":109086,"comment_status":"","ping_status":"","sticky":false,"template":"","format":"standard","meta":{"footnotes":""},"categories":[58],"tags":[10704,71,10702,30,28,29,10703,72],"class_list":{"0":"post-109085","1":"post","2":"type-post","3":"status-publish","4":"format-standard","5":"has-post-thumbnail","7":"category-underholdning","8":"tag-blake-lively","9":"tag-entertainment","10":"tag-justin-baldoni","11":"tag-no","12":"tag-norge","13":"tag-norway","14":"tag-ryan-reynolds","15":"tag-underholdning"},"share_on_mastodon":{"url":"https:\/\/pubeurope.com\/@no\/115694096118289745","error":""},"_links":{"self":[{"href":"https:\/\/www.europesays.com\/no\/wp-json\/wp\/v2\/posts\/109085","targetHints":{"allow":["GET"]}}],"collection":[{"href":"https:\/\/www.europesays.com\/no\/wp-json\/wp\/v2\/posts"}],"about":[{"href":"https:\/\/www.europesays.com\/no\/wp-json\/wp\/v2\/types\/post"}],"author":[{"embeddable":true,"href":"https:\/\/www.europesays.com\/no\/wp-json\/wp\/v2\/users\/2"}],"replies":[{"embeddable":true,"href":"https:\/\/www.europesays.com\/no\/wp-json\/wp\/v2\/comments?post=109085"}],"version-history":[{"count":0,"href":"https:\/\/www.europesays.com\/no\/wp-json\/wp\/v2\/posts\/109085\/revisions"}],"wp:featuredmedia":[{"embeddable":true,"href":"https:\/\/www.europesays.com\/no\/wp-json\/wp\/v2\/media\/109086"}],"wp:attachment":[{"href":"https:\/\/www.europesays.com\/no\/wp-json\/wp\/v2\/media?parent=109085"}],"wp:term":[{"taxonomy":"category","embeddable":true,"href":"https:\/\/www.europesays.com\/no\/wp-json\/wp\/v2\/categories?post=109085"},{"taxonomy":"post_tag","embeddable":true,"href":"https:\/\/www.europesays.com\/no\/wp-json\/wp\/v2\/tags?post=109085"}],"curies":[{"name":"wp","href":"https:\/\/api.w.org\/{rel}","templated":true}]}}