{"id":109089,"date":"2025-12-10T07:34:15","date_gmt":"2025-12-10T07:34:15","guid":{"rendered":"https:\/\/www.europesays.com\/no\/109089\/"},"modified":"2025-12-10T07:34:15","modified_gmt":"2025-12-10T07:34:15","slug":"barne-og-ungdomskriminalitet-politi-ungdomskriminalitet-frykten-sprer-seg-i-oslos-gater","status":"publish","type":"post","link":"https:\/\/www.europesays.com\/no\/109089\/","title":{"rendered":"Barne- og ungdomskriminalitet, Politi | Ungdomskriminalitet: Frykten sprer seg i Oslos gater"},"content":{"rendered":"\n<p>   <img decoding=\"async\" width=\"1080\" height=\"338\" fetchpriority=\"low\"  loading=\"lazy\"  src=\"https:\/\/www.europesays.com\/no\/wp-content\/uploads\/2025\/12\/1765352053_593_dagens%2Bsnakkis.jpg\" alt=\"\" class=\"brick-c-cFOWSL\" style=\"--brick-image-ratio: 1080 \/ 338;\"\/><\/p>\n<p>Det er bra at politimesteren v\u00e5r er \u00e6rlig.<\/p>\n<p>Mandag sa hun til<a rel=\"Follow nofollow noopener\" href=\"https:\/\/www.vg.no\/nyheter\/i\/L406QP\/oslos-politimester-slaar-alarm\" target=\"_blank\"> VG<\/a>: \u00abI det vi kaller hverdagskriminalitet, er hver sak isolert sett ikke s\u00e5 alvorlig \u2026 Vi m\u00e5 i \u00f8kende grad si at vi dessverre ikke har mulighet til \u00e5 komme. Det m\u00e5 formidles, fordi det vil bety noe for tilliten til politiet\u00bb.<\/p>\n<p>Hun har rett i at det vil skade tilliten til politiet.<\/p>\n<p><b>Men mye verre er det at det vil skade tryggheten i byen. <\/b><\/p>\n<p>Jeg er s\u00e6rlig bekymret for konsekvensene for alle n\u00e6romr\u00e5dene der ungdomskriminelle grupper setter sitt preg p\u00e5 utemilj\u00f8et.<\/p>\n<p><b>Les ogs\u00e5 Jan B\u00f8hler: <a rel=\"Follow nofollow noopener\" href=\"https:\/\/www.nettavisen.no\/norsk-debatt\/kriminell-taushetskultur-sprer-seg-tida-for-a-vare-kule-og-jatte-med-er-over\/o\/5-95-2680876\" target=\"_blank\">Gatas regler og taushetskultur preger ni omr\u00e5der i Oslo<\/a><\/b><\/p>\n<p><b>* Du kan delta i debatten i det \u00e5pne kommentarfeltet nederst i saken.<\/b><\/p>\n<p>De vil rammes hardest<\/p>\n<p>Politimesteren har tidligere snakket mye om ungdomskriminelle som \u00abs\u00e5rbare barn\u00bb.<\/p>\n<p><b>Men de som er aller mest s\u00e5rbare er vanlige barn og unge. Det er de som vil rammes hardest hvis politiet ikke kommer n\u00e5r noe skjer. <\/b><\/p>\n<p>Da vil de kriminelle f\u00e5 enda mer makt.<\/p>\n<p>            Jan B\u00f8hler<\/p>\n<p>Jan B\u00f8hler er spaltist i Nettavisen, forfatter av to b\u00f8ker, \u00ab\u00d8stkantfolk\u00bb og \u00abN\u00e6r folk\u00bb, vokalist og tekstforfatter i bandet Enkle Typer, styremedlem i Likestilling, integrering, mangfold (LIM), i Tigerstadsteatret, nestleder i Folkeaksjonen Redd Ullev\u00e5l Sykehus og medlem av Kringkastingsr\u00e5det.<\/p>\n<p>B\u00f8hler har tidligere v\u00e6rt stortingsrepresentant i 16 \u00e5r. Han var nestleder i Stortingets justiskomit\u00e9 hvor han satt i to stortingsperioder inntil 2021. Der arbeidet B\u00f8hler mye med kriminelle gjenger og barne- og ungdomskriminalitet, som han har fortsatt med siden.<\/p>\n<p>Har bodd i blokk i Groruddalen nesten hele livet \u2212 og gj\u00f8r fortsatt det.<\/p>\n<p>  Frykten sprer seg<\/p>\n<p>De vanlige barna gj\u00f8r alt for \u00e5 unng\u00e5 de ungdomskriminelle gjengene. De vet godt hvor de henger, og skynder seg forbi p\u00e5 vei hjem fra skole eller trening.<\/p>\n<p>Hvis gjengen finner ut at de har \u00abblikket\u00bb dem, eller g\u00e5r med en fin jakke eller dyr telefon de vil ha \u2013 kan det skje ting. Det er vel kjent blant barna hva de kan gj\u00f8re, og frykten sprer seg.<\/p>\n<p><b>N\u00e5r gjengene finner ut at politiet i mindre grad vil rykke ut til s\u00e5kalt hverdagskriminalitet, som trusler, tyverier, mindre ran, utpressing, narkotikasalg og vold med sm\u00e5 skader \u2013 vet vi hva som vil bli resultatet. <\/b><\/p>\n<p>De vil bli mer selvsikre, og gj\u00f8re enda mer av det som skaper utrygghet for vanlige barn og unge.<\/p>\n<p><b>Les ogs\u00e5 Asbj\u00f8rn Svarstad: <a rel=\"Follow nofollow noopener\" href=\"https:\/\/www.nettavisen.no\/norsk-debatt\/700-prosent-hoyere-pa-krimstatistikkene\/o\/5-95-2768077\" target=\"_blank\">Redd for \u00e5 dyrke rasisme<\/a><\/b><\/p>\n<p>\u00abDele kroppen din i biter\u00bb<\/p>\n<p>I en dom som har falt nylig i Oslo tingrett ser vi hva som kan skje.<\/p>\n<p><b>En elev ble tatt hardt halsgrep p\u00e5 og utsatt for vold utenfor en skole av en 15-\u00e5ring. <\/b><\/p>\n<p>Han ble truet med at han skulle skytes, knivstikkes og drepes, fordi han hadde forklart seg eller \u00absnitchet\u00bb til politiet. En l\u00e6rer som pr\u00f8vde \u00e5 stoppe det, ble ogs\u00e5 truet med at \u00abjeg skal dele kroppen din i biter, og jeg skal drepe deg\u00bb.<\/p>\n<p>Offeret ble sv\u00e6rt redd etter hendelsen, og slet med \u00e5 f\u00e5 sove lenge etterp\u00e5.<\/p>\n<p>Hva ble s\u00e5 straffen for den skremmende handlingen?<\/p>\n<p><b>Kun 120 timers samfunnsstraff. <\/b><\/p>\n<p><b>Les ogs\u00e5:<a href=\"https:\/\/www.nettavisen.no\/norsk-debatt\/rett-sokelyset-pa-iranske-regimevennlige-miljoer-i-norge\/o\/5-95-2762990\" rel=\"Follow nofollow noopener\" target=\"_blank\"> De reiser tilbake til landet de var livredd for<\/a><\/b><\/p>\n<p>    Vil du se neste video?<\/p>\n<p>    <a href=\"https:\/\/www.nettavisen.no\/nyheter\/ukrainske-spesialstyrker-skal-ha-tatt-ut-russiske-mal-pa-krim-halvoya\/v\/5-95-2764466\" class=\"recommend-poster\" data-adp-clicklabel=\"video-recommend\" data-adp-clickvalue=\"poster\" rel=\"nofollow noopener\" target=\"_blank\"><br \/>\n      <img decoding=\"async\" width=\"200\" height=\"200\" loading=\"lazy\" src=\"https:\/\/www.europesays.com\/no\/wp-content\/uploads\/2025\/12\/KAMPFLY+BREDDE.jpg\" alt=\"\" class=\"brick-c-cFOWSL\" style=\"--brick-image-ratio: 200 \/ 200;\"\/><\/p>\n<p>Tar ut russisk kampfly p\u00e5 Krim0:24<\/p>\n<p>    <\/a><\/p>\n<p>Offeret lever i utrygghet<\/p>\n<p>Det vil si at den d\u00f8mte f\u00e5r g\u00e5 p\u00e5 frifot, og skal jobbe en del timer med noe han selv kan v\u00e6re med og finne fram til. Retten mener det er \u00ablite hensiktsmessig \u00e5 iverksette et omfattende oppf\u00f8lgingsregime\u00bb rundt ham, \u00abettersom verken han eller vergen synes \u00e5 mene at gutten har noe reelt oppf\u00f8lgingsbehov per n\u00e5\u00bb.<\/p>\n<p><b>Mens hensynet til gjerningsmannens \u00f8nsker vies stor plass i dommen, st\u00e5r det fint lite om hvordan offerets trygghet skal ivaretas. <\/b><\/p>\n<p>Det blir ikke nedlagt noe bes\u00f8ksforbud, det vil si forbud mot \u00e5 opps\u00f8ke offeret, eller gjort andre tiltak som kan gj\u00f8re han tryggere.<\/p>\n<p><b>Det er offeret selv, eller \u00absnitcheren\u00bb, som i realiteten f\u00e5r den hardeste dommen. <\/b><\/p>\n<p>Han d\u00f8mmes til \u00e5 bli g\u00e5ende rundt med en f\u00f8lelse av utrygghet, fordi han kan st\u00f8te p\u00e5 gjerningsmannen n\u00e5r som helst.<\/p>\n<p><b>Les ogs\u00e5 Anders Magnus: <a href=\"https:\/\/www.nettavisen.no\/norsk-debatt\/gigantisk-velferdssvindel-i-usa-norske-politikere-advares\/o\/5-95-2765656\" rel=\"Follow nofollow noopener\" target=\"_blank\">Velferds-svindel blant somaliere i USA b\u00f8r v\u00e6re en l\u00e6repenge for Norge<\/a><\/b><\/p>\n<p>Tapt bevegelsesfrihet<\/p>\n<p>I realiteten har barn og unge i utsatte omr\u00e5der mistet noe av den friheten vi alle hadde f\u00f8r i tida, da vi kunne ferdes fritt hvor vi ville.<\/p>\n<p><b>Ofte blir det til at foreldrene kj\u00f8rer til og fra trening og andre aktiviteter. I andre tilfeller velger de \u00e5 flytte.<\/b><\/p>\n<p>Barna har kontakt med venner, men det er mest via nettet eller bes\u00f8k hjemme hos hverandre. Hvis de skal dra til steder sammen, for eksempel p\u00e5 kino eller fritidsklubb, er de n\u00f8ye med \u00e5 unng\u00e5 plasser der de vet de kan st\u00f8te p\u00e5 gjengene.<\/p>\n<p><b>Jeg har snakket med nok barn og unge og bekymrede foreldre til \u00e5 v\u00e6re sikker p\u00e5 at dette er et reelt problem.<\/b><\/p>\n<p>Det er p\u00e5 h\u00f8y tid at vi setter friheten og tryggheten til vanlige barn og unge, voldsofrene og de som kalles \u00absnitchere\u00bb, foran hensynet til de ungdomskriminelle.<\/p>\n<p>De skal f\u00e5 nye sjanser, men ikke p\u00e5 bekostning av ofrene.<\/p>\n<p><b>Retten til trygghet m\u00e5 ogs\u00e5 gjelde dem.<\/b><\/p>\n<p>M\u00e5 snu seg rundt<\/p>\n<p>Hvis politiet skal gj\u00f8re sin del av denne jobben, m\u00e5 de prioritere dette h\u00f8yere, ikke lavere.<\/p>\n<p>De m\u00e5 stille opp med flere ressurser for \u00e5 gi barn og unge trygge n\u00e6romr\u00e5der. Det er grunnleggende for ikke \u00e5 f\u00e5 en \u00absvensk utvikling\u00bb i byen v\u00e5r.<\/p>\n<p><b>Men dette blir vanskelig n\u00e5r politiet skal trappe opp innsatsen mot 120 kriminelle nettverk de har kartlagt i Oslo-omr\u00e5det.<\/b><\/p>\n<p>Vi m\u00e5 forst\u00e5 politimesterens advarsel som et n\u00f8drop som burde ha kommet for lenge siden. Det er \u00e5penbart at norsk politi ikke kan fortsette med bare rundt to politifolk per tusen innbyggere.<\/p>\n<p>De fleste land i Europa, og n\u00e5 ogs\u00e5 Sverige, \u00f8ker sin politistyrke til tre per tusen eller mer.<\/p>\n<p><b>Men Norge st\u00e5r fortsatt p\u00e5 stedet hvil.<\/b><\/p>\n<p>Regjeringen m\u00e5 skj\u00f8nne det den burde skj\u00f8nt for lenge siden. Den m\u00e5 n\u00e5 snu seg rundt og legge fram en plan for \u00e5 \u00f8ke til tre per tusen s\u00e5 raskt som mulig.<\/p>\n<p>Det betyr om lag 5600 flere politifolk landet rundt. Vi trenger hver eneste en.<\/p>\n<p><b>Politimesteren i Oslo har utl\u00f8st alarmen. N\u00e5 m\u00e5 hun f\u00e5 svar.<\/b><\/p>\n","protected":false},"excerpt":{"rendered":"Det er bra at politimesteren v\u00e5r er \u00e6rlig. Mandag sa hun til VG: \u00abI det vi kaller hverdagskriminalitet,&hellip;\n","protected":false},"author":2,"featured_media":109090,"comment_status":"","ping_status":"","sticky":false,"template":"","format":"standard","meta":{"footnotes":""},"categories":[10],"tags":[20,21,24,25,15,22,23,13,30,28,29,14,16,26,27],"class_list":{"0":"post-109089","1":"post","2":"type-post","3":"status-publish","4":"format-standard","5":"has-post-thumbnail","7":"category-norge","8":"tag-breaking-news","9":"tag-breakingnews","10":"tag-featured-news","11":"tag-featurednews","12":"tag-headlines","13":"tag-latest-news","14":"tag-latestnews","15":"tag-news","16":"tag-no","17":"tag-norge","18":"tag-norway","19":"tag-nyheter","20":"tag-overskrifter","21":"tag-top-stories","22":"tag-topstories"},"share_on_mastodon":{"url":"https:\/\/pubeurope.com\/@no\/115694119507944775","error":""},"_links":{"self":[{"href":"https:\/\/www.europesays.com\/no\/wp-json\/wp\/v2\/posts\/109089","targetHints":{"allow":["GET"]}}],"collection":[{"href":"https:\/\/www.europesays.com\/no\/wp-json\/wp\/v2\/posts"}],"about":[{"href":"https:\/\/www.europesays.com\/no\/wp-json\/wp\/v2\/types\/post"}],"author":[{"embeddable":true,"href":"https:\/\/www.europesays.com\/no\/wp-json\/wp\/v2\/users\/2"}],"replies":[{"embeddable":true,"href":"https:\/\/www.europesays.com\/no\/wp-json\/wp\/v2\/comments?post=109089"}],"version-history":[{"count":0,"href":"https:\/\/www.europesays.com\/no\/wp-json\/wp\/v2\/posts\/109089\/revisions"}],"wp:featuredmedia":[{"embeddable":true,"href":"https:\/\/www.europesays.com\/no\/wp-json\/wp\/v2\/media\/109090"}],"wp:attachment":[{"href":"https:\/\/www.europesays.com\/no\/wp-json\/wp\/v2\/media?parent=109089"}],"wp:term":[{"taxonomy":"category","embeddable":true,"href":"https:\/\/www.europesays.com\/no\/wp-json\/wp\/v2\/categories?post=109089"},{"taxonomy":"post_tag","embeddable":true,"href":"https:\/\/www.europesays.com\/no\/wp-json\/wp\/v2\/tags?post=109089"}],"curies":[{"name":"wp","href":"https:\/\/api.w.org\/{rel}","templated":true}]}}