{"id":109134,"date":"2025-12-10T08:47:14","date_gmt":"2025-12-10T08:47:14","guid":{"rendered":"https:\/\/www.europesays.com\/no\/109134\/"},"modified":"2025-12-10T08:47:14","modified_gmt":"2025-12-10T08:47:14","slug":"aktor-ba-om-ni-ars-forvaring","status":"publish","type":"post","link":"https:\/\/www.europesays.com\/no\/109134\/","title":{"rendered":"Aktor ba om ni \u00e5rs forvaring"},"content":{"rendered":"\n<p class=\"_lead_o9xde_2 _lead_xtcu6_50 layout-component text-serif-m layout-normal text-serif-l layout-component layout-wide layout-padded _wide_17hqh_1 layout-padded\">Aktor ba om ni \u00e5rs forvaring med minstetid p\u00e5 seks \u00e5r for mannen som knivstakk ekskj\u00e6resten p\u00e5 Vulkan i fjor.<\/p>\n<p><img alt=\"Martina Voce p\u00e5 sykehuset tidligere i \u00e5r. Foto: Privat\" class=\"_image_qp4xg_65 layout-component layout-wide\" data-fullscreen- data-track-element-type=\"Article image fullscreen\" data-track-name=\"ImageFullscreen\" fetchpriority=\"high\" decoding=\"sync\" loading=\"eager\" height=\"981\" itemprop=\"image\"  src=\"https:\/\/www.europesays.com\/no\/wp-content\/uploads\/2025\/12\/94381c30-6bc4-4024-a496-91f6e634a223\"  style=\"object-position:0% 0%\" width=\"994\"\/>Martina Voce p\u00e5 sykehuset tidligere i \u00e5r. Foto: Privat<\/p>\n<ul aria-hidden=\"true\" class=\"_images_ntbth_112\">\n<li><a class=\"_link_ntbth_117\" href=\"https:\/\/www.vg.no\/forfatter\/emma-fondenes-oevreboe\" style=\"z-index:2\" title=\"Emma Fondenes \u00d8vreb\u00f8\" rel=\"nofollow noopener\" target=\"_blank\"><img alt=\"Bilde av Emma Fondenes \u00d8vreb\u00f8\" class=\"_image_ntbth_93\" fetchpriority=\"low\" loading=\"lazy\" decoding=\"async\" itemprop=\"image\"  src=\"https:\/\/www.europesays.com\/no\/wp-content\/uploads\/2025\/12\/1765356429_755_a3715f19-7e77-4fbf-b20f-7d6f5cb479de\"  width=\"480\"\/><\/a><\/li>\n<li><a class=\"_link_ntbth_117\" href=\"https:\/\/www.vg.no\/forfatter\/hedda-kurseth\" style=\"z-index:1\" title=\"Hedda Kurseth\" rel=\"nofollow noopener\" target=\"_blank\"><img alt=\"Bilde av Hedda Kurseth\" class=\"_image_ntbth_93\" fetchpriority=\"low\" loading=\"lazy\" decoding=\"async\" itemprop=\"image\"  src=\"https:\/\/www.europesays.com\/no\/wp-content\/uploads\/2025\/12\/1765356430_42_b6ad06ce-2f4e-4492-9dd9-7cfbdae81f6d\"  width=\"480\"\/><\/a><\/li>\n<\/ul>\n<p> Oppdatert onsdag 10. desember kl. 09:26    <\/p>\n<ul class=\"_list_o9xde_3 _list_64s2r_85 _unordered_o9xde_106 text-sans-m\">\n<li class=\"_item_o9xde_30\">Aktor ba om ni \u00e5rs forvaring med minstetid p\u00e5 seks \u00e5r for mannen som knivstakk sin ekskj\u00e6reste i Oslo.<\/li>\n<li class=\"_item_o9xde_30\">Martina Voce ble knivstukket rundt 30 ganger p\u00e5 sin arbeidsplass.<\/li>\n<li class=\"_item_o9xde_30\">Forsvarer mener det ikke er grunnlag for forvaring.<\/li>\n<\/ul>\n<p>Vis mer <\/p>\n<p class=\"_paragraph_o9xde_4 _paragraph_xtcu6_10 layout-component text-serif-m layout-normal text-serif-m layout-padded\">Italienske Martina Voce (22) ble knivstukket rundt 30 ganger av sin ekskj\u00e6reste p\u00e5 hennes arbeidsplass.<\/p>\n<p class=\"_paragraph_o9xde_4 _paragraph_xtcu6_10 layout-component text-serif-m layout-normal text-serif-m layout-padded\"><strong class=\"_strong_o9xde_25\">Tirsdag denne uken var rettssakens siste dag. <\/strong><\/p>\n<p class=\"_paragraph_o9xde_4 _paragraph_xtcu6_10 layout-component text-serif-m layout-normal text-serif-m layout-padded\">Da holdt aktor Alvar Randa sin prosedyre og ba om ni \u00e5rs forvaring med en minstetid p\u00e5 seks \u00e5r for tiltalte. <\/p>\n<p><img decoding=\"async\" alt=\"Bilde av Alvar Randa \" class=\"_image_ygndg_42\" height=\"27\" itemprop=\"image\" loading=\"lazy\"  src=\"https:\/\/www.europesays.com\/no\/wp-content\/uploads\/2025\/12\/9719a970-4134-44db-b493-6b743af7f9a6\"  width=\"40\"\/><strong class=\"_name_ygndg_51 title-serif-xs\">Alvar Randa <\/strong><\/p>\n<p class=\"_paragraph_o9xde_4 text-sans-m _description_ygndg_56\">Aktor<\/p>\n<p class=\"_paragraph_o9xde_4 _paragraph_xtcu6_10 layout-component text-serif-m layout-normal text-serif-m layout-padded\">Han ba ogs\u00e5 om inndraging av kniv og kontaktforbud. <\/p>\n<p class=\"_paragraph_o9xde_4 _paragraph_xtcu6_10 layout-component text-serif-m layout-normal text-serif-m layout-padded\"><a href=\"https:\/\/www.vg.no\/nyheter\/i\/d45xEo\/tiltalt-for-drapsforsoek-paa-martina-22-i-lunsjen-kom-det-du-maa-gjoere-det\" data-track-element-type=\"Link\" data-track-id=\"link:d45xEo\" class=\"_link_o9xde_39\" rel=\"nofollow noopener\" target=\"_blank\">Ekskj\u00e6resten har erkjent straffskyld <\/a>for knivstikkingen, som skjedde p\u00e5 matbutikken Smak av Italia p\u00e5 Vulkan i Oslo 20. desember i fjor.<\/p>\n<p class=\"_paragraph_o9xde_4 _paragraph_xtcu6_10 layout-component text-serif-m layout-normal text-serif-m layout-padded\">\u2013 Som det fremgikk i min prosedyre i retten er man fra denne siden sv\u00e6rt uenig i at det er grunnlag for forvaring for tiltalte, skriver hans forsvarer Helene Elness i en SMS til VG. <\/p>\n<p><img alt=\"Martina p\u00e5 jobb i butikken Smak av Italia.   Foto: Smak av Italia \/ Facebook\" class=\"_image_qp4xg_65 layout-component layout-normal\" data-fullscreen- data-track-element-type=\"Article image fullscreen\" data-track-name=\"ImageFullscreen\" decoding=\"async\" loading=\"lazy\" height=\"1314\" itemprop=\"image\"  src=\"https:\/\/www.europesays.com\/no\/wp-content\/uploads\/2025\/12\/1765356431_881_ae23a9b4-7dc5-42ab-884c-7223dcc4c581\"  style=\"object-position:0% 0%\" width=\"1011\"\/>Martina p\u00e5 jobb i butikken Smak av Italia.   Foto: Smak av Italia \/ Facebook<\/p>\n<p class=\"_paragraph_o9xde_4 _paragraph_xtcu6_10 layout-component text-serif-m layout-normal text-serif-m layout-padded\">Martinas og hennes kj\u00e6restes bistandsadvokat Hege Salomon sier hun er forn\u00f8yd med aktors p\u00e5stand. <\/p>\n<p class=\"_paragraph_o9xde_4 _paragraph_xtcu6_10 layout-component text-serif-m layout-normal text-serif-m layout-padded\">\u2013 Jeg ba om oppreisning p\u00e5 mellom 450\u2013500.000 til Martina og 120.000 for Oliver, sier hun og legger til at det er for tidlig \u00e5 kreve menerstatning.menerstatning.Kompensasjon for medisinsk invaliditet.  <\/p>\n<p>Fant henne livl\u00f8s p\u00e5 gulvet<\/p>\n<p class=\"_paragraph_o9xde_4 _paragraph_xtcu6_10 layout-component text-serif-m layout-normal text-serif-m layout-padded\">Overv\u00e5kningsbilder viser at ekskj\u00e6resten kj\u00f8pte jaktkniven p\u00e5 Biltema samme dag, <a href=\"https:\/\/www.vg.no\/nyheter\/i\/K8B5XG\/tiltalt-for-drapsforsoek-paa-martina-21-kjoepte-kniven-en-time-foer\" data-track-element-type=\"Link\" data-track-id=\"link:K8B5XG\" class=\"_link_o9xde_39\" rel=\"nofollow noopener\" target=\"_blank\">bare en time f\u00f8r angrepet<\/a>.<\/p>\n<ul class=\"_list_o9xde_3 _list_xtcu6_9 _unordered_o9xde_106 layout-component text-serif-m layout-normal text-serif-m layout-padded\">\n<li class=\"_item_o9xde_30\"><strong class=\"_strong_o9xde_25\">Les Martinas historie<a href=\"https:\/\/www.vg.no\/nyheter\/i\/RzqmaJ\/martina-21-ble-knivstukket-over-30-ganger-trodde-jeg-kom-til-aa-doe\" data-track-element-type=\"Link\" data-track-id=\"link:RzqmaJ\" class=\"_link_o9xde_39\" rel=\"nofollow noopener\" target=\"_blank\"> her<\/a><\/strong><\/li>\n<\/ul>\n<p class=\"_paragraph_o9xde_4 _paragraph_xtcu6_10 layout-component text-serif-m layout-normal text-serif-m layout-padded\">Martinas kj\u00e6reste og kollega, Oliver, s\u00e5 angrepet og fors\u00f8kte \u00e5 stoppe det. <\/p>\n<p class=\"_paragraph_o9xde_4 _paragraph_xtcu6_10 layout-component text-serif-m layout-normal text-serif-m layout-padded\">\u2013 Det var \u00e5penbart at han aldri kom til \u00e5 gi seg, fortalte Oliver fra vitneboksen forrige uke.<\/p>\n<p class=\"_paragraph_o9xde_4 _paragraph_xtcu6_10 layout-component text-serif-m layout-normal text-serif-m layout-padded\">Ogs\u00e5 to andre kollegaer fors\u00f8kte \u00e5 stanse Martinas ekskj\u00e6reste.<\/p>\n<p><img alt=\"Det var mye blod p\u00e5 gulvet inne i butikken.   Foto: Politiet\" class=\"_image_qp4xg_65 layout-component layout-normal\" data-fullscreen- data-track-element-type=\"Article image fullscreen\" data-track-name=\"ImageFullscreen\" decoding=\"async\" loading=\"lazy\" height=\"551\" itemprop=\"image\"  src=\"https:\/\/www.europesays.com\/no\/wp-content\/uploads\/2025\/12\/1765356432_252_df46fc3f-6368-4c28-b5b3-8ce3e7d84f05\"  style=\"object-position:0% 0%\" width=\"633\"\/>Det var mye blod p\u00e5 gulvet inne i butikken.   Foto: Politiet<\/p>\n<p class=\"_paragraph_o9xde_4 _paragraph_xtcu6_10 layout-component text-serif-m layout-normal text-serif-m layout-padded\">Den ene ansatte beskrev hendelsen som kaotisk.<\/p>\n<p class=\"_paragraph_o9xde_4 _paragraph_xtcu6_10 layout-component text-serif-m layout-normal text-serif-m layout-padded\">\u2013 Det var en intens kamp. Oliver gjorde alt for \u00e5 forsvare Martina. Tiltalte gjorde alt han kunne for \u00e5 fortsette, han hadde et fokusert ansiktsuttrykk, <a href=\"https:\/\/www.vg.no\/nyheter\/i\/OknpAO\/ble-vitne-til-knivstikkingen-var-sikker-paa-at-hun-var-doed\" data-track-element-type=\"Link\" data-track-id=\"link:OknpAO\" class=\"_link_o9xde_39\" rel=\"nofollow noopener\" target=\"_blank\">sa hun i retten torsdag<\/a>.<\/p>\n<p><img alt=\"Jaktkniven som tiltalte brukte under angrepet.  Foto: Politiet\" class=\"_image_qp4xg_65 layout-component layout-normal\" data-fullscreen- data-track-element-type=\"Article image fullscreen\" data-track-name=\"ImageFullscreen\" decoding=\"async\" loading=\"lazy\" height=\"2345\" itemprop=\"image\"  src=\"https:\/\/www.europesays.com\/no\/wp-content\/uploads\/2025\/12\/1765356433_480_9923f5e7-edbf-4453-9acd-db6aeb711a74\"  style=\"object-position:0% 0%\" width=\"3793\"\/>Jaktkniven som tiltalte brukte under angrepet.  Foto: Politiet<\/p>\n<p class=\"_paragraph_o9xde_4 _paragraph_xtcu6_10 layout-component text-serif-m layout-normal text-serif-m layout-padded\">Oliver knivstakk mannen i halsen. Selv knivstakk hun mannen i ryggen.<\/p>\n<p class=\"_paragraph_o9xde_4 _paragraph_xtcu6_10 layout-component text-serif-m layout-normal text-serif-m layout-padded\">Aktor spurte Oliver om hva han trodde ville skjedd dersom han ikke hadde knivstukket mannen.<\/p>\n<p class=\"_paragraph_o9xde_4 _paragraph_xtcu6_10 layout-component text-serif-m layout-normal text-serif-m layout-padded\">\u2013 Martina hadde d\u00f8dd, svarte han. <\/p>\n<p class=\"_paragraph_o9xde_4 _paragraph_xtcu6_10 layout-component text-serif-m layout-normal text-serif-m layout-padded\">Etter bruddet fikk Martina s\u00e5 mye mailer og meldinger at hun til slutt m\u00e5tte blokkere han, <a href=\"https:\/\/www.vg.no\/nyheter\/i\/aJ1O27\/jeg-kunne-ikke-miste-martina\" data-track-element-type=\"Link\" data-track-id=\"link:aJ1O27\" class=\"_link_o9xde_39\" rel=\"nofollow noopener\" target=\"_blank\">har hun tidligere fortalt til VG<\/a>. Hun var redd for at han kom til \u00e5 opps\u00f8ke henne p\u00e5 jobb.<\/p>\n<p><img alt=\"Her er den tiltalte mannen utenfor bygget 20. desember i fjor klokken 12.18.\" class=\"_image_qp4xg_65 layout-component layout-normal\" data-fullscreen- data-track-element-type=\"Article image fullscreen\" data-track-name=\"ImageFullscreen\" decoding=\"async\" loading=\"lazy\" height=\"2607\" itemprop=\"image\"  src=\"https:\/\/www.europesays.com\/no\/wp-content\/uploads\/2025\/12\/1765356434_892_aa239ec3-32ef-4fc3-9d1f-8a61a4a89e12\"  style=\"object-position:0% 0%\" width=\"3314\"\/>Her er den tiltalte mannen utenfor bygget 20. desember i fjor klokken 12.18.<\/p>\n<p class=\"_paragraph_o9xde_4 _paragraph_xtcu6_10 layout-component text-serif-m layout-normal text-serif-m layout-padded\">Den f\u00f8rste politipatruljen som ankom stedet, fant Martina livl\u00f8s p\u00e5 gulvet inne i matbutikken. De gjennomf\u00f8rte f\u00f8rstehjelp. <\/p>\n<p class=\"_paragraph_o9xde_4 _paragraph_xtcu6_10 layout-component text-serif-m layout-normal text-serif-m layout-padded\">\u2013 Jeg var ganske sikker p\u00e5 at hun var d\u00f8d eller er i ferd med \u00e5 d\u00f8. Hun var tildekket i blod, og l\u00e5 mer eller mindre livl\u00f8st p\u00e5 gulvet. Hun s\u00e5 opp i luften og ga ingen reaksjon, sa en politibetjent fra vitneboksen. <\/p>\n","protected":false},"excerpt":{"rendered":"Aktor ba om ni \u00e5rs forvaring med minstetid p\u00e5 seks \u00e5r for mannen som knivstakk ekskj\u00e6resten p\u00e5 Vulkan&hellip;\n","protected":false},"author":2,"featured_media":109135,"comment_status":"","ping_status":"","sticky":false,"template":"","format":"standard","meta":{"footnotes":""},"categories":[10],"tags":[20,21,24,25,15,1476,22,23,13,30,28,29,14,944,16,26,27,46],"class_list":{"0":"post-109134","1":"post","2":"type-post","3":"status-publish","4":"format-standard","5":"has-post-thumbnail","7":"category-norge","8":"tag-breaking-news","9":"tag-breakingnews","10":"tag-featured-news","11":"tag-featurednews","12":"tag-headlines","13":"tag-knivstikking","14":"tag-latest-news","15":"tag-latestnews","16":"tag-news","17":"tag-no","18":"tag-norge","19":"tag-norway","20":"tag-nyheter","21":"tag-oslo-tingrett","22":"tag-overskrifter","23":"tag-top-stories","24":"tag-topstories","25":"tag-vgai"},"share_on_mastodon":{"url":"https:\/\/pubeurope.com\/@no\/115694406748693327","error":""},"_links":{"self":[{"href":"https:\/\/www.europesays.com\/no\/wp-json\/wp\/v2\/posts\/109134","targetHints":{"allow":["GET"]}}],"collection":[{"href":"https:\/\/www.europesays.com\/no\/wp-json\/wp\/v2\/posts"}],"about":[{"href":"https:\/\/www.europesays.com\/no\/wp-json\/wp\/v2\/types\/post"}],"author":[{"embeddable":true,"href":"https:\/\/www.europesays.com\/no\/wp-json\/wp\/v2\/users\/2"}],"replies":[{"embeddable":true,"href":"https:\/\/www.europesays.com\/no\/wp-json\/wp\/v2\/comments?post=109134"}],"version-history":[{"count":0,"href":"https:\/\/www.europesays.com\/no\/wp-json\/wp\/v2\/posts\/109134\/revisions"}],"wp:featuredmedia":[{"embeddable":true,"href":"https:\/\/www.europesays.com\/no\/wp-json\/wp\/v2\/media\/109135"}],"wp:attachment":[{"href":"https:\/\/www.europesays.com\/no\/wp-json\/wp\/v2\/media?parent=109134"}],"wp:term":[{"taxonomy":"category","embeddable":true,"href":"https:\/\/www.europesays.com\/no\/wp-json\/wp\/v2\/categories?post=109134"},{"taxonomy":"post_tag","embeddable":true,"href":"https:\/\/www.europesays.com\/no\/wp-json\/wp\/v2\/tags?post=109134"}],"curies":[{"name":"wp","href":"https:\/\/api.w.org\/{rel}","templated":true}]}}