{"id":109140,"date":"2025-12-10T08:52:11","date_gmt":"2025-12-10T08:52:11","guid":{"rendered":"https:\/\/www.europesays.com\/no\/109140\/"},"modified":"2025-12-10T08:52:11","modified_gmt":"2025-12-10T08:52:11","slug":"tror-pa-rentekutt-i-mars","status":"publish","type":"post","link":"https:\/\/www.europesays.com\/no\/109140\/","title":{"rendered":"Tror p\u00e5 rentekutt i mars"},"content":{"rendered":"<p>  At prisveksten g\u00e5r litt ned kan peke mot rentekutt allerede i mars, mener \u00f8konom. Men ekspertene er uenige.\u00a0<\/p>\n<p>\n    G\u00c5R OPP: Prisene stiger fortsatt mer enn inflasjonsm\u00e5let, men inflasjonen er p\u00e5 vei ned. Sentralbanksjef Ida Wolden Bache og NOrges Bank tror p\u00e5 ett rentekutt i 2026. Foto: Stian Lysberg Solum \/ NTB\n  <\/p>\n<p>Prisene steg med 3,0 prosent fra november i fjor til november i \u00e5r, viser tall fra Statistisk sentralbyr\u00e5 (SSB). Det er en liten nedgang fra m\u00e5neden f\u00f8r.<\/p>\n<p>Prisvekst er et m\u00e5l p\u00e5 hvor mye prisene p\u00e5 varer som mat eller kl\u00e6r, og tjenester som bussbillett eller fris\u00f8r, har steget over tid.<\/p>\n<p>I oktober var prisveksten 3,1 prosent i forhold til samme m\u00e5ned \u00e5ret f\u00f8r.<\/p>\n<p>Prisveksten i Norge den siste m\u00e5neden vil neppe endre nevneverdig p\u00e5 renteutsiktene til Norges Bank med det f\u00f8rste, men sjef\u00f8konom tror det kan komme kutt i mars.<\/p>\n<p>&#8211; Det skal mye til for at det blir rentekutt neste uke, men vi g\u00e5r i retning av det potensielt ikke er s\u00e5 lenge til neste kutt, skriver sjef\u00f8konom Kyrre M. Knudsen i Sparebank 1 S\u00f8r-Norge i en epost til NTB.<\/p>\n<p>    <a itemprop=\"url\" href=\"https:\/\/borsen.dagbladet.no\/nyheter\/dette-kan-gi-rentekutt\/83953339\" rel=\"nofollow noopener\" target=\"_blank\"><\/p>\n<p>        <img loading=\"lazy\" decoding=\"async\" src=\"https:\/\/www.europesays.com\/no\/wp-content\/uploads\/2025\/12\/83955192.webp\" width=\"980\" height=\"441\" title=\"Dette kan gi rentekutt\" alt=\"\" class=\"lazyload\" style=\"--aspect-ratio-image: 2.22; \"\/><\/p>\n<p>        Dette kan gi rentekutt<\/p>\n<p>    <\/a><\/p>\n<p class=\"font-weight-bold m-font-weight-bold\" data-lab-font_weight=\"font-weight-bold\">Hvis dette fortsetter blir det rentekutt i mars, tror han, og peker p\u00e5 at det g\u00e5r mot lavere prisvekst.<\/p>\n<p>Norges banks rentebane indikerer ett kutt i l\u00f8pet av 2026, som antas \u00e5 komme i september.\u00a0<\/p>\n<p>\u00d8konomene uenige\t<\/p>\n<p>&#8211; Samlet inflasjon faller fra 3,1 prosent til 3,0 prosent og kjerneinflasjonen faller fra 3,4 prosent til 3,0 prosent. Begge tallene er da p\u00e5 3,0, og det er veldig positivt at det g\u00e5r mot lavere prisvekst, mener Knudsen, selv om han understreker at det fortsatt er mye \u00e5 g\u00e5 p\u00e5.<\/p>\n<p>Sjef\u00f8konom i Handelsbanken, Marius Gonsholt Hov sier til\u00a0<a href=\"https:\/\/e24.no\/norsk-oekonomi\/i\/9pmoMw\/prisveksten-falt-til-3-prosent-i-november\" target=\"_blank\" rel=\"nofollow noopener\">E24<\/a>\u00a0at tallene er en tidel under Norges Banks prognoser, og markerer en relativt stor reversering etter den sterke oppgangen i oktober.<\/p>\n<p>&#8211; Avviket er ganske lite, s\u00e5 vi er p\u00e5 linje. Jeg tror ikke det endrer nevneverdig p\u00e5 renteutsiktene til Norges Bank, sier han.<\/p>\n<p>&#8211; Rentekutt neste uke og i januar kan vi bare glemme i utgangspunktet, mener han.<\/p>\n<p>    <a itemprop=\"url\" href=\"https:\/\/borsen.dagbladet.no\/nyheter\/fravaer-av-feelgood\/83820885\" rel=\"nofollow noopener\" target=\"_blank\"><\/p>\n<p>        <img loading=\"lazy\" decoding=\"async\" src=\"https:\/\/www.europesays.com\/no\/wp-content\/uploads\/2025\/12\/83821794.webp\" width=\"980\" height=\"441\" title=\"- Frav\u00e6r av feelgood\" alt=\"\" class=\"lazyload\" style=\"--aspect-ratio-image: 2.22; \"\/><\/p>\n<p>        &#8211; Frav\u00e6r av feelgood<\/p>\n<p>    <\/a><\/p>\n<p>Strateg Dane Cekov og sjef\u00f8konom Harald Magnus Andersen i Sparebank 1 Markets skriver i en epost til NTB at de forventer at Norges Bank gjentar signalet om ett rentekutt i 2025 (i september), gitt informasjonen som er tilgjengelig n\u00e5.<\/p>\n<p>De peker p\u00e5 at videre kutt avhenger enten av en klar bedring p\u00e5 inflasjonsfronten \u2013 som vil ta tid \u2013 eller en svekkelse av real\u00f8konomien, noe som dagens tall ikke tyder p\u00e5.<\/p>\n<p>Dyrere str\u00f8m i nord\t<\/p>\n<p>Sammen med tilbudskampanjer p\u00e5 m\u00f8bler og elektronikk trakk prisutviklingen p\u00e5 mat og alkoholfrie drikkevarer prisveksten noe ned, melder Statistisk sentralbyr\u00e5 (SSB).<\/p>\n<p>Samtidig bidrar en kraftig prisvekst p\u00e5 str\u00f8m i Nord-Norge og Midt-Norge til \u00e5 holde veksten i konsumprisindeksen (KPI) oppe. I de s\u00f8rlige delene av landet ble prisveksten dempet av norgespris og str\u00f8mst\u00f8tteordninger.<\/p>\n<p>    <a itemprop=\"url\" href=\"https:\/\/borsen.dagbladet.no\/nyheter\/banker-ma-oppbemanne\/83616545\" rel=\"nofollow noopener\" target=\"_blank\"><\/p>\n<p>        <img loading=\"lazy\" decoding=\"async\" src=\"https:\/\/www.europesays.com\/no\/wp-content\/uploads\/2025\/12\/83617653.webp\" width=\"980\" height=\"441\" title=\"Ringes ned\" alt=\"\" class=\"lazyload\" style=\"--aspect-ratio-image: 2.22; \"\/><\/p>\n<p>        Ringes ned<\/p>\n<p>    <\/a><\/p>\n<p>Prisene p\u00e5 elektrisitet inkludert nettleie steg 10,9 prosent fra oktober til november og var 5,3 prosent h\u00f8yere i november enn for ett \u00e5r siden<\/p>\n<p>Kjerneinflasjonen (KPI-JAE) det siste \u00e5ret var ogs\u00e5 p\u00e5 3,0 prosent. Det er 0,4 prosentpoeng lavere enn i oktober, og lik veksten i september.<\/p>\n<p>&#8211; Den dempede veksten i KPI-JAE kommer av det relativt sterke fallet i mat- og drikkeprisene i november, og dessuten tilbudskampanjer p\u00e5 flere andre typer varer i l\u00f8pet av m\u00e5neden, sier seksjonssjef Espen Kristiansen i SSB i en pressemelding.<\/p>\n","protected":false},"excerpt":{"rendered":"At prisveksten g\u00e5r litt ned kan peke mot rentekutt allerede i mars, mener \u00f8konom. Men ekspertene er uenige.\u00a0&hellip;\n","protected":false},"author":2,"featured_media":109141,"comment_status":"","ping_status":"","sticky":false,"template":"","format":"standard","meta":{"footnotes":""},"categories":[56],"tags":[60,61,2191,62,30,28,29,14,1795,1788],"class_list":{"0":"post-109140","1":"post","2":"type-post","3":"status-publish","4":"format-standard","5":"has-post-thumbnail","7":"category-naeringsliv","8":"tag-business","9":"tag-economy","10":"tag-inflasjon","11":"tag-naeringsliv","12":"tag-no","13":"tag-norge","14":"tag-norway","15":"tag-nyheter","16":"tag-rente","17":"tag-styringsrente"},"share_on_mastodon":{"url":"https:\/\/pubeurope.com\/@no\/115694426411094609","error":""},"_links":{"self":[{"href":"https:\/\/www.europesays.com\/no\/wp-json\/wp\/v2\/posts\/109140","targetHints":{"allow":["GET"]}}],"collection":[{"href":"https:\/\/www.europesays.com\/no\/wp-json\/wp\/v2\/posts"}],"about":[{"href":"https:\/\/www.europesays.com\/no\/wp-json\/wp\/v2\/types\/post"}],"author":[{"embeddable":true,"href":"https:\/\/www.europesays.com\/no\/wp-json\/wp\/v2\/users\/2"}],"replies":[{"embeddable":true,"href":"https:\/\/www.europesays.com\/no\/wp-json\/wp\/v2\/comments?post=109140"}],"version-history":[{"count":0,"href":"https:\/\/www.europesays.com\/no\/wp-json\/wp\/v2\/posts\/109140\/revisions"}],"wp:featuredmedia":[{"embeddable":true,"href":"https:\/\/www.europesays.com\/no\/wp-json\/wp\/v2\/media\/109141"}],"wp:attachment":[{"href":"https:\/\/www.europesays.com\/no\/wp-json\/wp\/v2\/media?parent=109140"}],"wp:term":[{"taxonomy":"category","embeddable":true,"href":"https:\/\/www.europesays.com\/no\/wp-json\/wp\/v2\/categories?post=109140"},{"taxonomy":"post_tag","embeddable":true,"href":"https:\/\/www.europesays.com\/no\/wp-json\/wp\/v2\/tags?post=109140"}],"curies":[{"name":"wp","href":"https:\/\/api.w.org\/{rel}","templated":true}]}}