{"id":109142,"date":"2025-12-10T08:53:12","date_gmt":"2025-12-10T08:53:12","guid":{"rendered":"https:\/\/www.europesays.com\/no\/109142\/"},"modified":"2025-12-10T08:53:12","modified_gmt":"2025-12-10T08:53:12","slug":"volodymyr-zelenskyj-nyhetsvarsel-zelenskyj-sier-han-kan-holde-valg-innen-90-dager-ber-om-sikkerhetsgarantier-fra-usa-og-europa","status":"publish","type":"post","link":"https:\/\/www.europesays.com\/no\/109142\/","title":{"rendered":"Volodymyr Zelenskyj, Nyhetsvarsel | Zelenskyj sier han kan holde valg innen 90 dager \u2013 ber om sikkerhetsgarantier fra USA og Europa"},"content":{"rendered":"\n<p>Om sikkerheten garanteres for, s\u00e5 kan det avholdes holde valg innen de neste 60 til 90 dagene, sier han, if\u00f8lge Reuters.<\/p>\n<p>Utspillet kommer etter at USAs president Donald Trump stilte sp\u00f8rsm\u00e5l ved om Ukraina er demokratisk n\u00e5r landet ikke holder valg under krigen. Et av punktene i USAs fredsplan for Ukraina er at det m\u00e5 holdes valg innen 100 dager.<\/p>\n<p>Zelenskyj oppfordrer USA og europeiske partnere til \u00e5 bidra til \u00e5 sikre trygghet for avstemningen under krigen.<\/p>\n<p>Zelenskyj sa videre at han vil be Ukrainas nasjonalforsamling om \u00e5 forberede et lovforslag som kan gj\u00f8re det mulig \u00e5 holde valg under krigstid, noe som ikke er lov i henhold til Ukrainas grunnlov i dag.<\/p>\n<p>\u2013 Jeg ber folkevalgte om \u00e5 forberede forslag om muligheten for \u00e5 endre det lovgivende grunnlaget og loven om valg under unntakstilstand, sier han.<\/p>\n<p>Nytt omarbeidet fredsforslag<\/p>\n<p>Han varsler samtidig at han trolig sender sitt svar p\u00e5 USAs fredsplan i l\u00f8pet av onsdagen.<\/p>\n<p>\u2013 Ukraina og v\u00e5re allierte planlegger snart \u2013 kanskje onsdag \u2013 \u00e5 presentere et nytt omarbeidet fredsforslag for USA.<\/p>\n<p>Zelenskyj sa at den n\u00e5v\u00e6rende amerikanske fredsplanen skiller seg fra tidligere versjoner ved at den n\u00e5 har 20 punkter, ned fra 28, etter at noen \u00ab\u00e5penbare anti-ukrainske punkter er fjernet\u00bb.<\/p>\n<p>\u2013 De ukrainske og europeiske delene i planen er n\u00e5 mer utviklet, og vi er klare til \u00e5 presentere dem for v\u00e5re partnere i USA, skriver han p\u00e5 X.<\/p>\n<p>Beskjeden kommer etter at Zelenskyj tirsdag ettermiddag m\u00f8tte Italias statsminister Giorgia Meloni i Roma.<\/p>\n<p>Den ukrainske presidenten har v\u00e6rt p\u00e5 reise rundt i Europa for \u00e5 samle st\u00f8tte etter at USAs fredsforslag har blitt kritisert for \u00e5 favorisere Russland. Mandag m\u00f8tte han lederne i Tyskland, Frankrike og Storbritannia, samt Nato-sjefen og EUs kommisjonspresident.<\/p>\n<p>M\u00f8tte Paven<\/p>\n<p>Tirsdag m\u00f8tte han ogs\u00e5 pave Leo XIV i residensen Castel Gandolfo utenfor Roma.<\/p>\n<p>Paven understreket p\u00e5 nytt behovet for fortsatt dialog og uttrykte et stort \u00f8nske om at de p\u00e5g\u00e5ende diplomatiske initiativ skal f\u00f8re til en rettferdig og varig fred, if\u00f8lge Vatikanet.<\/p>\n<p>Under m\u00f8tet ble ogs\u00e5 sp\u00f8rsm\u00e5l om krigsfanger tatt opp og behovet for \u00e5 sikre at ukrainske barn returneres til sine familier diskutert. Vatikanet har v\u00e6rt bindeledd mellom Kyiv og Moskva i barnesaken.<\/p>\n<p>Russlands president Vladimir Putin bekreftet p\u00e5 nytt tirsdag sitt krav om at Donbas er Russlands \u00abhistoriske territorium\u00bb og lover \u00e5 oppfylle krigsm\u00e5lene satt av Kreml.<\/p>\n","protected":false},"excerpt":{"rendered":"Om sikkerheten garanteres for, s\u00e5 kan det avholdes holde valg innen de neste 60 til 90 dagene, sier&hellip;\n","protected":false},"author":2,"featured_media":109143,"comment_status":"","ping_status":"","sticky":false,"template":"","format":"standard","meta":{"footnotes":""},"categories":[12],"tags":[20,21,24,25,15,22,23,13,30,28,29,14,16,26,27,42,43,44,45],"class_list":{"0":"post-109142","1":"post","2":"type-post","3":"status-publish","4":"format-standard","5":"has-post-thumbnail","7":"category-verden","8":"tag-breaking-news","9":"tag-breakingnews","10":"tag-featured-news","11":"tag-featurednews","12":"tag-headlines","13":"tag-latest-news","14":"tag-latestnews","15":"tag-news","16":"tag-no","17":"tag-norge","18":"tag-norway","19":"tag-nyheter","20":"tag-overskrifter","21":"tag-top-stories","22":"tag-topstories","23":"tag-verden","24":"tag-world","25":"tag-world-news","26":"tag-worldnews"},"share_on_mastodon":{"url":"https:\/\/pubeurope.com\/@no\/115694430119771563","error":""},"_links":{"self":[{"href":"https:\/\/www.europesays.com\/no\/wp-json\/wp\/v2\/posts\/109142","targetHints":{"allow":["GET"]}}],"collection":[{"href":"https:\/\/www.europesays.com\/no\/wp-json\/wp\/v2\/posts"}],"about":[{"href":"https:\/\/www.europesays.com\/no\/wp-json\/wp\/v2\/types\/post"}],"author":[{"embeddable":true,"href":"https:\/\/www.europesays.com\/no\/wp-json\/wp\/v2\/users\/2"}],"replies":[{"embeddable":true,"href":"https:\/\/www.europesays.com\/no\/wp-json\/wp\/v2\/comments?post=109142"}],"version-history":[{"count":0,"href":"https:\/\/www.europesays.com\/no\/wp-json\/wp\/v2\/posts\/109142\/revisions"}],"wp:featuredmedia":[{"embeddable":true,"href":"https:\/\/www.europesays.com\/no\/wp-json\/wp\/v2\/media\/109143"}],"wp:attachment":[{"href":"https:\/\/www.europesays.com\/no\/wp-json\/wp\/v2\/media?parent=109142"}],"wp:term":[{"taxonomy":"category","embeddable":true,"href":"https:\/\/www.europesays.com\/no\/wp-json\/wp\/v2\/categories?post=109142"},{"taxonomy":"post_tag","embeddable":true,"href":"https:\/\/www.europesays.com\/no\/wp-json\/wp\/v2\/tags?post=109142"}],"curies":[{"name":"wp","href":"https:\/\/api.w.org\/{rel}","templated":true}]}}