{"id":109158,"date":"2025-12-10T09:13:02","date_gmt":"2025-12-10T09:13:02","guid":{"rendered":"https:\/\/www.europesays.com\/no\/109158\/"},"modified":"2025-12-10T09:13:02","modified_gmt":"2025-12-10T09:13:02","slug":"tysklands-forbundskansler-kritiserer-usa-strategi","status":"publish","type":"post","link":"https:\/\/www.europesays.com\/no\/109158\/","title":{"rendered":"Tysklands forbundskansler kritiserer USA-strategi"},"content":{"rendered":"<p class=\"kicker t15 font-weight-bold m-font-weight-bold color_mobile_no_bg_color quaternary color_mobile_quaternary font-Trim text-case-transform-upper mobile-hasTextPadding\" style=\"\">Nyheter<\/p>\n<p>    Tysklands forbundskansler Friedrich Merz kaller deler av USAs nye nasjonale sikkerhetsstrategi er uakseptabel fra et europeisk perspektiv.<\/p>\n<p>\n        MERZ: Tysklands forbundskansler Friedrich Merz avbildet under et m\u00f8te i den tyske regjeringen 3. desember.<br \/>\n        Foto: Markus Schreiber, AP, NTB\n    <\/p>\n<p>\u2013 Jeg ser ingen grunn til at amerikanerne n\u00e5 skal \u00f8nske \u00e5 redde demokratiet i Europa, sier Merz, og viser til at strategien anklager Europa for \u00e5 undergrave politisk frihet og sl\u00e5 ned p\u00e5 ytringsfrihet.<\/p>\n<p><a href=\"https:\/\/www.whitehouse.gov\/wp-content\/uploads\/2025\/12\/2025-National-Security-Strategy.pdf\" rel=\"nofollow noopener\" target=\"_blank\">Sikkerhetsstrategien <\/a>er ment \u00e5 konkretisere verdensbildet til USAs president Donald Trump, som setter \u00abUSA f\u00f8rst\u00bb. Strategien skildrer Europa som overregulert, sensurerende og p\u00e5st\u00e5r at kontinentet st\u00e5r overfor \u00absivilisasjonsmessig utsettelse\u00bb p\u00e5 grunn av innvandring.<\/p>\n<p>Merz sier tirsdag at han ikke er overrasket over innholdet i strategien.<\/p>\n<p>\u2013 Noe av det er begripelig og noe av det er forst\u00e5elig, sier han, men legger til at den bekrefter hans syn om at Europa og Tyskland m\u00e5 gj\u00f8re seg mindre avhengige av USA.<\/p>\n<p>Men han \u00f8nsker fortsatt konstruktivt samarbeid.<\/p>\n<p>\u2013 I samtalene mine med amerikanerne sier jeg at \u00abUSA f\u00f8rst\u00bb er greit, men \u00abUSA alene\u00bb kan ikke v\u00e6re i deres interesse. De trenger ogs\u00e5 partnere i verden, og en av disse partnerne kan v\u00e6re Europa.<\/p>\n","protected":false},"excerpt":{"rendered":"Nyheter Tysklands forbundskansler Friedrich Merz kaller deler av USAs nye nasjonale sikkerhetsstrategi er uakseptabel fra et europeisk perspektiv.&hellip;\n","protected":false},"author":2,"featured_media":109159,"comment_status":"","ping_status":"","sticky":false,"template":"","format":"standard","meta":{"footnotes":""},"categories":[12],"tags":[20,21,24,25,15,22,23,13,30,28,29,14,16,26,27,42,43,44,45],"class_list":{"0":"post-109158","1":"post","2":"type-post","3":"status-publish","4":"format-standard","5":"has-post-thumbnail","7":"category-verden","8":"tag-breaking-news","9":"tag-breakingnews","10":"tag-featured-news","11":"tag-featurednews","12":"tag-headlines","13":"tag-latest-news","14":"tag-latestnews","15":"tag-news","16":"tag-no","17":"tag-norge","18":"tag-norway","19":"tag-nyheter","20":"tag-overskrifter","21":"tag-top-stories","22":"tag-topstories","23":"tag-verden","24":"tag-world","25":"tag-world-news","26":"tag-worldnews"},"share_on_mastodon":{"url":"https:\/\/pubeurope.com\/@no\/115694508814611219","error":""},"_links":{"self":[{"href":"https:\/\/www.europesays.com\/no\/wp-json\/wp\/v2\/posts\/109158","targetHints":{"allow":["GET"]}}],"collection":[{"href":"https:\/\/www.europesays.com\/no\/wp-json\/wp\/v2\/posts"}],"about":[{"href":"https:\/\/www.europesays.com\/no\/wp-json\/wp\/v2\/types\/post"}],"author":[{"embeddable":true,"href":"https:\/\/www.europesays.com\/no\/wp-json\/wp\/v2\/users\/2"}],"replies":[{"embeddable":true,"href":"https:\/\/www.europesays.com\/no\/wp-json\/wp\/v2\/comments?post=109158"}],"version-history":[{"count":0,"href":"https:\/\/www.europesays.com\/no\/wp-json\/wp\/v2\/posts\/109158\/revisions"}],"wp:featuredmedia":[{"embeddable":true,"href":"https:\/\/www.europesays.com\/no\/wp-json\/wp\/v2\/media\/109159"}],"wp:attachment":[{"href":"https:\/\/www.europesays.com\/no\/wp-json\/wp\/v2\/media?parent=109158"}],"wp:term":[{"taxonomy":"category","embeddable":true,"href":"https:\/\/www.europesays.com\/no\/wp-json\/wp\/v2\/categories?post=109158"},{"taxonomy":"post_tag","embeddable":true,"href":"https:\/\/www.europesays.com\/no\/wp-json\/wp\/v2\/tags?post=109158"}],"curies":[{"name":"wp","href":"https:\/\/api.w.org\/{rel}","templated":true}]}}