{"id":109168,"date":"2025-12-10T09:22:18","date_gmt":"2025-12-10T09:22:18","guid":{"rendered":"https:\/\/www.europesays.com\/no\/109168\/"},"modified":"2025-12-10T09:22:18","modified_gmt":"2025-12-10T09:22:18","slug":"god-morgen-nationen-regjeringen-store-med-ny-plan-for-norge","status":"publish","type":"post","link":"https:\/\/www.europesays.com\/no\/109168\/","title":{"rendered":"God Morgen, Nationen!, Regjeringen | St\u00f8re med ny plan for Norge"},"content":{"rendered":"\n<p><b>Morn&#8217;, kj\u00e6re Nationen-leser!<\/b><\/p>\n<p><b>I dag er det sannelig to uker til julaften. Om du bryr deg om det eller ei: Her er nyhetene du kan starte dagen med 10. desember.<\/b><\/p>\n<p>Statsminister Jonas Gahr St\u00f8re bytter ut regjeringsplattformen med en \u00e5rlig oppdatert \u00abPlan for Norge\u00bb. Planen presenteres 15. desember, if\u00f8lge <a rel=\"noopener nofollow\" href=\"https:\/\/www.vg.no\/nyheter\/i\/bOKg5q\/stoere-satser-paa-plan-for-norge\" target=\"_blank\">VG<\/a>.<\/p>\n<p>St\u00f8re sier en viktig l\u00e6rdom fra de siste \u00e5rene er at verden endrer seg raskt, og regjeringen m\u00e5 tilpasse seg.<\/p>\n<p>Den nye planen skal peke ut regjeringens viktigste m\u00e5l og prioriteringer for de neste \u00e5rene, ikke v\u00e6re en samling av hundrevis av enkeltsaker som er l\u00e5st for hele perioden, skriver NTB i en nyhetsmelding.<\/p>\n<p><b>Dette skjer i dag:<\/b><\/p>\n<ul>\n<li>Fredsprisutdelingen avholdes i dag med seremoni i Oslo r\u00e5dhus kl. 13.00, der prisvinner Maria Corina Machado skal holde sitt nobelforedrag, fulgt av bankett p\u00e5 Grand Hotel.<\/li>\n<li>Statistisk sentralbyr\u00e5 (SSB) publiserer i dag viktige tall, inkludert Konsumprisindeksen (KPI) for november, samt statistikk om utenriksregnskap, nasjonalregnskap og godstransport.<\/li>\n<li>Politidirektoratet holder pressekonferanse hvor de legger fram og publiserer en evaluering av fjor\u00e5rets alvorlige skyteepisode p\u00e5 Klepp, der \u00e9n politibetjent ble drept.<\/li>\n<li>Stortingets muntlige sp\u00f8rretime avholdes kl. 10.00 med Digitaliseringsministeren og Barne- og familieministeren.<\/li>\n<\/ul>\n<p><b>Dette er nattens viktigste nyheter:<\/b><\/p>\n<ul>\n<li>EU-institusjonene ble enige om et juridisk bindende klimam\u00e5l p\u00e5 90 prosent kutt i utslippene innen 2040, sammenlignet med 1990-niv\u00e5. Dette er et skritt mot kliman\u00f8ytralitet innen 2050, hvorav fem prosent av kuttene kan dekkes ved kj\u00f8p av karbonkreditter fra andre land.<\/li>\n<li>Over 500 000 mennesker er evakuert fra grenseomr\u00e5dene i Thailand og Kambodsja etter oppblussingen av grensestriden, hvor minst tolv mennesker er drept i kamper. V\u00e5penhvilen mellom landene br\u00f8t sammen i de hardeste kampene siden juli, til tross for tidligere fredsavtaler.<\/li>\n<li>Oppr\u00f8rsgruppen M23 gikk inn i grensebyen Uvira i Kongo, noe som har drevet tusener av mennesker p\u00e5 flukt over grensen til Burundi. Over 30 000 har krysset grensen den siste uken, og voldsoppblussingen undergraver en fersk fredsavtale i regionen.<\/li>\n<li>Eileen Higgins fra Demokratene vant valget i Miami med rundt 60 prosent av stemmene, og blir byens f\u00f8rste kvinnelige ordf\u00f8rer. Seieren bryter republikansk dominans som har vart i nesten 30 \u00e5r i storbyen, som har lav valgdeltakelse.<\/li>\n<li>Tampa Bay Lightning, med Emil Lilleberg, vant 6-1 borte mot Montreal Canadiens i NHL og kom dermed tilbake p\u00e5 vinnersporet etter fire strake tap. Laget ledet 3-0 etter f\u00f8rste periode og fastsatte sluttresultatet 6-1 i tredje periode, hvor Lilleberg fikk nesten 24 minutter p\u00e5 isen.<\/li>\n<\/ul>\n<p><b>Har du f\u00e5tt med deg disse Nationen-sakene p\u00e5 morgenen?<\/b><\/p>\n<p>  <a href=\"https:\/\/www.nationen.no\/5-148-833583\" class=\"related-teaser has-image default-story-teaser article--c-eRUmMG article--c-eRUmMG-jKCPdD-design-default\" rel=\"nofollow noopener\" target=\"_blank\"><\/p>\n<p>    <img decoding=\"async\" loading=\"lazy\"  src=\"https:\/\/www.europesays.com\/no\/wp-content\/uploads\/2025\/12\/a9984d79-fe10-5009-99cf-1f35f31aa1cd.jpg\" alt=\"\" class=\"brick-c-cFOWSL\" style=\"\"\/><\/p>\n<p>\n            Les ogs\u00e5<\/p>\n<p>              Stort avgiftskutt til mange b\u00f8nder\n        <\/p>\n<p>  <\/a><\/p>\n<p>  <a href=\"https:\/\/www.nationen.no\/5-148-833860\" class=\"related-teaser has-image default-story-teaser article--c-eRUmMG article--c-eRUmMG-jKCPdD-design-default\" rel=\"nofollow noopener\" target=\"_blank\"><\/p>\n<p>    <img decoding=\"async\" loading=\"lazy\"  src=\"https:\/\/www.europesays.com\/no\/wp-content\/uploads\/2025\/12\/Tor+Jacob+Solberg+front_3.jpg\" alt=\"\" class=\"brick-c-cFOWSL\" style=\"\"\/><\/p>\n<p>\n            Les ogs\u00e5<\/p>\n<p>              Bondegeneral vil ha h\u00f8yere matvarepriser\n        <\/p>\n<p>  <\/a><\/p>\n<p>  <a href=\"https:\/\/www.nationen.no\/5-148-833375\" class=\"related-teaser has-image default-opinion-teaser article--c-eRUmMG article--c-eRUmMG-jKCPdD-design-default\" rel=\"nofollow noopener\" target=\"_blank\"><\/p>\n<p>    <img decoding=\"async\" loading=\"lazy\"  src=\"https:\/\/www.europesays.com\/no\/wp-content\/uploads\/2025\/12\/NTB_oT1hckhsLwU.jpg\" alt=\"\" class=\"brick-c-cFOWSL\" style=\"\"\/><\/p>\n<p>\n            Les ogs\u00e5<\/p>\n<p>              Tekoligarkenes imperialisme\n        <\/p>\n<p>  <\/a><\/p>\n<p>  <a href=\"https:\/\/www.nationen.no\/5-148-833836\" class=\"related-teaser has-image default-story-teaser article--c-eRUmMG article--c-eRUmMG-jKCPdD-design-default\" rel=\"nofollow noopener\" target=\"_blank\"><\/p>\n<p>    <img decoding=\"async\" loading=\"lazy\"  src=\"https:\/\/www.europesays.com\/no\/wp-content\/uploads\/2025\/12\/NTB_uRTrpTbFor4.jpg\" alt=\"\" class=\"brick-c-cFOWSL\" style=\"\"\/><\/p>\n<p>\n            Les ogs\u00e5<\/p>\n<p>              Frp soleklart st\u00f8rst p\u00e5 ny m\u00e5ling\n        <\/p>\n<p>  <\/a><\/p>\n<p>  <a href=\"https:\/\/www.nationen.no\/5-148-833719\" class=\"related-teaser has-image default-story-teaser article--c-eRUmMG article--c-eRUmMG-jKCPdD-design-default\" rel=\"nofollow noopener\" target=\"_blank\"><\/p>\n<p>    <img decoding=\"async\" loading=\"lazy\"  src=\"https:\/\/www.europesays.com\/no\/wp-content\/uploads\/2025\/12\/Skjermbilde+2025-12-09+kl.+16.29.02.png\" alt=\"\" class=\"brick-c-cFOWSL\" style=\"\"\/><\/p>\n<p>\n            Les ogs\u00e5<\/p>\n<p>              Superstjernen har kj\u00f8pt g\u00e5rd\n        <\/p>\n<p>  <\/a><br \/>\n  Har du pr\u00f8vd deg p\u00e5 Nationens julekalender?<\/p>\n<p>V\u00e6ret<\/p>\n<p><b>\u00d8stlandet: <\/b>Vind: \u00d8stlig, dreiende til s\u00f8rvestlig bris\/liten kuling p\u00e5 kysten.<\/p>\n<p>V\u00e6r\/Nedb\u00f8r: Regn, men sn\u00f8\/sludd i indre nordlige\/vestlige str\u00f8k. Bedring fra morgenen med oppholdsv\u00e6r og mest sol ved kysten.<\/p>\n<p><b>S\u00f8rlandet: <\/b>Vind: Dreiing til s\u00f8rvestlig bris\/liten kuling, periodevis stiv kuling.<\/p>\n<p>V\u00e6r\/Nedb\u00f8r: F\u00f8rst regn, deretter oppholdsv\u00e6r og mye sol i \u00f8st. Skyet med regnbyger i vest fra ettermiddage<\/p>\n<p><b>Vestlandet: <\/b>Vind: S\u00f8rlig stiv\/sterk kuling, dreiende s\u00f8rvest (liten til full storm ved Stad).<\/p>\n<p>V\u00e6r\/Nedb\u00f8r: Regn og regnbyger, med fare for torden. Kortvarig lettere v\u00e6r i formiddag.<\/p>\n<p><b>Midt-Norge: <\/b>Vind: S\u00f8rlig stiv\/sterk kuling, dreiende s\u00f8rvest (liten til full storm ved Stad).<\/p>\n<p>V\u00e6r\/Nedb\u00f8r: Regn og regnbyger, med fare for torden. Kortvarig lettere v\u00e6r i formiddag.<\/p>\n<p><b>Nord-Norge : <\/b>Vind: \u00d8kning til \u00f8st og s\u00f8r\u00f8st stiv kuling utsatte steder.<\/p>\n<p>V\u00e6r\/Nedb\u00f8r: Sn\u00f8\/sludd og regn i s\u00f8r (Nordland s\u00f8r for Bod\u00f8). Lettsskyet oppholdsv\u00e6r i nord (Nordland nord for Bod\u00f8, Troms kyst\/fjord). Sn\u00f8 i indre Finnmark, ellers lettskyet.<\/p>\n<p>Trafikk<\/p>\n<p>Skal du over fjellet i dag? Slik er status p\u00e5 fjellovergangene.<\/p>\n<p>Str\u00f8mpriser<\/p>\n<p>Slik blir str\u00f8mprisene for deg som ikke har norgespris. Har du norgespris kan du sjekke hva du vil spare eller tape p\u00e5 str\u00f8mforbruket i dag.<\/p>\n<p>(Velg ditt str\u00f8momr\u00e5de \u00f8verst. Du kan ogs\u00e5 sjekke str\u00f8mprisene for i morgen, om du planlegger str\u00f8mforbruket for morgendagen).<\/p>\n<p>Sulten p\u00e5 mer, og langt \u00e5 g\u00e5 til postkassa? Her er dagens e-avis:<\/p>\n<p>  <a href=\"https:\/\/eavis.nationen.no\" style=\"color: var(--brick-colors-supportiveNoneFg)\" rel=\"nofollow noopener\" target=\"_blank\"><br \/>\n    <img decoding=\"async\" src=\"https:\/\/www.europesays.com\/no\/wp-content\/uploads\/2025\/12\/1765358537_534_medium.jpg\" alt=\"Forsiden til siste Eavis.\"\/><br \/>\n    Les eAvis her<br \/>\n  <\/a><\/p>\n<p>   <img decoding=\"async\" width=\"570\" height=\"229\" fetchpriority=\"low\"  loading=\"lazy\"  src=\"https:\/\/www.europesays.com\/no\/wp-content\/uploads\/2025\/12\/Screenshot+2025-12-10+06.30.28.png\" alt=\"\" class=\"brick-c-cFOWSL\" style=\"--brick-image-ratio: 570 \/ 229;\"\/><\/p>\n<p>  Vil du ha denne morgenrapporten levert p\u00e5 mobil?<\/p>\n<p>Last ned nyhetsappen v\u00e5r og velg hvilke nyheter du vil f\u00f8lge:<\/p>\n","protected":false},"excerpt":{"rendered":"Morn&#8217;, kj\u00e6re Nationen-leser! I dag er det sannelig to uker til julaften. Om du bryr deg om det&hellip;\n","protected":false},"author":2,"featured_media":109169,"comment_status":"","ping_status":"","sticky":false,"template":"","format":"standard","meta":{"footnotes":""},"categories":[10],"tags":[36,20,21,24,25,797,15,201,22,23,10356,13,30,28,29,14,16,41,3166,1510,26,27],"class_list":{"0":"post-109168","1":"post","2":"type-post","3":"status-publish","4":"format-standard","5":"has-post-thumbnail","7":"category-norge","8":"tag-art","9":"tag-breaking-news","10":"tag-breakingnews","11":"tag-featured-news","12":"tag-featurednews","13":"tag-god-morgen","14":"tag-headlines","15":"tag-jonas-gahr-store","16":"tag-latest-news","17":"tag-latestnews","18":"tag-nationen","19":"tag-news","20":"tag-no","21":"tag-norge","22":"tag-norway","23":"tag-nyheter","24":"tag-overskrifter","25":"tag-politikk","26":"tag-regjeringen","27":"tag-story","28":"tag-top-stories","29":"tag-topstories"},"share_on_mastodon":{"url":"https:\/\/pubeurope.com\/@no\/115694544785448428","error":""},"_links":{"self":[{"href":"https:\/\/www.europesays.com\/no\/wp-json\/wp\/v2\/posts\/109168","targetHints":{"allow":["GET"]}}],"collection":[{"href":"https:\/\/www.europesays.com\/no\/wp-json\/wp\/v2\/posts"}],"about":[{"href":"https:\/\/www.europesays.com\/no\/wp-json\/wp\/v2\/types\/post"}],"author":[{"embeddable":true,"href":"https:\/\/www.europesays.com\/no\/wp-json\/wp\/v2\/users\/2"}],"replies":[{"embeddable":true,"href":"https:\/\/www.europesays.com\/no\/wp-json\/wp\/v2\/comments?post=109168"}],"version-history":[{"count":0,"href":"https:\/\/www.europesays.com\/no\/wp-json\/wp\/v2\/posts\/109168\/revisions"}],"wp:featuredmedia":[{"embeddable":true,"href":"https:\/\/www.europesays.com\/no\/wp-json\/wp\/v2\/media\/109169"}],"wp:attachment":[{"href":"https:\/\/www.europesays.com\/no\/wp-json\/wp\/v2\/media?parent=109168"}],"wp:term":[{"taxonomy":"category","embeddable":true,"href":"https:\/\/www.europesays.com\/no\/wp-json\/wp\/v2\/categories?post=109168"},{"taxonomy":"post_tag","embeddable":true,"href":"https:\/\/www.europesays.com\/no\/wp-json\/wp\/v2\/tags?post=109168"}],"curies":[{"name":"wp","href":"https:\/\/api.w.org\/{rel}","templated":true}]}}