{"id":109186,"date":"2025-12-10T09:54:59","date_gmt":"2025-12-10T09:54:59","guid":{"rendered":"https:\/\/www.europesays.com\/no\/109186\/"},"modified":"2025-12-10T09:54:59","modified_gmt":"2025-12-10T09:54:59","slug":"nyheter-okonomi-matprisene-har-falt-hvis-dette-fortsetter-blir-det-rentekutt-i-mars","status":"publish","type":"post","link":"https:\/\/www.europesays.com\/no\/109186\/","title":{"rendered":"Nyheter, \u00d8konomi | Matprisene har falt: \u2013 Hvis dette fortsetter, blir det rentekutt i mars"},"content":{"rendered":"\n<p>Statistisk sentralbyr\u00e5s <a href=\"https:\/\/www.ssb.no\/priser-og-prisindekser\/konsumpriser\/statistikk\/konsumprisindeksen\/artikler\/flat-prisvekst-i-november\" rel=\"nofollow noopener\" target=\"_blank\"> statistikk om prisutviklingen<\/a> ble publisert onsdag morgen.<\/p>\n<p>Fra oktober til november i 2025 har det v\u00e6rt et ganske sterkt prisfall p\u00e5 mat og alkoholfrie drikkevarer i forhold til det som er vanlig for november, p\u00e5 1 prosent. Til sammenligning steg prisene med 0,4 prosent i samme periode i fjor.<\/p>\n<p>\u2013 Vi ser ikke ofte at mat- og drikkeprisene g\u00e5r s\u00e5 mye ned fra oktober til november. I fjor s\u00e5 vi derimot en \u00f8kning i prisene p\u00e5 samme tid. Dermed faller tolvm\u00e5nedersveksten i mat- og drikkeprisene betydelig fra oktober til november, sier Espen Kristiansen, seksjonssjef i Statistisk sentralbyr\u00e5 (SSB)<\/p>\n<p>  <a href=\"https:\/\/www.rb.no\/5-43-2630766\" class=\"related-teaser has-image default-story-teaser article--c-eRUmMG article--c-eRUmMG-jKCPdD-design-default\" rel=\"nofollow noopener\" target=\"_blank\"><\/p>\n<p>    <img decoding=\"async\" loading=\"lazy\"  src=\"https:\/\/www.europesays.com\/no\/wp-content\/uploads\/2025\/12\/vlcsnap-2025-12-09-15h27m20s799.jpg\" alt=\"\" class=\"brick-c-cFOWSL\" style=\"\"\/><\/p>\n<p>\n            Les ogs\u00e5<\/p>\n<p>              Dramatiske bilder av kj\u00f8pesenter-brannen: Brannvesenet kommer med oppfordring\n        <\/p>\n<p>  <\/a><br \/>\n  \u2013 Gledelig<\/p>\n<p>\u2013 Det er gledelig at prisveksten faller igjen. Dagens inflasjonstall viser at vi er p\u00e5 rett vei, og legger til rette for at l\u00f8nningene kan vokse raskere enn prisene ogs\u00e5 i \u00e5r, sier finansminister Jens Stoltenberg (Ap) i en kommentar til tallene.<\/p>\n<p>\u2013 Med en urolig verden rundt oss, m\u00e5 vi n\u00e5 fortsette \u00e5 holde orden i norsk \u00f8konomi for \u00e5 bidra til at den positive utviklingen kan fortsette, fortsetter han.<\/p>\n<p>   <img decoding=\"async\" width=\"6000\" height=\"4000\" fetchpriority=\"low\"  loading=\"lazy\"  src=\"https:\/\/www.europesays.com\/no\/wp-content\/uploads\/2025\/12\/NTB_foFPVUBT_24.jpg\" alt=\"Oslo, Norway 20251128. &#10;Finansminister Jens Stoltenberg (Ap) i Stortinget fredag, i forbindelse med ferdigstillelse av statsbudsjettet for 2026.&#10;Foto: Jonas F\u00e6ste Laksekj\u00f8n \/ NTB\" class=\"brick-c-cFOWSL\" style=\"--brick-image-ratio: 6000 \/ 4000;\"\/><\/p>\n<p>      FINANSMINISTER: Jens Stoltenberg er glad for at prisveksten faller igjen.<br \/>\n      Foto: Jonas F\u00e6ste Laksekj\u00f8n\/NTB\n    <\/p>\n<p>  <a href=\"https:\/\/www.rb.no\/5-43-2626887\" class=\"related-teaser has-image default-story-teaser article--c-eRUmMG article--c-eRUmMG-jKCPdD-design-default\" rel=\"nofollow noopener\" target=\"_blank\"><\/p>\n<p>    <img decoding=\"async\" loading=\"lazy\"  src=\"https:\/\/www.europesays.com\/no\/wp-content\/uploads\/2025\/12\/cocktail.jpg\" alt=\"\" class=\"brick-c-cFOWSL\" style=\"\"\/><\/p>\n<p>\n            Les ogs\u00e5<\/p>\n<p>              Dette fikk kontroll\u00f8rene til \u00e5 se r\u00f8dt\n        <\/p>\n<p>  <\/a><br \/>\n  Neste kutt<\/p>\n<p>Sjef\u00f8konom Kyrre M. Knudsen i Sparebank 1 skriver i en e-post til NTB at det skal mye til for at det blir rentekutt neste uke, men det n\u00e5 g\u00e5r i retning av at det potensielt ikke er s\u00e5 lenge til neste kutt.<\/p>\n<p>\u2013 Det er veldig positivt at det g\u00e5r mot lavere prisvekst, skriver Knudsen. Han tror p\u00e5 et nytt kutt i mars.<\/p>\n<p>\u2013 Det er en del spesielle forhold som black week og en del tilbud som har p\u00e5virket en del. Men i det store bildet var prisveksten for mat lavere enn forrige m\u00e5ned, og det er positivt, selv om det fortsatt er mye \u00e5 g\u00e5 p\u00e5.<\/p>\n<p>Men ikke alle analytikere er like optimistiske.<\/p>\n<p>Strateg Dane Cekov og sjef\u00f8konom Harald Magnus Andersen i Sparebank 1 Markets skriver i en e-post til NTB at de forventer at Norges Bank gjentar signalet om ett rentekutt i 2025 \u2013 i september \u2013 gitt informasjonen som er tilgjengelig n\u00e5.<\/p>\n<p>De peker p\u00e5 at videre kutt avhenger enten av en klar bedring p\u00e5 inflasjonsutviklingen \u2013 som vil ta tid \u2013 eller en svekkelse av real\u00f8konomien, noe som dagens tall ikke tyder p\u00e5.<\/p>\n<p>  <a href=\"https:\/\/www.rb.no\/5-43-2630669\" class=\"related-teaser has-image default-story-teaser article--c-eRUmMG article--c-eRUmMG-jKCPdD-design-default\" rel=\"nofollow noopener\" target=\"_blank\"><\/p>\n<p>    <img decoding=\"async\" loading=\"lazy\"  src=\"https:\/\/www.europesays.com\/no\/wp-content\/uploads\/2025\/12\/vann+bredde.jpg\" alt=\"\" class=\"brick-c-cFOWSL\" style=\"\"\/><\/p>\n<p>\n            Les ogs\u00e5<\/p>\n<p>              Fikk hjelp av \u00abkonkurrenten\u00bb da alarmen gikk\n        <\/p>\n<p>  <\/a><br \/>\n  Billigere frukt og gr\u00f8nt<\/p>\n<p>Det er prisene p\u00e5 frukt og gr\u00f8nt som har falt mest. Fruktprisen har g\u00e5tt ned med hele 4,1 prosent, men gr\u00f8nnsakprisene har falt med 3,7 prosent.<\/p>\n<p>Fallet i matvareprisene f\u00f8rer til en reduksjon p\u00e5 1,5 prosentpoeng i tolvm\u00e5nedersveksten for varegruppen, fra 6,2 prosent i oktober.<\/p>\n<p>Det sterke prisfallet f\u00f8rer ogs\u00e5 til en dempet vekst i kjerneinflasjonen (KPI-JAE), som ligger p\u00e5 3,0 prosent for de siste 12 m\u00e5nedene. Det er 0,4 prosentpoeng lavere enn i oktober, og lik veksten i september.<\/p>\n<p>  <a href=\"https:\/\/www.rb.no\/5-43-2630521\" class=\"related-teaser has-image default-story-teaser article--c-eRUmMG article--c-eRUmMG-jKCPdD-design-default\" rel=\"nofollow noopener\" target=\"_blank\"><\/p>\n<p>    <img decoding=\"async\" loading=\"lazy\"  src=\"https:\/\/www.europesays.com\/no\/wp-content\/uploads\/2025\/12\/blodigstrommen.jpg\" alt=\"\" class=\"brick-c-cFOWSL\" style=\"\"\/><\/p>\n<p>\n            Les ogs\u00e5<\/p>\n<p>              17-\u00e5ring ble knivstukket under slagsm\u00e5l: \u2013 Jeg d\u00f8r, jeg d\u00f8r!\n        <\/p>\n<p>  <\/a><br \/>\n  Prisveksten demper seg<\/p>\n<p>Den generelle prisveksten for de siste tolv m\u00e5nedene demper seg litt, med en stigning p\u00e5 3,0 prosent siden november i fjor. Det er en liten nedgang fra oktober, da prisveksten l\u00e5 p\u00e5 3,1 prosent.<\/p>\n<p>Prisvekst er et m\u00e5l p\u00e5 hvor mye prisene p\u00e5 varer som mat eller kl\u00e6r, og tjenester som bussbillett eller fris\u00f8r, har steget over tid.<\/p>\n<p>Det er hovedsakelig prisutviklingen p\u00e5 mat og alkoholfrie drikkevarer sammen med tilbudskampanjer p\u00e5 m\u00f8bler og elektronikk som trekker ned prisveksten. Samtidig bidrar en kraftig prisvekst p\u00e5 str\u00f8m i Nord-Norge og Midt-Norge til \u00e5 holde veksten i konsumprisindeksen (KPI) oppe.<\/p>\n","protected":false},"excerpt":{"rendered":"Statistisk sentralbyr\u00e5s statistikk om prisutviklingen ble publisert onsdag morgen. Fra oktober til november i 2025 har det v\u00e6rt&hellip;\n","protected":false},"author":2,"featured_media":109187,"comment_status":"","ping_status":"","sticky":false,"template":"","format":"standard","meta":{"footnotes":""},"categories":[56],"tags":[36,60,61,62,30,28,29,14,572,2950,1020,1510],"class_list":{"0":"post-109186","1":"post","2":"type-post","3":"status-publish","4":"format-standard","5":"has-post-thumbnail","7":"category-naeringsliv","8":"tag-art","9":"tag-business","10":"tag-economy","11":"tag-naeringsliv","12":"tag-no","13":"tag-norge","14":"tag-norway","15":"tag-nyheter","16":"tag-okonomi","17":"tag-prisvekst","18":"tag-renter","19":"tag-story"},"share_on_mastodon":{"url":"https:\/\/pubeurope.com\/@no\/115694673966331175","error":""},"_links":{"self":[{"href":"https:\/\/www.europesays.com\/no\/wp-json\/wp\/v2\/posts\/109186","targetHints":{"allow":["GET"]}}],"collection":[{"href":"https:\/\/www.europesays.com\/no\/wp-json\/wp\/v2\/posts"}],"about":[{"href":"https:\/\/www.europesays.com\/no\/wp-json\/wp\/v2\/types\/post"}],"author":[{"embeddable":true,"href":"https:\/\/www.europesays.com\/no\/wp-json\/wp\/v2\/users\/2"}],"replies":[{"embeddable":true,"href":"https:\/\/www.europesays.com\/no\/wp-json\/wp\/v2\/comments?post=109186"}],"version-history":[{"count":0,"href":"https:\/\/www.europesays.com\/no\/wp-json\/wp\/v2\/posts\/109186\/revisions"}],"wp:featuredmedia":[{"embeddable":true,"href":"https:\/\/www.europesays.com\/no\/wp-json\/wp\/v2\/media\/109187"}],"wp:attachment":[{"href":"https:\/\/www.europesays.com\/no\/wp-json\/wp\/v2\/media?parent=109186"}],"wp:term":[{"taxonomy":"category","embeddable":true,"href":"https:\/\/www.europesays.com\/no\/wp-json\/wp\/v2\/categories?post=109186"},{"taxonomy":"post_tag","embeddable":true,"href":"https:\/\/www.europesays.com\/no\/wp-json\/wp\/v2\/tags?post=109186"}],"curies":[{"name":"wp","href":"https:\/\/api.w.org\/{rel}","templated":true}]}}