{"id":109200,"date":"2025-12-10T10:07:08","date_gmt":"2025-12-10T10:07:08","guid":{"rendered":"https:\/\/www.europesays.com\/no\/109200\/"},"modified":"2025-12-10T10:07:08","modified_gmt":"2025-12-10T10:07:08","slug":"tror-pa-flere-utovere-fra-russland-og-belarus-i-davos","status":"publish","type":"post","link":"https:\/\/www.europesays.com\/no\/109200\/","title":{"rendered":"Tror p\u00e5 flere ut\u00f8vere fra Russland og Belarus i Davos"},"content":{"rendered":"\n<p class=\"_lead_o9xde_2 _lead_xtcu6_50 layout-component text-serif-m layout-normal text-serif-l layout-component layout-wide layout-padded _wide_17hqh_1 layout-padded\">Sportssjefen i Det internasjonale skiforbundet antyder at \u00abet par\u00bb ut\u00f8vere fra Russland og Belarus vil kunne delta som n\u00f8ytrale i langrennsverdenscupen i Davos.<\/p>\n<p><img alt=\"Saveliuj Korostelev h\u00e5per p\u00e5 deltakelse i Davos.  Foto: Terje Pedersen \/ NTB\" class=\"_image_qp4xg_65 layout-component layout-wide\" data-fullscreen- data-track-element-type=\"Article image fullscreen\" data-track-name=\"ImageFullscreen\" fetchpriority=\"high\" decoding=\"sync\" loading=\"eager\" height=\"2627\" itemprop=\"image\"  src=\"https:\/\/www.europesays.com\/no\/wp-content\/uploads\/2025\/12\/ba2ff6cc-e3b4-4381-a926-e749437a95d1\"  style=\"object-position:0% 0%\" width=\"3940\"\/>Saveliuj Korostelev h\u00e5per p\u00e5 deltakelse i Davos.  Foto: Terje Pedersen \/ NTB<\/p>\n<ul aria-hidden=\"true\" class=\"_images_ntbth_112\">\n<li><a class=\"_link_ntbth_117\" href=\"https:\/\/www.vg.no\/forfatter\/ntb\" style=\"z-index:1\" title=\"NTB\" rel=\"nofollow noopener\" target=\"_blank\"><img alt=\"Bilde av NTB\" class=\"_image_ntbth_93\" fetchpriority=\"low\" loading=\"lazy\" decoding=\"async\" itemprop=\"image\"  src=\"https:\/\/www.europesays.com\/no\/wp-content\/uploads\/2025\/12\/1765361228_926_c33980b0-5d07-4027-84a1-813f90a7c8d6\"  width=\"480\"\/><\/a><\/li>\n<\/ul>\n<p> Oppdatert onsdag 10. desember kl. 10:32     <\/p>\n<p class=\"_paragraph_o9xde_4 _paragraph_xtcu6_10 layout-component text-serif-m layout-normal text-serif-m layout-padded\"> Det er <a href=\"https:\/\/www.svt.se\/sport\/vintersport\/sa-jobbar-fis-for-att-kontrollera-ryssars-neutralitet\" class=\"_link_o9xde_39\" rel=\"nofollow noopener\" target=\"_blank\">i et intervju med svenske SVT <\/a> at <a href=\"https:\/\/www.vg.no\/tag\/fis?utm_source=vg-article&amp;utm_medium=auto-tagger&amp;utm_campaign=OknmjA\" class=\"_link_o9xde_39\" rel=\"nofollow noopener\" target=\"_blank\">FIS<\/a>-toppen Sandra Spitz svarer f\u00f8lgende p\u00e5 hvor mange russiske og belarusiske ut\u00f8vere som vil f\u00e5 n\u00f8ytral status til rennene i Sveits om f\u00e5 dager:<\/p>\n<p class=\"_paragraph_o9xde_4 _paragraph_xtcu6_10 layout-component text-serif-m layout-normal text-serif-m layout-padded\">\u2013 Et par stykker.<\/p>\n<p class=\"_paragraph_o9xde_4 _paragraph_xtcu6_10 layout-component text-serif-m layout-normal text-serif-m layout-padded\">Dermed gir hun en indikasjon p\u00e5 svaret p\u00e5 det store sp\u00f8rsm\u00e5let i langrennsmilj\u00f8et de kommende dagene.<\/p>\n<p class=\"_paragraph_o9xde_4 _paragraph_xtcu6_10 layout-component text-serif-m layout-normal text-serif-m layout-padded\">I forrige uke kom beskjeden om at FIS n\u00e5 skal \u00e5pne d\u00f8ren for l\u00f8pere fra Russland og Belarus. Beslutningen kom som et resultat av at Idrettens voldgiftsrett (CAS) tok en anke fra de to aktuelle nasjonene til f\u00f8lge.<\/p>\n<p class=\"_paragraph_o9xde_4 _paragraph_xtcu6_10 layout-component text-serif-m layout-normal text-serif-m layout-padded\">Ut\u00f8vere som mener de er aktuelle for \u00e5 bli tildelt status som n\u00f8ytrale, er bedt om \u00e5 sende inn en s\u00f8knad til skitoppene. N\u00e5r de f\u00e5r svar, gir Spitz ogs\u00e5 en indikasjon p\u00e5.<\/p>\n<p class=\"_paragraph_o9xde_4 _paragraph_xtcu6_10 layout-component text-serif-m layout-normal text-serif-m layout-padded\"> \u2013 Vi h\u00e5per vi kan gj\u00f8re det innen et par dager. Jeg kan ikke love det, men det kan skje, sier hun til SVT.<\/p>\n<p>   P\u00e5 hemmelig sted<\/p>\n<p class=\"_paragraph_o9xde_4 _paragraph_xtcu6_10 layout-component text-serif-m layout-normal text-serif-m layout-padded\">Russere som \u00f8nsker \u00e5 delta i FIS-konkurranser i tiden som kommer m\u00e5 oppfylle flere n\u00f8ytralitetskriterier. De kan blant annet ikke ha noen frivillig forbindelse med det russiske eller belarusiske milit\u00e6ret eller med noen annen nasjonal sikkerhetsorganisasjon.<\/p>\n<p class=\"_paragraph_o9xde_4 _paragraph_xtcu6_10 layout-component text-serif-m layout-normal text-serif-m layout-padded\">I Russland anses det som sannsynlig at langrennsl\u00f8peren Savelij Korostelev vil oppfylle vilk\u00e5rene. Han har allerede reist til Europa for \u00e5 ha kort vei til Davos dersom det gr\u00f8nne lyset skulle komme.<\/p>\n<p class=\"_paragraph_o9xde_4 _paragraph_xtcu6_10 layout-component text-serif-m layout-normal text-serif-m layout-padded\"> \u2013 Savelij er i Europa. Hvor han til slutt bestemte seg for \u00e5 oppholde seg \u2013 i Davos eller et annet sted \u2013 er fortsatt en hemmelighet. Vi \u00f8nsker ikke \u00e5 komme med noen un\u00f8dvendige kunngj\u00f8ringer; ut\u00f8veren b\u00f8r rolig forberede seg til de kommende konkurransene, sier trener Jegor Sorin til <a href=\"https:\/\/matchtv.ru\/skiing\/matchtvnews_NI2276545_Lyzhnik_Korostelev_pribyl_v_Jevropu_gde_budet_ozhidat_reshenije_po_dopusku_ot_FIS_soobshhil_trener\" class=\"_link_o9xde_39\" rel=\"nofollow noopener\" target=\"_blank\">Match TV<\/a>.<\/p>\n<p class=\"_paragraph_o9xde_4 _paragraph_xtcu6_10 layout-component text-serif-m layout-normal text-serif-m layout-padded\">Davos-rennene kommende helg innledes med lagsprint. Der kan russerne uansett ikke delta. Dermed er l\u00f8rdagens sprint i fri teknikk f\u00f8rste mulighet.<\/p>\n<p>   Slik er prosessen<\/p>\n<p class=\"_paragraph_o9xde_4 _paragraph_xtcu6_10 layout-component text-serif-m layout-normal text-serif-m layout-padded\">FIS har nedsatt et panel som skal vurdere s\u00f8knadene som kommer og om de respektive ut\u00f8verne kvalifiserer til \u00e5 bli godkjent som n\u00f8ytrale.<\/p>\n<p class=\"_paragraph_o9xde_4 _paragraph_xtcu6_10 layout-component text-serif-m layout-normal text-serif-m layout-padded\">I intervjuet med SVT avsl\u00f8rer sportssjef Spitz flere detaljer rundt prosessen som n\u00e5 er i full gang for \u00e5 se p\u00e5 om russiske ut\u00f8vere har koblinger til forsvaret i landet. <\/p>\n<p class=\"_paragraph_o9xde_4 _paragraph_xtcu6_10 layout-component text-serif-m layout-normal text-serif-m layout-padded\">\u2014 Vi m\u00e5 understreke at vi utelukkende snakker om frivillige b\u00e5nd til det milit\u00e6re \u2013 det vil si at ut\u00f8verne tjener penger p\u00e5 dette. Dette er fundamentalt viktig. Mange land har obligatorisk milit\u00e6rtjeneste som ikke kan unng\u00e5s. Slik tjeneste er ikke tatt med i v\u00e5r vurdering, sier Spitz.<\/p>\n<p class=\"_paragraph_o9xde_4 _paragraph_xtcu6_10 layout-component text-serif-m layout-normal text-serif-m layout-padded\">\u2013 Det m\u00e5 ogs\u00e5 v\u00e6re helt klart at vi ikke ser p\u00e5 informasjon fra 2014, men kun fra perioden som har g\u00e5tt siden krigen startet, legger hun til.<\/p>\n<p class=\"_paragraph_o9xde_4 _paragraph_xtcu6_10 layout-component text-serif-m layout-normal text-serif-m layout-padded\">Hver ut\u00f8ver er gjenstand for en bakgrunnssjekk utf\u00f8rt av en tredjepart. If\u00f8lge Spitz vurderes det her ogs\u00e5 om innhold lagt ut p\u00e5 sosiale medier kan v\u00e6re i strid med n\u00f8ytralitetsprinsippene.<\/p>\n<p class=\"_paragraph_o9xde_4 _paragraph_xtcu6_10 layout-component text-serif-m layout-normal text-serif-m layout-padded\">Det forventes ikke at store russiske stjerner Aleksandr Bolsjunov f\u00e5r klarsignal til \u00e5 delta.<\/p>\n<p class=\"_paragraph_o9xde_4 _paragraph_xtcu6_10 layout-component text-serif-m layout-normal text-serif-m layout-padded\">Davos-helgen avsluttes med en 10-kilometer i fri teknikk s\u00f8ndag.<\/p>\n","protected":false},"excerpt":{"rendered":"Sportssjefen i Det internasjonale skiforbundet antyder at \u00abet par\u00bb ut\u00f8vere fra Russland og Belarus vil kunne delta som&hellip;\n","protected":false},"author":2,"featured_media":109201,"comment_status":"","ping_status":"","sticky":false,"template":"","format":"standard","meta":{"footnotes":""},"categories":[59],"tags":[772,30,28,29,188,3650,83,82],"class_list":{"0":"post-109200","1":"post","2":"type-post","3":"status-publish","4":"format-standard","5":"has-post-thumbnail","7":"category-sport","8":"tag-fis","9":"tag-no","10":"tag-norge","11":"tag-norway","12":"tag-russland","13":"tag-ski","14":"tag-sport","15":"tag-sports"},"share_on_mastodon":{"url":"https:\/\/pubeurope.com\/@no\/115694721191561713","error":""},"_links":{"self":[{"href":"https:\/\/www.europesays.com\/no\/wp-json\/wp\/v2\/posts\/109200","targetHints":{"allow":["GET"]}}],"collection":[{"href":"https:\/\/www.europesays.com\/no\/wp-json\/wp\/v2\/posts"}],"about":[{"href":"https:\/\/www.europesays.com\/no\/wp-json\/wp\/v2\/types\/post"}],"author":[{"embeddable":true,"href":"https:\/\/www.europesays.com\/no\/wp-json\/wp\/v2\/users\/2"}],"replies":[{"embeddable":true,"href":"https:\/\/www.europesays.com\/no\/wp-json\/wp\/v2\/comments?post=109200"}],"version-history":[{"count":0,"href":"https:\/\/www.europesays.com\/no\/wp-json\/wp\/v2\/posts\/109200\/revisions"}],"wp:featuredmedia":[{"embeddable":true,"href":"https:\/\/www.europesays.com\/no\/wp-json\/wp\/v2\/media\/109201"}],"wp:attachment":[{"href":"https:\/\/www.europesays.com\/no\/wp-json\/wp\/v2\/media?parent=109200"}],"wp:term":[{"taxonomy":"category","embeddable":true,"href":"https:\/\/www.europesays.com\/no\/wp-json\/wp\/v2\/categories?post=109200"},{"taxonomy":"post_tag","embeddable":true,"href":"https:\/\/www.europesays.com\/no\/wp-json\/wp\/v2\/tags?post=109200"}],"curies":[{"name":"wp","href":"https:\/\/api.w.org\/{rel}","templated":true}]}}