{"id":109219,"date":"2025-12-10T10:29:32","date_gmt":"2025-12-10T10:29:32","guid":{"rendered":"https:\/\/www.europesays.com\/no\/109219\/"},"modified":"2025-12-10T10:29:32","modified_gmt":"2025-12-10T10:29:32","slug":"argentina-mottar-sine-forste-f-16-jagerfly-fra-danmark","status":"publish","type":"post","link":"https:\/\/www.europesays.com\/no\/109219\/","title":{"rendered":"Argentina mottar sine f\u00f8rste F-16 jagerfly fra Danmark"},"content":{"rendered":"<p class=\"kicker t15 font-weight-bold m-font-weight-bold color_mobile_no_bg_color quaternary color_mobile_quaternary font-Trim text-case-transform-upper mobile-hasTextPadding\" style=\"\">Nyheter<\/p>\n<p>    Argentina kj\u00f8per brukte jagerfly av Danmark. I helgen ble de seks f\u00f8rste F-16-flyene levert.<\/p>\n<p>\n        TEST: Argentinas president Javier Milei, s\u00f8steren hans og sjefen for presidentens generelle sekretariat stabssjefen hans Karina Milei og forsvarsminister Luis Petri om bord i et av landets nye F-16-fly.<br \/>\n        Foto: Nicolas Aguilera, AFP, NTB\n    <\/p>\n<p>L\u00f8rdag mottok Argentina de seks f\u00f8rste av 24 F-16 jagerfly landet kj\u00f8per fra Danmark. B\u00e5de Danmarks forsvarsminister Troels Lund Poulsen, Argentinas president\u00a0Javier Milei og Argentinas forsvarsminister\u00a0Luis Petri deltok p\u00e5 en overleveringsseremoni i Rio Cuarto l\u00f8rdag.<\/p>\n<p>\u2013 Det gleder meg at vi kan overf\u00f8re v\u00e5re F-16 kampfly til Argentina. Kampflyene har v\u00e6rt en solid del av det danske luftforsvaret, b\u00e5de nasjonalt og internasjonalt. Jeg h\u00e5per at de kommer til \u00e5 tjene Argentina like godt som de har tjent Danmark, <a href=\"https:\/\/www.fmn.dk\/da\/nyheder\/2025\/forsvarsminister-troels-lund-poulsen-overdrager-de-forste--f-16-kampfly-til-argentina\/\" rel=\"nofollow noopener\" target=\"_blank\">sier Poulsen i en pressemelding fra det danske forsvarsdepartementet<\/a>.<\/p>\n<p>If\u00f8lge pressemeldingen skal Argentina f\u00e5 seks F-16-fly i \u00e5ret fram til 2028. De siste danske F-16-flyene tas ut av operativ drift i Danmark i 2026.<\/p>\n<p>If\u00f8lge <a href=\"https:\/\/theaviationist.com\/2025\/12\/06\/argentina-receives-its-first-six-f-16s\/\" rel=\"nofollow noopener\" target=\"_blank\">The Aviationist<\/a> tok de seks F-16-flyene av fra\u00a0Skrydstrup i forrige uke. P\u00e5 vei mot Argentina mellomlandet de i Zaragoza og Gran Canaria i Spania og Natal luftbase i Brasil.<\/p>\n<p>Fire av de seks flyene er tosetere, som kan brukes til oppl\u00e6ring av piloter.<\/p>\n<p>                <img decoding=\"async\" src=\"https:\/\/www.europesays.com\/no\/wp-content\/uploads\/2025\/12\/471785.webp\" width=\"480\" height=\"274\" title=\"FORMASJON: DE seks F-16-flyene i formasjon under overleveringsseremonien i Argentina.\" alt=\"\" loading=\"lazy\" style=\"\"\/><\/p>\n<p>\n            FORMASJON: DE seks F-16-flyene i formasjon under overleveringsseremonien i Argentina.<br \/>\n            Foto: Rodrigo Abd, AP, NTB\n        <\/p>\n<p>Salg av fly er ikke den eneste m\u00e5ten Danmark knytter tettere b\u00e5nd til den s\u00f8ramerikanske nasjonen.<\/p>\n<p>\u00abOg for \u00e5 underbygge samarbeidet med Argentina ytterligere, har Danmark besluttet \u00e5 gjen\u00e5pne den danske ambassaden i Argentina\u00bb, st\u00e5r det i pressemeldingen fra det danske forsvarsdepartementet.<\/p>\n<p>\u2013 Danmark og Argentina har ikke bare hatt et sterkt partnerskap og samarbeid i mer enn 100 \u00e5r, vi har ogs\u00e5 et sterkt vennskap, sier Poulsen i pressemeldingen.\u00a0<\/p>\n<p>                <img decoding=\"async\" src=\"https:\/\/www.europesays.com\/no\/wp-content\/uploads\/2025\/12\/471656.webp\" width=\"480\" height=\"322\" title=\"SIGNERING: Danmarks forsvarsminister Troels Lund Poulsen p\u00e5 Skrydstrup Luftbase under signeringen av salgskontrakten 16. april 2024.\" alt=\"\" loading=\"lazy\" style=\"\"\/><\/p>\n<p>\n            SIGNERING: Danmarks forsvarsminister Troels Lund Poulsen p\u00e5 Skrydstrup Luftbase under signeringen av salgskontrakten 16. april 2024.<br \/>\n            Foto: Bo Amstrup, Ritzau Scanpix, AFP, NTB\n        <\/p>\n","protected":false},"excerpt":{"rendered":"Nyheter Argentina kj\u00f8per brukte jagerfly av Danmark. I helgen ble de seks f\u00f8rste F-16-flyene levert. TEST: Argentinas president&hellip;\n","protected":false},"author":2,"featured_media":109220,"comment_status":"","ping_status":"","sticky":false,"template":"","format":"standard","meta":{"footnotes":""},"categories":[12],"tags":[20,21,24,25,15,22,23,13,30,28,29,14,16,26,27,42,43,44,45],"class_list":{"0":"post-109219","1":"post","2":"type-post","3":"status-publish","4":"format-standard","5":"has-post-thumbnail","7":"category-verden","8":"tag-breaking-news","9":"tag-breakingnews","10":"tag-featured-news","11":"tag-featurednews","12":"tag-headlines","13":"tag-latest-news","14":"tag-latestnews","15":"tag-news","16":"tag-no","17":"tag-norge","18":"tag-norway","19":"tag-nyheter","20":"tag-overskrifter","21":"tag-top-stories","22":"tag-topstories","23":"tag-verden","24":"tag-world","25":"tag-world-news","26":"tag-worldnews"},"share_on_mastodon":{"url":"https:\/\/pubeurope.com\/@no\/115694807804241058","error":""},"_links":{"self":[{"href":"https:\/\/www.europesays.com\/no\/wp-json\/wp\/v2\/posts\/109219","targetHints":{"allow":["GET"]}}],"collection":[{"href":"https:\/\/www.europesays.com\/no\/wp-json\/wp\/v2\/posts"}],"about":[{"href":"https:\/\/www.europesays.com\/no\/wp-json\/wp\/v2\/types\/post"}],"author":[{"embeddable":true,"href":"https:\/\/www.europesays.com\/no\/wp-json\/wp\/v2\/users\/2"}],"replies":[{"embeddable":true,"href":"https:\/\/www.europesays.com\/no\/wp-json\/wp\/v2\/comments?post=109219"}],"version-history":[{"count":0,"href":"https:\/\/www.europesays.com\/no\/wp-json\/wp\/v2\/posts\/109219\/revisions"}],"wp:featuredmedia":[{"embeddable":true,"href":"https:\/\/www.europesays.com\/no\/wp-json\/wp\/v2\/media\/109220"}],"wp:attachment":[{"href":"https:\/\/www.europesays.com\/no\/wp-json\/wp\/v2\/media?parent=109219"}],"wp:term":[{"taxonomy":"category","embeddable":true,"href":"https:\/\/www.europesays.com\/no\/wp-json\/wp\/v2\/categories?post=109219"},{"taxonomy":"post_tag","embeddable":true,"href":"https:\/\/www.europesays.com\/no\/wp-json\/wp\/v2\/tags?post=109219"}],"curies":[{"name":"wp","href":"https:\/\/api.w.org\/{rel}","templated":true}]}}